{"id":86627,"date":"2016-11-14T16:49:42","date_gmt":"2016-11-14T15:49:42","guid":{"rendered":"http:\/\/gazdasagportal.hu\/?p=86627"},"modified":"2016-11-14T16:49:42","modified_gmt":"2016-11-14T15:49:42","slug":"az-mnb-alapitvanyok-racionalizaljak-mukodesuket-csokkentik-a-letszamot","status":"publish","type":"post","link":"https:\/\/gazdasagportal.hu\/index.php\/az-mnb-alapitvanyok-racionalizaljak-mukodesuket-csokkentik-a-letszamot\/","title":{"rendered":"Az MNB-alap\u00edtv\u00e1nyok racionaliz\u00e1lj\u00e1k m\u0171k\u00f6d\u00e9s\u00fcket, cs\u00f6kkentik a l\u00e9tsz\u00e1mot"},"content":{"rendered":"<p><strong>A p\u00e1rhuzamoss\u00e1gok megsz\u00fcntet\u00e9s\u00e9vel racionaliz\u00e1lj\u00e1k m\u0171k\u00f6d\u00e9s\u00fcket a Pallas Ath\u00e9n\u00e9 Alap\u00edtv\u00e1nyok, a tulajdonukban \u00e1ll\u00f3 gazdas\u00e1gi t\u00e1rsas\u00e1gokn\u00e1l pedig fel\u00fcgyel\u0151bizotts\u00e1gok, igazgat\u00f3s\u00e1gok sz\u0171nnek meg vagy cs\u00f6kken l\u00e9tsz\u00e1muk, \u00e9s ahol lehets\u00e9ges, a tiszts\u00e9geket bels\u0151 munkav\u00e1llal\u00f3k t\u00f6ltik be, k\u00fcl\u00f6n d\u00edjaz\u00e1s n\u00e9lk\u00fcl. Az int\u00e9zked\u00e9sekt\u0151l \u00e9ves szinten f\u00e9lmilli\u00e1rdos megtakar\u00edt\u00e1st v\u00e1rnak &#8211; mondta Fekete Zolt\u00e1n, az alap\u00edtv\u00e1nyok vagyon\u00e1t kezel\u0151 Optima Befektet\u00e9si Zrt. vez\u00e9rigazgat\u00f3ja az MTI-nek.<\/strong><!--more--><\/p>\n<div class=\"ads-in-post1\"><div id=\"gazdasagportal.hu_fullbanner_wideboard\"><\/div>\r\n<\/div>\n<p>    Hozz\u00e1tette, \u00f6sszevont munkaszervezetek j\u00f6nnek l\u00e9tre a p\u00e1ly\u00e1zatok ki\u00edr\u00e1s\u00e1val \u00e9s v\u00e9grehajt\u00e1s\u00e1val kapcsolatos feladatok kezel\u00e9se, a p\u00e9nz\u00fcgy, k\u00f6nyvel\u00e9s, k\u00f6nyvvizsg\u00e1lat \u00e9s az ingatlankezel\u00e9s ter\u00fclet\u00e9n.<br \/>\n    Felid\u00e9zte, hogy a jegybank \u00e1ltal l\u00e9trehozott Pallas Ath\u00e9n\u00e9 Alap\u00edtv\u00e1nyok feladata 270 milli\u00e1rd forintnyi vagyon felel\u0151s kezel\u00e9se, befektet\u00e9se, a hossz\u00fa t\u00e1v\u00fa fenntarthat\u00f3 m\u0171k\u00f6d\u00e9s \u00e9rdek\u00e9ben. A hat alap\u00edtv\u00e1ny napi szervezeti m\u0171k\u00f6d\u00e9se sor\u00e1n p\u00e1rhuzamoss\u00e1gok alakultak ki, amelyek megsz\u00fcntet\u00e9s\u00e9vel hat\u00e9konyabb m\u0171k\u00f6d\u00e9st tudnak el\u00e9rni &#8211; mutatott r\u00e1 Fekete Zolt\u00e1n.<br \/>\n    Az Optima Befektet\u00e9si Zrt. h\u00e9tf\u0151s igazgat\u00f3s\u00e1g\u00e1nak l\u00e9tsz\u00e1ma h\u00e1romra cs\u00f6kken, a munkav\u00e1llal\u00f3k ez\u00e9rt a munk\u00e1\u00e9rt k\u00fcl\u00f6n d\u00edjat nem kapnak.<br \/>\n    Az alap\u00edtv\u00e1nyok, szigor\u00fa sz\u00e1mvev\u0151sz\u00e9ki m\u00f3dszertant alkalmazva, bevezett\u00e9k a bels\u0151 ellen\u0151rz\u00e9si rendszert is, aminek k\u00f6sz\u00f6nhet\u0151en a gazdas\u00e1gi t\u00e1rsas\u00e1gokn\u00e1l megsz\u0171nnek a fel\u00fcgyel\u0151bizotts\u00e1gok. Okt\u00f3bert\u0151l az alap\u00edtv\u00e1nyok \u00e9s valamennyi alap\u00edtv\u00e1nyi t\u00e1rsas\u00e1g audit\u00e1l\u00e1s\u00e1t a BDO Magyarorsz\u00e1g k\u00f6nyvvizsg\u00e1l\u00f3 c\u00e9g vette \u00e1t. Egy\u00fattal azok a tiszts\u00e9gvisel\u0151k, akik egyben a Magyar Nemzeti Bank munkav\u00e1llal\u00f3i is, lemondanak d\u00edjaz\u00e1sukr\u00f3l &#8211; tette hozz\u00e1.<br \/>\n    Fekete Zolt\u00e1n felid\u00e9zte, hogy a Pallas Ath\u00e9n\u00e9 Alap\u00edtv\u00e1nyok l\u00e9trehoz\u00e1suk \u00f3ta eltelt k\u00f6zel k\u00e9t \u00e9vben 1,31 milli\u00e1rd forinttal gyarap\u00edtott\u00e1k vagyonukat, mik\u00f6zben mintegy 3,6 milli\u00e1rd forinttal t\u00f6bb mint 800 oktat\u00e1si, kutat\u00e1si, tudom\u00e1nyos p\u00e1ly\u00e1zatot t\u00e1mogattak. Ezen t\u00fal k\u00fcl\u00f6nb\u00f6z\u0151 profil\u00fa \u00e9s volumen\u0171 oktat\u00e1si projektet t\u00e1mogattak \u00e9s ind\u00edtottak el.<br \/>\n    Al\u00e1h\u00fazta: az alap\u00edtv\u00e1nyok feladata az \u00e9rt\u00e9kteremt\u00e9s, ez igaz az oktat\u00e1s, kutat\u00e1s, innovat\u00edv v\u00e1llalkoz\u00e1sok t\u00e1mogat\u00e1s\u00e1ra, valamint a t\u00f6rt\u00e9nelmi \u00e9p\u00fcletek fel\u00faj\u00edt\u00e1s\u00e1ra is.<br \/>\n    A sikeres projektek k\u00f6z\u00f6tt eml\u00edtette a Geopolitikai Doktori Programot, az orsz\u00e1g egyik legnagyobb szab\u00e1s\u00fa doktori programj\u00e1ban neves k\u00fclf\u00f6ldi el\u0151ad\u00f3k kurzusai mellett, k\u00f6zel 100 di\u00e1k szerezhet PhD fokozatot. A vez\u00e9rigazgat\u00f3 eml\u00e9keztetett a PhD \u00f6szt\u00f6nd\u00edjkieg\u00e9sz\u00edt\u0151 programra, amely m\u00f3dszertani makro-p\u00e9nz\u00fcgyi oktat\u00e1s, az \u00f6szt\u00f6nd\u00edjprogramban eddig \u00f6sszesen 12 hazai egyetem 18 doktori iskol\u00e1j\u00e1nak 57 hallgat\u00f3ja vett r\u00e9szt.<br \/>\n    Fontos volt a Geopolitikai Kutat\u00f3int\u00e9zet magalap\u00edt\u00e1sa, amely 2015 tavasz\u00e1n j\u00f6tt l\u00e9tre azzal a c\u00e9llal, hogy megteremtse Magyarorsz\u00e1gon a geopolitika, mint tudom\u00e1nyter\u00fclet kutat\u00e1si alapjait. Ennek f\u00f3kusz\u00e1ba az \u00e1zsiai r\u00e9gi\u00f3 ker\u00fclt, \u00e9s ezzel p\u00e1rhuzamosan 2016-ben megjelent a Hungarian Geopolitics h\u00e1rom sz\u00e1ma is.<br \/>\n        Az alap\u00edtv\u00e1nyok  \u00e9let\u00e9ben kiemelt szerepet kap az egyetemek t\u00e1mogat\u00e1sa, az alap\u00edtv\u00e1nyok m\u0171k\u00f6d\u00e9s\u00fck kezdete \u00f3ta t\u00f6bb mint 40 esetben, \u00e9s \u00f6sszesen t\u00f6bb mint egymilli\u00e1rd forint \u00e9rt\u00e9kben t\u00e1mogattak fels\u0151oktat\u00e1si int\u00e9zm\u00e9nyeket. Ezek k\u00f6z\u00f6tt 12 \u00e1llami egyetem, illetve f\u0151iskola (BCE, BME, Debreceni, PAE, Kaposv\u00e1ri, Miskolci, NKE, \u00d3budai, Nyugat-Magyarorsz\u00e1gi, P\u00e9csi, Sz\u00e9chenyi) jutott anyagi t\u00e1mogat\u00e1shoz, egy egyh\u00e1zi egyetem (a K\u00e1roli), egy  mag\u00e1nint\u00e9zm\u00e9ny (a CEU) \u00e9s 6 hat\u00e1ron t\u00fali egyetem, illetve f\u0151iskola ( a K\u00e1rp\u00e1taljai, Partiumi, Sapientia, Selye J\u00e1nos, \u00dajvid\u00e9ki, Ungv\u00e1ri) is kapott t\u00e1mogat\u00e1st.<br \/>\n        Emellett fontos volt a Kecskem\u00e9ti Egyetem Gazdas\u00e1gtudom\u00e1nyi Kar\u00e1nak fejleszt\u00e9se, t\u00e1mogat\u00e1sa, \u00faj Campus beruh\u00e1z\u00e1s megval\u00f3s\u00edt\u00e1sa, valamint az Innov\u00e1ci\u00f3s \u00e9s Kutat\u00f3k\u00f6zpont l\u00e9trehoz\u00e1s\u00e1hoz val\u00f3 hozz\u00e1j\u00e1rul\u00e1s. A du\u00e1lis oktat\u00e1s jegy\u00e9ben olyan nagyv\u00e1llalatokkal k\u00f6z\u00f6sen fejlesztik az egyetemet, mint a Mercedes vagy a ThyssenKrupp.<br \/>\n        Az alap\u00edtv\u00e1nyok el\u0151nyben r\u00e9szes\u00edtettek olyan \u00e9rt\u00e9kteremt\u0151 beruh\u00e1z\u00e1sokat, mint az \u00d3v\u00e1rosh\u00e1za, vagy az Ybl Villa, \u00e9s az Ybl V\u00edzh\u00e1z rekonstrukci\u00f3ja, melyek \u00e1tad\u00e1sa 2017 folyam\u00e1n v\u00e1rhat\u00f3 &#8211; mondta v\u00e9g\u00fcl az Optima Befektet\u00e9si Zrt. vez\u00e9rigazgat\u00f3ja.(MTI)<\/p>\n","protected":false},"excerpt":{"rendered":"<p>A p\u00e1rhuzamoss\u00e1gok megsz\u00fcntet\u00e9s\u00e9vel racionaliz\u00e1lj\u00e1k m\u0171k\u00f6d\u00e9s\u00fcket a Pallas Ath\u00e9n\u00e9 Alap\u00edtv\u00e1nyok, a tulajdonukban \u00e1ll\u00f3 gazdas\u00e1gi t\u00e1rsas\u00e1gokn\u00e1l pedig fel\u00fcgyel\u0151bizotts\u00e1gok, igazgat\u00f3s\u00e1gok sz\u0171nnek meg vagy cs\u00f6kken l\u00e9tsz\u00e1muk, \u00e9s ahol lehets\u00e9ges, a tiszts\u00e9geket bels\u0151 munkav\u00e1llal\u00f3k t\u00f6ltik be, k\u00fcl\u00f6n d\u00edjaz\u00e1s n\u00e9lk\u00fcl. Az int\u00e9zked\u00e9sekt\u0151l \u00e9ves szinten f\u00e9lmilli\u00e1rdos megtakar\u00edt\u00e1st v\u00e1rnak &#8211; mondta Fekete Zolt\u00e1n, az alap\u00edtv\u00e1nyok vagyon\u00e1t kezel\u0151 Optima Befektet\u00e9si Zrt. vez\u00e9rigazgat\u00f3ja az MTI-nek.<\/p>\n","protected":false},"author":1,"featured_media":0,"comment_status":"open","ping_status":"closed","sticky":false,"template":"","format":"standard","meta":[],"categories":[19],"tags":[],"_links":{"self":[{"href":"https:\/\/gazdasagportal.hu\/index.php\/wp-json\/wp\/v2\/posts\/86627"}],"collection":[{"href":"https:\/\/gazdasagportal.hu\/index.php\/wp-json\/wp\/v2\/posts"}],"about":[{"href":"https:\/\/gazdasagportal.hu\/index.php\/wp-json\/wp\/v2\/types\/post"}],"author":[{"embeddable":true,"href":"https:\/\/gazdasagportal.hu\/index.php\/wp-json\/wp\/v2\/users\/1"}],"replies":[{"embeddable":true,"href":"https:\/\/gazdasagportal.hu\/index.php\/wp-json\/wp\/v2\/comments?post=86627"}],"version-history":[{"count":1,"href":"https:\/\/gazdasagportal.hu\/index.php\/wp-json\/wp\/v2\/posts\/86627\/revisions"}],"predecessor-version":[{"id":86628,"href":"https:\/\/gazdasagportal.hu\/index.php\/wp-json\/wp\/v2\/posts\/86627\/revisions\/86628"}],"wp:attachment":[{"href":"https:\/\/gazdasagportal.hu\/index.php\/wp-json\/wp\/v2\/media?parent=86627"}],"wp:term":[{"taxonomy":"category","embeddable":true,"href":"https:\/\/gazdasagportal.hu\/index.php\/wp-json\/wp\/v2\/categories?post=86627"},{"taxonomy":"post_tag","embeddable":true,"href":"https:\/\/gazdasagportal.hu\/index.php\/wp-json\/wp\/v2\/tags?post=86627"}],"curies":[{"name":"wp","href":"https:\/\/api.w.org\/{rel}","templated":true}]}}