{"id":86615,"date":"2016-11-14T11:11:14","date_gmt":"2016-11-14T10:11:14","guid":{"rendered":"http:\/\/gazdasagportal.hu\/?p=86615"},"modified":"2016-11-14T11:11:14","modified_gmt":"2016-11-14T10:11:14","slug":"nogradi-gyorgy-torokorszag-erosnek-mutatja-magat-pedig-gyenge","status":"publish","type":"post","link":"https:\/\/gazdasagportal.hu\/index.php\/nogradi-gyorgy-torokorszag-erosnek-mutatja-magat-pedig-gyenge\/","title":{"rendered":"N\u00f3gr\u00e1di Gy\u00f6rgy: T\u00f6r\u00f6korsz\u00e1g er\u0151snek mutatja mag\u00e1t, pedig gyenge"},"content":{"rendered":"<p><strong>N\u00f3gr\u00e1di Gy\u00f6rgy biztons\u00e1gpolitikai szak\u00e9rt\u0151 szerint T\u00f6r\u00f6korsz\u00e1g &#8222;megpr\u00f3b\u00e1l olyan er\u0151snek mutatkozni, mint amilyen gyenge&#8221;.<\/strong><!--more--><\/p>\n<div class=\"ads-in-post1\"><div id=\"gazdasagportal.hu_fullbanner_wideboard\"><\/div>\r\n<\/div>\n<p>    N\u00f3gr\u00e1di Gy\u00f6rgy az M1 aktu\u00e1lis csatorna h\u00e9tf\u0151i m\u0171sor\u00e1ban azt mondta, nem eml\u00edthet\u0151 egy lapon T\u00f6r\u00f6korsz\u00e1g \u00e9s az Eur\u00f3pai Uni\u00f3 (EU) gazdas\u00e1gi, politikai \u00e9s katonai ereje, a t\u00f6r\u00f6k\u00f6k kiz\u00e1r\u00f3lag az\u00e9rt tudj\u00e1k zsarolni az uni\u00f3t, mert annak vezet\u0151i hagyj\u00e1k magukat.<br \/>\n    A szak\u00e9rt\u0151 szerint az EU b\u00e1rmikor megtehetn\u00e9, hogy szigor\u00faan lez\u00e1rja a hat\u00e1rt \u00e9s kijelenti, t\u00f6bb\u00e9 semmilyen kedvezm\u00e9nyt nem ad T\u00f6r\u00f6korsz\u00e1gnak, csak ezt nem merik megl\u00e9pni az eur\u00f3pai politikusok.(MTI)<\/p>\n<p>geg \\ bpt<\/p><div id=\"gazda-4126551592\" class=\"gazda-tartalomban gazda-entity-placement\"><script async src=\"https:\/\/pagead2.googlesyndication.com\/pagead\/js\/adsbygoogle.js\"><\/script>\r\n<ins class=\"adsbygoogle\"\r\n     style=\"display:block\"\r\n     data-ad-format=\"fluid\"\r\n     data-ad-layout-key=\"-6t+ed+2i-1n-4w\"\r\n     data-ad-client=\"ca-pub-1959107119989764\"\r\n     data-ad-slot=\"4008251320\"><\/ins>\r\n<script>\r\n     (adsbygoogle = window.adsbygoogle || []).push({});\r\n<\/script><\/div>\n","protected":false},"excerpt":{"rendered":"<p>N\u00f3gr\u00e1di Gy\u00f6rgy biztons\u00e1gpolitikai szak\u00e9rt\u0151 szerint T\u00f6r\u00f6korsz\u00e1g &#8222;megpr\u00f3b\u00e1l olyan er\u0151snek mutatkozni, mint amilyen gyenge&#8221;.<\/p>\n","protected":false},"author":1,"featured_media":0,"comment_status":"open","ping_status":"closed","sticky":false,"template":"","format":"standard","meta":[],"categories":[4,246],"tags":[],"_links":{"self":[{"href":"https:\/\/gazdasagportal.hu\/index.php\/wp-json\/wp\/v2\/posts\/86615"}],"collection":[{"href":"https:\/\/gazdasagportal.hu\/index.php\/wp-json\/wp\/v2\/posts"}],"about":[{"href":"https:\/\/gazdasagportal.hu\/index.php\/wp-json\/wp\/v2\/types\/post"}],"author":[{"embeddable":true,"href":"https:\/\/gazdasagportal.hu\/index.php\/wp-json\/wp\/v2\/users\/1"}],"replies":[{"embeddable":true,"href":"https:\/\/gazdasagportal.hu\/index.php\/wp-json\/wp\/v2\/comments?post=86615"}],"version-history":[{"count":1,"href":"https:\/\/gazdasagportal.hu\/index.php\/wp-json\/wp\/v2\/posts\/86615\/revisions"}],"predecessor-version":[{"id":86616,"href":"https:\/\/gazdasagportal.hu\/index.php\/wp-json\/wp\/v2\/posts\/86615\/revisions\/86616"}],"wp:attachment":[{"href":"https:\/\/gazdasagportal.hu\/index.php\/wp-json\/wp\/v2\/media?parent=86615"}],"wp:term":[{"taxonomy":"category","embeddable":true,"href":"https:\/\/gazdasagportal.hu\/index.php\/wp-json\/wp\/v2\/categories?post=86615"},{"taxonomy":"post_tag","embeddable":true,"href":"https:\/\/gazdasagportal.hu\/index.php\/wp-json\/wp\/v2\/tags?post=86615"}],"curies":[{"name":"wp","href":"https:\/\/api.w.org\/{rel}","templated":true}]}}