{"id":86603,"date":"2016-11-14T08:09:14","date_gmt":"2016-11-14T07:09:14","guid":{"rendered":"http:\/\/gazdasagportal.hu\/?p=86603"},"modified":"2016-11-14T07:40:23","modified_gmt":"2016-11-14T06:40:23","slug":"eu-kulugyminiszterek-fenn-kell-tartani-az-eros-partneri-viszonyt-az-egyesult-allamokkal","status":"publish","type":"post","link":"https:\/\/gazdasagportal.hu\/index.php\/eu-kulugyminiszterek-fenn-kell-tartani-az-eros-partneri-viszonyt-az-egyesult-allamokkal\/","title":{"rendered":"EU-k\u00fcl\u00fcgyminiszterek: fenn kell tartani az er\u0151s partneri viszonyt az Egyes\u00fclt \u00c1llamokkal"},"content":{"rendered":"<p><strong>Az eur\u00f3pai uni\u00f3s tagorsz\u00e1gok k\u00fcl\u00fcgyminiszterei egyet\u00e9rtenek abban, hogy Donald Trump amerikai eln\u00f6kv\u00e1laszt\u00e1si gy\u0151zelme ut\u00e1n is fenn kell tartani az er\u0151s partneri viszonyt az Egyes\u00fclt \u00c1llamokkal a k\u00f6z\u00f6s elvek, \u00e9rt\u00e9kek \u00e9s \u00e9rdekek ment\u00e9n &#8211; jelentette ki Federica Mogherini, az EU k\u00fcl- \u00e9s biztons\u00e1gpolitikai f\u0151k\u00e9pvisel\u0151je a t\u00e1rcavezet\u0151k vas\u00e1rnap esti br\u00fcsszeli inform\u00e1lis tan\u00e1cskoz\u00e1s\u00e1t k\u00f6vet\u0151en.<\/strong><!--more--><\/p>\n<div class=\"ads-in-post1\"><div id=\"gazdasagportal.hu_fullbanner_wideboard\"><\/div>\r\n<\/div>\n<p>    Sajt\u00f3t\u00e1j\u00e9koztat\u00f3j\u00e1n Mogherini azt hangoztatta, hogy er\u0151s\u00edteni kell az eur\u00f3pai egys\u00e9get t\u00f6bb kulcsfontoss\u00e1g\u00fa ter\u00fcleten. P\u00e9ldak\u00e9nt egyebek mellett a kl\u00edmav\u00e1ltoz\u00e1s elleni k\u00fczdelmet \u00e9s az ir\u00e1ni nukle\u00e1ris meg\u00e1llapod\u00e1s v\u00e9grehajt\u00e1s\u00e1t eml\u00edtette.<br \/>\n    Elmondta, hogy az \u00faj amerikai k\u00fcl\u00fcgyminisztert hivatalba l\u00e9p\u00e9se ut\u00e1n a lehet\u0151 leghamarabb meg fogj\u00e1k h\u00edvni az uni\u00f3s k\u00fcl\u00fcgyi tan\u00e1cs \u00fcl\u00e9s\u00e9re.<br \/>\n    Paolo Gentiloni olasz k\u00fcl\u00fcgyminiszter azon v\u00e9lem\u00e9ny\u00e9nek adott hangot, hogy az Eur\u00f3pai Uni\u00f3nak nem Donald Trump eln\u00f6kk\u00e9 v\u00e1laszt\u00e1sa miatt kell agg\u00f3dnia, hanem a saj\u00e1t probl\u00e9m\u00e1i megold\u00e1s\u00e1val kellene foglalkoznia, p\u00e9ld\u00e1ul a gazdas\u00e1gi n\u00f6veked\u00e9s er\u0151s\u00edt\u00e9s\u00e9vel, a migr\u00e1ci\u00f3val \u00e9s a biztons\u00e1gi k\u00e9rd\u00e9sekkel. &#8222;Egy er\u0151s Eur\u00f3pa, amely v\u00e1laszt tud adni ezekre a probl\u00e9m\u00e1kra, bizonyosan k\u00e9pes lesz a lehet\u0151 legjobb m\u00f3don egy\u00fcttm\u0171k\u00f6dni az Egyes\u00fclt \u00c1llamokkal&#8221; &#8211; mondta Gentiloni.<br \/>\n    Hangs\u00falyozta, nem tudni sokat arr\u00f3l, hogy milyen lesz a Trump-korm\u00e1nyzat k\u00fclpolitik\u00e1ja, azonban ha &#8222;az elvek felad\u00e1sa&#8221; n\u00e9lk\u00fcl jav\u00edtani k\u00edv\u00e1nj\u00e1k a kapcsolatot Moszkv\u00e1val, az haszn\u00e1ra v\u00e1lik Olaszorsz\u00e1gnak.<br \/>\n    Hozz\u00e1tette, nem sz\u00e1m\u00edtott az amerikai ingatlanmilli\u00e1rdos gy\u0151zelm\u00e9re, jobban szerette volna, ha Hillary Clinton demokrata p\u00e1rti eln\u00f6kjel\u00f6lt nyeri meg a v\u00e1laszt\u00e1st.<br \/>\n    Didier Reynders, a belga diplom\u00e1cia vezet\u0151je arr\u00f3l besz\u00e9lt az \u00fcl\u00e9st k\u00f6vet\u0151en, hogy az amerikai eln\u00f6kv\u00e1laszt\u00e1s eredm\u00e9nye lehet\u0151s\u00e9get jelent Eur\u00f3pa sz\u00e1m\u00e1ra, hogy hat\u00e1rozottabban l\u00e9pjen fel sz\u00e1mos \u00fcgyben, p\u00e9ld\u00e1ul a biztons\u00e1g- \u00e9s v\u00e9delempolitika, a kl\u00edmav\u00e1ltoz\u00e1s elleni harc, illetve a migr\u00e1ci\u00f3 ter\u00e9n.<br \/>\n    Az uni\u00f3s k\u00fcl\u00fcgyminiszterek h\u00e9tf\u0151i tan\u00e1cskoz\u00e1s\u00e1t megel\u0151z\u0151 rendk\u00edv\u00fcli munkavacsor\u00e1t m\u00e9g szerd\u00e1n h\u00edvt\u00e1k \u00f6ssze, mivel a tagorsz\u00e1gok k\u00f6z\u00fcl t\u00f6bben att\u00f3l tartanak, hogy az amerikai eln\u00f6kv\u00e1laszt\u00e1s ut\u00e1n komoly kih\u00edv\u00e1sokkal kell szemben\u00e9zni az Egyes\u00fclt \u00c1llamokkal fenntartott kapcsolatokban.<br \/>\n    A miniszterek h\u00e9tf\u0151n ism\u00e9t tal\u00e1lkoznak Br\u00fcsszelben. Napirendj\u00fck\u00f6n egyebek k\u00f6z\u00f6tt a T\u00f6r\u00f6korsz\u00e1gra vonatkoz\u00f3 uni\u00f3s politika \u00e9s biztons\u00e1gpolitikai k\u00e9rd\u00e9sek szerepelnek.(MTI)<\/p>\n","protected":false},"excerpt":{"rendered":"<p>Az eur\u00f3pai uni\u00f3s tagorsz\u00e1gok k\u00fcl\u00fcgyminiszterei egyet\u00e9rtenek abban, hogy Donald Trump amerikai eln\u00f6kv\u00e1laszt\u00e1si gy\u0151zelme ut\u00e1n is fenn kell tartani az er\u0151s partneri viszonyt az Egyes\u00fclt \u00c1llamokkal a k\u00f6z\u00f6s elvek, \u00e9rt\u00e9kek \u00e9s \u00e9rdekek ment\u00e9n &#8211; jelentette ki Federica Mogherini, az EU k\u00fcl- \u00e9s biztons\u00e1gpolitikai f\u0151k\u00e9pvisel\u0151je a t\u00e1rcavezet\u0151k vas\u00e1rnap esti br\u00fcsszeli inform\u00e1lis tan\u00e1cskoz\u00e1s\u00e1t k\u00f6vet\u0151en.<\/p>\n","protected":false},"author":1,"featured_media":0,"comment_status":"open","ping_status":"closed","sticky":false,"template":"","format":"standard","meta":[],"categories":[13,12],"tags":[],"_links":{"self":[{"href":"https:\/\/gazdasagportal.hu\/index.php\/wp-json\/wp\/v2\/posts\/86603"}],"collection":[{"href":"https:\/\/gazdasagportal.hu\/index.php\/wp-json\/wp\/v2\/posts"}],"about":[{"href":"https:\/\/gazdasagportal.hu\/index.php\/wp-json\/wp\/v2\/types\/post"}],"author":[{"embeddable":true,"href":"https:\/\/gazdasagportal.hu\/index.php\/wp-json\/wp\/v2\/users\/1"}],"replies":[{"embeddable":true,"href":"https:\/\/gazdasagportal.hu\/index.php\/wp-json\/wp\/v2\/comments?post=86603"}],"version-history":[{"count":1,"href":"https:\/\/gazdasagportal.hu\/index.php\/wp-json\/wp\/v2\/posts\/86603\/revisions"}],"predecessor-version":[{"id":86604,"href":"https:\/\/gazdasagportal.hu\/index.php\/wp-json\/wp\/v2\/posts\/86603\/revisions\/86604"}],"wp:attachment":[{"href":"https:\/\/gazdasagportal.hu\/index.php\/wp-json\/wp\/v2\/media?parent=86603"}],"wp:term":[{"taxonomy":"category","embeddable":true,"href":"https:\/\/gazdasagportal.hu\/index.php\/wp-json\/wp\/v2\/categories?post=86603"},{"taxonomy":"post_tag","embeddable":true,"href":"https:\/\/gazdasagportal.hu\/index.php\/wp-json\/wp\/v2\/tags?post=86603"}],"curies":[{"name":"wp","href":"https:\/\/api.w.org\/{rel}","templated":true}]}}