{"id":86601,"date":"2016-11-14T07:35:40","date_gmt":"2016-11-14T06:35:40","guid":{"rendered":"http:\/\/gazdasagportal.hu\/?p=86601"},"modified":"2016-11-14T07:35:40","modified_gmt":"2016-11-14T06:35:40","slug":"donald-trump-nem-kivanja-felvenni-elnoki-fizeteset","status":"publish","type":"post","link":"https:\/\/gazdasagportal.hu\/index.php\/donald-trump-nem-kivanja-felvenni-elnoki-fizeteset\/","title":{"rendered":"Donald Trump nem k\u00edv\u00e1nja felvenni eln\u00f6ki fizet\u00e9s\u00e9t"},"content":{"rendered":"<p><strong>Nem k\u00edv\u00e1nja felvenni eln\u00f6ki fizet\u00e9s\u00e9t Donald Trump. Az Egyes\u00fclt \u00c1llamok megv\u00e1lasztott eln\u00f6ke a CBS telev\u00edzi\u00f3nak adott, r\u00e9szletekben m\u00e1r kor\u00e1bban ismertetett vas\u00e1rnapi interj\u00faj\u00e1ban besz\u00e9lt err\u0151l \u00e9s m\u00e1s k\u00e9rd\u00e9sekr\u0151l.<\/strong><!--more--><\/p>\n<div class=\"ads-in-post1\"><div id=\"gazdasagportal.hu_fullbanner_wideboard\"><\/div>\r\n<\/div>\n<p>    A CBS telev\u00edzi\u00f3 60 perc c\u00edm\u0171, helyi id\u0151 szerint vas\u00e1rnap este sug\u00e1rzott m\u0171sor\u00e1ban Donald Trump, az Egyes\u00fclt \u00c1llamok leend\u0151 eln\u00f6ke azt mondta: nem k\u00e9ri az eln\u00f6ks\u00e9g\u00e9rt j\u00e1r\u00f3 fizet\u00e9st, nem ez\u00e9rt v\u00e1llalta a jel\u00f6lts\u00e9get, \u00e9s nem is tudja, hogy a hivatal mennyi p\u00e9nzzel j\u00e1r. \u00c9vi n\u00e9gysz\u00e1zezer doll\u00e1rral, k\u00f6z\u00f6lte a riporter, mire Trump azzal replik\u00e1zott: mivel musz\u00e1j valamennyi p\u00e9nzt elfogadnia, \u00e9vi egy doll\u00e1rt fel fog venni.<br \/>\n    Az egy\u00f3r\u00e1s interj\u00faban a m\u00e1r ismertt\u00e9 v\u00e1lt r\u00e9szletek mellett &#8211; vagyis a Hillary \u00e9s Bill Clintonnal folytatott telefonbesz\u00e9lget\u00e9s\u00e9n \u00e9s a b\u0171ncselekm\u00e9nyeket elk\u00f6vet\u0151 illeg\u00e1lis bev\u00e1ndorl\u00f3k kitoloncol\u00e1s\u00e1n t\u00fal &#8211; Trump a konkr\u00e9t politikai k\u00e9rd\u00e9sekr\u0151l viszonylag keveset besz\u00e9lt.<br \/>\n    A sz\u00f6vets\u00e9gi legfels\u0151bb b\u00edr\u00f3s\u00e1g \u00faj tagj\u00e1nak jel\u00f6l\u00e9s\u00e9vel kapcsolatban hangs\u00falyozta: \u0151 maga ellenzi az abortuszt, s olyan f\u0151b\u00edr\u00f3t k\u00edv\u00e1n jel\u00f6lni, aki szint\u00e9n az \u00e9letet t\u00e1mogatja, b\u00e1r &#8211; hangs\u00falyozta &#8211; az abortusz k\u00e9rd\u00e9se az egyes sz\u00f6vets\u00e9gi \u00e1llamok hat\u00e1sk\u00f6r\u00e9be tartozik. Hangs\u00falyozta azt is, hogy az \u00e1ltala jel\u00f6lt f\u0151b\u00edr\u00f3 t\u00e1mogatja majd az alkotm\u00e1ny m\u00e1sodik kieg\u00e9sz\u00edt\u00e9s\u00e9ben r\u00f6gz\u00edtett szabad fegyvervisel\u00e9s- \u00e9s v\u00e1s\u00e1rl\u00e1s jog\u00e1t.<br \/>\n    Trump dics\u00e9rte legf\u0151bb v\u00e1laszt\u00e1si ellenfel\u00e9t, Hillary Clintont, akit &#8222;nagyon okos&#8221; \u00e9s &#8222;nagyon er\u0151s&#8221; n\u0151nek nevezett, de amikor a riportern\u0151 arr\u00f3l k\u00e9rdezte, hogy vajon megb\u00e1nt-e valamit abb\u00f3l, amit a kamp\u00e1nyban Clintonr\u00f3l mondott, azt v\u00e1laszolta: &#8222;nincs mit megb\u00e1nnom, r\u00fat kamp\u00e1ny volt, jobban szerettem volna, ha t\u00f6bb sz\u00f3 esik benne a politik\u00e1r\u00f3l&#8221;. Arra a k\u00e9rd\u00e9sre, hogy a kamp\u00e1nyban hangoztatott \u00edg\u00e9ret\u00e9hez h\u00edven megb\u00edz-e majd egy speci\u00e1lis \u00fcgy\u00e9szt Hillary Clinton \u00fcgyeinek kivizsg\u00e1l\u00e1s\u00e1ra, azt fejtegette, hogy m\u00e9g &#8222;megfontolja&#8221;, de egyel\u0151re ink\u00e1bb a munkahelyteremt\u00e9sre, az eg\u00e9szs\u00e9gbiztos\u00edt\u00e1s \u00e1talak\u00edt\u00e1s\u00e1ra \u00e9s a bev\u00e1ndorl\u00e1sra \u00f6sszpontos\u00edtja figyelm\u00e9t. &#8222;Nem akarom b\u00e1ntani \u0151t&#8221; &#8211; mondta Hillary Clintonr\u00f3l, s\u0151t, tette hozz\u00e1, rem\u00e9li, hogy a k\u00f6vetkez\u0151 interj\u00fat ebben a m\u0171sorban vele k\u00f6z\u00f6sen adhatja.<br \/>\n    Ez volt az els\u0151 telev\u00edzi\u00f3s interj\u00fa, amelyet Trump a megv\u00e1laszt\u00e1sa \u00f3ta adott.<br \/>\n    Saj\u00e1t gy\u0151zelm\u00e9t Trump annak tulajdon\u00edtotta, hogy az amerikaiak belef\u00e1radtak a Barack Obama eln\u00f6ks\u00e9ge alatti, nyolc\u00e9vi demokrata korm\u00e1nyz\u00e1sba, abba, hogy nincs el\u00e9g munkahely, \u00e9s abba, hogy 6000 milli\u00e1rd doll\u00e1rt k\u00f6lt\u00f6tt a korm\u00e1nyuk h\u00e1bor\u00fakra a K\u00f6zel-Keleten. Trump a riportern\u0151 k\u00e9rd\u00e9s\u00e9re nem akarta kifejteni, hogy neki \u00e9s leend\u0151 korm\u00e1ny\u00e1nak milyen strat\u00e9gi\u00e1ja lesz p\u00e9ld\u00e1ul az Iszl\u00e1m \u00c1llam nev\u0171 terrorszervezet legy\u0151z\u00e9s\u00e9re. &#8222;Ezt nem a telev\u00edzi\u00f3 nyilv\u00e1noss\u00e1ga el\u0151tt akarom elmondani&#8221; &#8211; sz\u00f6gezte le.<br \/>\n    A megv\u00e1lasztott eln\u00f6k biztos\u00edtotta a New York-i Trump-torony el\u0151tt \u00e9s tucatnyi m\u00e1sik amerikai v\u00e1rosban a megv\u00e1laszt\u00e1sa miatt t\u00fcntet\u0151ket, hogy a f\u00e9lelemre senkinek nincs oka, ezt m\u00e1r t\u00f6bbsz\u00f6r is hangs\u00falyozta, s ha ismern\u00e9k \u0151t, minden aggodalom szertefoszlana.<br \/>\n    Trumphoz az interj\u00fa fel\u00e9n\u00e9l csatlakozott el\u0151sz\u00f6r a feles\u00e9ge, Melania Trump, majd a gyermekei is. Melania Trump az interj\u00faban arr\u00f3l besz\u00e9lt: nem tart att\u00f3l, hogy ne tudna megfelelni a first lady szerep\u00e9nek, az ezzel j\u00e1r\u00f3 elv\u00e1r\u00e1soknak. &#8222;Er\u0151s vagyok \u00e9s magabiztos&#8221; &#8211; sz\u00f6gezte le Donald Trump szlov\u00e9n sz\u00e1rmaz\u00e1s\u00fa feles\u00e9ge.(MTI)<\/p>\n","protected":false},"excerpt":{"rendered":"<p>Nem k\u00edv\u00e1nja felvenni eln\u00f6ki fizet\u00e9s\u00e9t Donald Trump. Az Egyes\u00fclt \u00c1llamok megv\u00e1lasztott eln\u00f6ke a CBS telev\u00edzi\u00f3nak adott, r\u00e9szletekben m\u00e1r kor\u00e1bban ismertetett vas\u00e1rnapi interj\u00faj\u00e1ban besz\u00e9lt err\u0151l \u00e9s m\u00e1s k\u00e9rd\u00e9sekr\u0151l.<\/p>\n","protected":false},"author":1,"featured_media":0,"comment_status":"open","ping_status":"closed","sticky":false,"template":"","format":"standard","meta":[],"categories":[13],"tags":[],"_links":{"self":[{"href":"https:\/\/gazdasagportal.hu\/index.php\/wp-json\/wp\/v2\/posts\/86601"}],"collection":[{"href":"https:\/\/gazdasagportal.hu\/index.php\/wp-json\/wp\/v2\/posts"}],"about":[{"href":"https:\/\/gazdasagportal.hu\/index.php\/wp-json\/wp\/v2\/types\/post"}],"author":[{"embeddable":true,"href":"https:\/\/gazdasagportal.hu\/index.php\/wp-json\/wp\/v2\/users\/1"}],"replies":[{"embeddable":true,"href":"https:\/\/gazdasagportal.hu\/index.php\/wp-json\/wp\/v2\/comments?post=86601"}],"version-history":[{"count":1,"href":"https:\/\/gazdasagportal.hu\/index.php\/wp-json\/wp\/v2\/posts\/86601\/revisions"}],"predecessor-version":[{"id":86602,"href":"https:\/\/gazdasagportal.hu\/index.php\/wp-json\/wp\/v2\/posts\/86601\/revisions\/86602"}],"wp:attachment":[{"href":"https:\/\/gazdasagportal.hu\/index.php\/wp-json\/wp\/v2\/media?parent=86601"}],"wp:term":[{"taxonomy":"category","embeddable":true,"href":"https:\/\/gazdasagportal.hu\/index.php\/wp-json\/wp\/v2\/categories?post=86601"},{"taxonomy":"post_tag","embeddable":true,"href":"https:\/\/gazdasagportal.hu\/index.php\/wp-json\/wp\/v2\/tags?post=86601"}],"curies":[{"name":"wp","href":"https:\/\/api.w.org\/{rel}","templated":true}]}}