{"id":86517,"date":"2016-11-11T11:39:29","date_gmt":"2016-11-11T10:39:29","guid":{"rendered":"http:\/\/gazdasagportal.hu\/?p=86517"},"modified":"2016-11-11T11:39:29","modified_gmt":"2016-11-11T10:39:29","slug":"szazadveg-a-tobbseg-szerint-ervenyesul-a-sajtoszabadsag-magyarorszagon","status":"publish","type":"post","link":"https:\/\/gazdasagportal.hu\/index.php\/szazadveg-a-tobbseg-szerint-ervenyesul-a-sajtoszabadsag-magyarorszagon\/","title":{"rendered":"Sz\u00e1zadv\u00e9g: a t\u00f6bbs\u00e9g szerint \u00e9rv\u00e9nyes\u00fcl a sajt\u00f3szabads\u00e1g Magyarorsz\u00e1gon"},"content":{"rendered":"<p><strong>A magyarok 60 sz\u00e1zal\u00e9ka szerint \u00e9rv\u00e9nyes\u00fcl a sajt\u00f3szabads\u00e1g az orsz\u00e1gban. A v\u00e1laszad\u00f3k harmada fejezte ki aggodalm\u00e1t a k\u00e9rd\u00e9sben, \u0151k t\u00f6bbs\u00e9g\u00fckben baloldali vagy liber\u00e1lis v\u00e1laszt\u00f3k &#8211; k\u00f6z\u00f6lte legfrissebb k\u00f6zv\u00e9lem\u00e9ny-kutat\u00e1s\u00e1nak eredm\u00e9ny\u00e9t a Sz\u00e1zadv\u00e9g p\u00e9nteken az MTI-vel.<\/strong><!--more--><\/p>\n<div class=\"ads-in-post1\"><div id=\"gazdasagportal.hu_fullbanner_wideboard\"><\/div>\r\n<\/div>\n<p>    A Sz\u00e1zadv\u00e9g k\u00f6zlem\u00e9ny\u00e9ben eml\u00e9keztetett arra, hogy a m\u00e9diapiac \u00e1talakul\u00e1sa id\u00e9n komoly politikai vit\u00e1kat v\u00e1ltott ki a nyilv\u00e1noss\u00e1gban. Ennek legut\u00f3bbi p\u00e9ld\u00e1ja a N\u00e9pszabads\u00e1g megsz\u0171n\u00e9se k\u00f6r\u00fcli tiltakoz\u00e1shull\u00e1m \u00e9s vita a sajt\u00f3szabads\u00e1g helyzet\u00e9r\u0151l &#8211; tett\u00e9k hozz\u00e1.<br \/>\n    Mint \u00edrt\u00e1k, egy m\u0171k\u00f6d\u0151 demokr\u00e1ci\u00e1ban mindig fontosak a vit\u00e1k az alapvet\u0151 politikai szabads\u00e1gjogok \u00e9rv\u00e9nyes\u00fcl\u00e9s\u00e9r\u0151l; ez\u00e9rt is \u00e9rdemes megvizsg\u00e1lni, milyen a magyar k\u00f6zv\u00e9lem\u00e9ny \u00e1ll\u00e1spontja ebben a k\u00e9rd\u00e9sben.<br \/>\n    K\u00f6z\u00f6lt\u00e9k: a Sz\u00e1zadv\u00e9g leg\u00fajabb orsz\u00e1gos, reprezentat\u00edv k\u00f6zv\u00e9lem\u00e9ny-kutat\u00e1sa ez\u00e9rt k\u00e9t olyan, egym\u00e1ssal szemben\u00e1ll\u00f3 \u00e1ll\u00edt\u00e1sr\u00f3l k\u00e9rte a v\u00e1laszad\u00f3k v\u00e9lem\u00e9ny\u00e9t, amely a sajt\u00f3szabads\u00e1g k\u00f6r\u00fcli vit\u00e1kban megfogalmaz\u00f3dott.<br \/>\n    A kutat\u00e1s adatai szerint a feln\u0151tt lakoss\u00e1g 60 sz\u00e1zal\u00e9ka azzal az \u00e1ll\u00edt\u00e1ssal \u00e9rt egyet, amely szerint &#8222;Magyarorsz\u00e1gon \u00e9rv\u00e9nyes\u00fcl a sajt\u00f3szabads\u00e1g, mindenki megtal\u00e1lhatja a sajt\u00f3 jelenlegi k\u00edn\u00e1lat\u00e1b\u00f3l azt, ami az \u0151 politikai n\u00e9zeteinek, \u00edzl\u00e9s\u00e9nek megfelel&#8221;.<br \/>\n    A megk\u00e9rdezettek 35 sz\u00e1zal\u00e9ka ezzel szemben \u00fagy v\u00e9lekedik, hogy &#8222;Magyarorsz\u00e1gon nincs sajt\u00f3szabads\u00e1g, ezt bizony\u00edtja az olyan sajt\u00f3term\u00e9kek megsz\u0171n\u00e9se is, mint a N\u00e9pszabads\u00e1g&#8221;. \u00d6t sz\u00e1zal\u00e9k nem tudott vagy nem akart v\u00e1laszolni.<br \/>\n    Hangs\u00falyozt\u00e1k: a sajt\u00f3szabads\u00e1g \u00e9rv\u00e9nyes\u00fcl\u00e9s\u00e9r\u0151l elt\u00e9r\u0151 v\u00e9lem\u00e9nyen vannak a magukat bal- \u00e9s jobboldalinak vall\u00f3 v\u00e1laszt\u00f3k. A baloldaliak 81 sz\u00e1zal\u00e9ka szerint nem \u00e9rv\u00e9nyes\u00fcl a sajt\u00f3szabads\u00e1g, a jobboldaliak ezzel ellent\u00e9tesen v\u00e9lekednek: 85 sz\u00e1zal\u00e9kuk szerint Magyarorsz\u00e1gon m\u0171k\u00f6dik a sajt\u00f3szabads\u00e1g. A &#8222;k\u00f6z\u00e9pen \u00e1ll\u00f3 \u00e9s a bizonytalan szavaz\u00f3k&#8221; k\u00f6z\u00f6tt is t\u00f6bbs\u00e9gben vannak, akik szerint van sajt\u00f3szabads\u00e1g: 59 sz\u00e1zal\u00e9kuk, illetve 55 sz\u00e1zal\u00e9kuk v\u00e9lekedik \u00edgy.<br \/>\n    A kutat\u00f3c\u00e9g \u00e9rt\u00e9kel\u00e9se szerint az adatfelv\u00e9tel arr\u00f3l tan\u00faskodik, hogy a sajt\u00f3szabads\u00e1ggal kapcsolatos \u00e9les kritik\u00e1k \u00e9s k\u00e9tely &#8222;egy politikai \u00e9rtelemben j\u00f3l k\u00f6r\u00fclhat\u00e1rolt (&#8230;) kisebbs\u00e9g: a baloldali \u00e9s liber\u00e1lis orient\u00e1ci\u00f3j\u00fa \u00e1llampolg\u00e1rok k\u00f6r\u00e9ben tal\u00e1l t\u00e1mogat\u00e1sra&#8221;.<br \/>\n    Az MSZP, a Demokratikus Koal\u00edci\u00f3 \u00e9s az Egy\u00fctt szavaz\u00f3i 60-80 sz\u00e1zal\u00e9kos ar\u00e1nyban gondolj\u00e1k \u00fagy, hogy csorbul a sajt\u00f3 szabads\u00e1ga, p\u00e9ld\u00e1ul a N\u00e9pszabads\u00e1g megsz\u0171n\u00e9s\u00e9vel. M\u00e1s t\u00e1rsadalmi \u00e9s v\u00e1laszt\u00f3i csoportok azonban nem osztj\u00e1k ezt a v\u00e9leked\u00e9st &#8211; \u00edrt\u00e1k.<br \/>\n    A Sz\u00e1zadv\u00e9g telefonos k\u00e9rd\u0151\u00edves k\u00f6zv\u00e9lem\u00e9ny-kutat\u00e1s\u00e1ban ezer v\u00e9letlenszer\u0171en kiv\u00e1lasztott feln\u0151tt embert k\u00e9rdezett meg m\u00falt p\u00e9ntekt\u0151l h\u00e9tf\u0151ig. Az elemz\u00e9sben k\u00f6z\u00f6lt adatok legfeljebb plusz-m\u00ednusz 3,2 sz\u00e1zal\u00e9kponttal t\u00e9rhetnek el a mintav\u00e9telb\u0151l fakad\u00f3an att\u00f3l az eredm\u00e9nyt\u0151l, amit az orsz\u00e1g \u00f6sszes feln\u0151tt lakos\u00e1nak megk\u00e9rdez\u00e9se eredm\u00e9nyezett volna &#8211; olvashat\u00f3 a k\u00f6zlem\u00e9nyben.(MTI)<\/p>\n","protected":false},"excerpt":{"rendered":"<p>A magyarok 60 sz\u00e1zal\u00e9ka szerint \u00e9rv\u00e9nyes\u00fcl a sajt\u00f3szabads\u00e1g az orsz\u00e1gban. A v\u00e1laszad\u00f3k harmada fejezte ki aggodalm\u00e1t a k\u00e9rd\u00e9sben, \u0151k t\u00f6bbs\u00e9g\u00fckben baloldali vagy liber\u00e1lis v\u00e1laszt\u00f3k &#8211; k\u00f6z\u00f6lte legfrissebb k\u00f6zv\u00e9lem\u00e9ny-kutat\u00e1s\u00e1nak eredm\u00e9ny\u00e9t a Sz\u00e1zadv\u00e9g p\u00e9nteken az MTI-vel.<\/p>\n","protected":false},"author":1,"featured_media":0,"comment_status":"open","ping_status":"closed","sticky":false,"template":"","format":"standard","meta":[],"categories":[4],"tags":[],"_links":{"self":[{"href":"https:\/\/gazdasagportal.hu\/index.php\/wp-json\/wp\/v2\/posts\/86517"}],"collection":[{"href":"https:\/\/gazdasagportal.hu\/index.php\/wp-json\/wp\/v2\/posts"}],"about":[{"href":"https:\/\/gazdasagportal.hu\/index.php\/wp-json\/wp\/v2\/types\/post"}],"author":[{"embeddable":true,"href":"https:\/\/gazdasagportal.hu\/index.php\/wp-json\/wp\/v2\/users\/1"}],"replies":[{"embeddable":true,"href":"https:\/\/gazdasagportal.hu\/index.php\/wp-json\/wp\/v2\/comments?post=86517"}],"version-history":[{"count":1,"href":"https:\/\/gazdasagportal.hu\/index.php\/wp-json\/wp\/v2\/posts\/86517\/revisions"}],"predecessor-version":[{"id":86518,"href":"https:\/\/gazdasagportal.hu\/index.php\/wp-json\/wp\/v2\/posts\/86517\/revisions\/86518"}],"wp:attachment":[{"href":"https:\/\/gazdasagportal.hu\/index.php\/wp-json\/wp\/v2\/media?parent=86517"}],"wp:term":[{"taxonomy":"category","embeddable":true,"href":"https:\/\/gazdasagportal.hu\/index.php\/wp-json\/wp\/v2\/categories?post=86517"},{"taxonomy":"post_tag","embeddable":true,"href":"https:\/\/gazdasagportal.hu\/index.php\/wp-json\/wp\/v2\/tags?post=86517"}],"curies":[{"name":"wp","href":"https:\/\/api.w.org\/{rel}","templated":true}]}}