{"id":86505,"date":"2016-11-10T20:58:33","date_gmt":"2016-11-10T19:58:33","guid":{"rendered":"http:\/\/gazdasagportal.hu\/?p=86505"},"modified":"2016-11-10T20:58:33","modified_gmt":"2016-11-10T19:58:33","slug":"trump-kampanycsapata-levette-honlapjarol-a-muszlimok-kitiltasa-linket","status":"publish","type":"post","link":"https:\/\/gazdasagportal.hu\/index.php\/trump-kampanycsapata-levette-honlapjarol-a-muszlimok-kitiltasa-linket\/","title":{"rendered":"Trump kamp\u00e1nycsapata levette honlapj\u00e1r\u00f3l a muszlimok kitilt\u00e1sa linket"},"content":{"rendered":"<p><strong>Donald Trump megv\u00e1lasztott amerikai eln\u00f6k kamp\u00e1nycsapata levette honlapj\u00e1r\u00f3l a &#8222;muszlimok kitilt\u00e1sa&#8221; linket.<\/strong><!--more--><\/p>\n<div class=\"ads-in-post1\"><div id=\"gazdasagportal.hu_fullbanner_wideboard\"><\/div>\r\n<\/div>\n<p>    Elt\u0171nt a honlapr\u00f3l nemcsak a muszlimok amerikai beutaz\u00e1s\u00e1nak tilt\u00e1s\u00e1r\u00f3l sz\u00f3l\u00f3 link, hanem az is, amelyik a p\u00e1rizsi kl\u00edmaegyezm\u00e9ny felmond\u00e1s\u00e1t \u00edg\u00e9rte.<br \/>\n    Mindk\u00e9t \u00edg\u00e9ret a v\u00e1laszt\u00e1si kamp\u00e1nyban hangzott el, de a nagyobb figyelmet \u00e9s a nagyobb felh\u00e1borod\u00e1st a muszlim vall\u00e1s\u00fa emberek amerikai beutaz\u00e1s\u00e1nak \u00e1tmeneti felf\u00fcggeszt\u00e9s\u00e9r\u0151l sz\u00f3l\u00f3, diszkriminat\u00edvnak \u00edt\u00e9lt \u00edg\u00e9ret keltette.<br \/>\n    Donald Trump a terrorcselekm\u00e9nyek vesz\u00e9ly\u00e9re utalva m\u00e9g tavaly decemberben \u00edg\u00e9rte meg el\u0151sz\u00f6r, hogy teljesen megtiltja muszlimok amerikai beutaz\u00e1s\u00e1t, azt\u00e1n a kamp\u00e1ny sor\u00e1n k\u00e9s\u0151bb &#8222;enyh\u00edtett&#8221; a megfogalmaz\u00e1son, \u00e9s m\u00e1r &#8222;\u00e1tmeneti&#8221; tilt\u00e1st emlegetett. A honlapon mindenesetre az eredeti javaslat, \u00edg\u00e9ret szerepelt.<br \/>\n    Nem szerepelnek m\u00e1r a honlapon a legfels\u0151 b\u00edr\u00f3s\u00e1g \u00faj tagj\u00e1ra vonatkoz\u00f3 szem\u00e9lyi javaslatok sem, \u00e9s hi\u00e1nyzik a gazdas\u00e1gi szab\u00e1lyoz\u00e1ssal \u00e9s a v\u00e9delmi politik\u00e1val \u00f6sszef\u00fcgg\u0151 n\u00e9h\u00e1ny kamp\u00e1nyjavaslat is. Helyett\u00fck egy adom\u00e1nygy\u0171jt\u0151 oldalra terelik a honlap l\u00e1togat\u00f3j\u00e1t. A Reuters brit h\u00edr\u00fcgyn\u00f6ks\u00e9g megkereste a megv\u00e1lasztott eln\u00f6k kamp\u00e1nycsapat\u00e1t, \u0151k azonban nem reag\u00e1ltak a k\u00e9rd\u00e9sekre, \u00e9s k\u00f6zlem\u00e9nyt sem adtak ki a v\u00e1ltoztat\u00e1sokr\u00f3l.<br \/>\n    Al-Val\u00edd bin Tal\u00e1l sza\u00fadi herceg &#8211; aki egy\u00e9bk\u00e9nt nagy \u00f6sszegekkel t\u00e1mogat amerikai egyetemeket, \u00e9s k\u00fcl\u00f6n\u00f6sen sok adom\u00e1nyt adott a Georgetown Egyetemnek, a CNBC telev\u00edzi\u00f3ban dics\u00e9rte Trumpot, hogy a honlapr\u00f3l elt\u00e1vol\u00edttatta a muszlimok beutaz\u00e1si tilalm\u00e1r\u00f3l sz\u00f3l\u00f3 javaslatot. Az interj\u00faban a herceg elmondta azt is, hogy Donald Trump a Twitter-fi\u00f3kj\u00e1b\u00f3l szint\u00e9n t\u00f6r\u00f6lte a muszlimokat s\u00e9rt\u0151 bejegyz\u00e9seket.<br \/>\n    Szamir Kal\u00e1f, az Amerikai-Arab Megk\u00fcl\u00f6nb\u00f6ztet\u00e9s-ellenes Bizotts\u00e1g nev\u0171 civil szervezet vezet\u0151je cs\u00fct\u00f6rt\u00f6k\u00f6n egy sajt\u00f3t\u00e1j\u00e9koztat\u00f3n szint\u00e9n megk\u00f6sz\u00f6nte a muszlimokat s\u00e9rt\u0151 javaslat elt\u00e1vol\u00edt\u00e1s\u00e1t a honlapr\u00f3l, de \u0151 hozz\u00e1tette: aggodalmaik m\u00e9g nem sz\u0171ntek meg teljesen, hiszen &#8222;egy dolog mondani valamit, \u00e9s teljesen m\u00e1s a cselekv\u00e9s&#8221;.(MTI)<\/p>\n","protected":false},"excerpt":{"rendered":"<p>Donald Trump megv\u00e1lasztott amerikai eln\u00f6k kamp\u00e1nycsapata levette honlapj\u00e1r\u00f3l a &#8222;muszlimok kitilt\u00e1sa&#8221; linket.<\/p>\n","protected":false},"author":1,"featured_media":0,"comment_status":"open","ping_status":"closed","sticky":false,"template":"","format":"standard","meta":[],"categories":[13],"tags":[],"_links":{"self":[{"href":"https:\/\/gazdasagportal.hu\/index.php\/wp-json\/wp\/v2\/posts\/86505"}],"collection":[{"href":"https:\/\/gazdasagportal.hu\/index.php\/wp-json\/wp\/v2\/posts"}],"about":[{"href":"https:\/\/gazdasagportal.hu\/index.php\/wp-json\/wp\/v2\/types\/post"}],"author":[{"embeddable":true,"href":"https:\/\/gazdasagportal.hu\/index.php\/wp-json\/wp\/v2\/users\/1"}],"replies":[{"embeddable":true,"href":"https:\/\/gazdasagportal.hu\/index.php\/wp-json\/wp\/v2\/comments?post=86505"}],"version-history":[{"count":1,"href":"https:\/\/gazdasagportal.hu\/index.php\/wp-json\/wp\/v2\/posts\/86505\/revisions"}],"predecessor-version":[{"id":86506,"href":"https:\/\/gazdasagportal.hu\/index.php\/wp-json\/wp\/v2\/posts\/86505\/revisions\/86506"}],"wp:attachment":[{"href":"https:\/\/gazdasagportal.hu\/index.php\/wp-json\/wp\/v2\/media?parent=86505"}],"wp:term":[{"taxonomy":"category","embeddable":true,"href":"https:\/\/gazdasagportal.hu\/index.php\/wp-json\/wp\/v2\/categories?post=86505"},{"taxonomy":"post_tag","embeddable":true,"href":"https:\/\/gazdasagportal.hu\/index.php\/wp-json\/wp\/v2\/tags?post=86505"}],"curies":[{"name":"wp","href":"https:\/\/api.w.org\/{rel}","templated":true}]}}