{"id":86503,"date":"2016-11-10T18:44:20","date_gmt":"2016-11-10T17:44:20","guid":{"rendered":"http:\/\/gazdasagportal.hu\/?p=86503"},"modified":"2016-11-10T17:18:15","modified_gmt":"2016-11-10T16:18:15","slug":"tovabb-emelkedtek-a-vilagpiaci-elelmiszerarak-oktoberben","status":"publish","type":"post","link":"https:\/\/gazdasagportal.hu\/index.php\/tovabb-emelkedtek-a-vilagpiaci-elelmiszerarak-oktoberben\/","title":{"rendered":"Tov\u00e1bb emelkedtek a vil\u00e1gpiaci \u00e9lelmiszer\u00e1rak okt\u00f3berben"},"content":{"rendered":"<p><strong>Tov\u00e1bb emelkedtek okt\u00f3berben a vil\u00e1gpiaci \u00e9lelmiszer\u00e1rak: az ENSZ \u00c9lelmez\u00e9s\u00fcgyi \u00e9s Mez\u0151gazdas\u00e1gi Szervezete (FAO) \u00e1ltal sz\u00e1m\u00edtott \u00e1rindex 0,7 sz\u00e1zal\u00e9kkal 172,6 pontra, t\u00f6bb mint m\u00e1sf\u00e9l \u00e9ves cs\u00facsra, n\u0151tt az el\u0151z\u0151 havi 171,4 pontr\u00f3l. <\/strong><!--more--><\/p>\n<div class=\"ads-in-post1\"><div id=\"gazdasagportal.hu_fullbanner_wideboard\"><\/div>\r\n<\/div>\n<p>    Az id\u00e9n csak janu\u00e1rban \u00e9s j\u00faliusban cs\u00f6kkent, az \u00f6sszes t\u00f6bbi h\u00f3napban viszont emelkedett az \u00e1rindex. Tavaly okt\u00f3berben 158,2 ponton \u00e1llt a mutat\u00f3, azaz t\u00f6bb mint 9 sz\u00e1zal\u00e9kkal dr\u00e1gultak az alapvet\u0151 \u00e9lelmiszerek \u00e9ves \u00f6sszevet\u00e9sben.<br \/>\n    A FAO \u00e9lelmiszer\u00e1r-indexe egy kereskedelemmel s\u00falyozott mutat\u00f3, amely az \u00f6t legfontosabb \u00e9lelmiszer alapanyag &#8211; n\u00f6v\u00e9nyi olajok, szemes term\u00e9nyek, h\u00fasf\u00e9l\u00e9k, tejterm\u00e9kek \u00e9s cukor &#8211; nemzetk\u00f6zi piaci \u00e1rait veszi figyelembe.<br \/>\n    Az ENSZ szakos\u00edtott szervezet\u00e9nek cs\u00fct\u00f6rt\u00f6ki jelent\u00e9se szerint okt\u00f3berben a h\u00fas \u00e9s a n\u00f6v\u00e9nyi olajak \u00e1ra cs\u00f6kkent, a t\u00f6bbi alapvet\u0151 \u00e9lelmiszer-alapanyag\u00e9 viszont emelkedett. K\u00fcl\u00f6n\u00f6sen a cukor \u00e9s a tejterm\u00e9kek dr\u00e1gultak.<br \/>\n    A cukor\u00e1rindex 3,4 sz\u00e1zal\u00e9kkal 315,3 pontra emelkedett, majdnem 60 sz\u00e1zal\u00e9kkal magasabb a tavaly okt\u00f3beri 197,4 pontn\u00e1l. Szak\u00e9rt\u0151k szerint az \u00e1remelked\u00e9s oka a v\u00e1rtn\u00e1l kisebb brazil \u00e9s indiai termel\u00e9s.<br \/>\n    A tejterm\u00e9k \u00e1rindex 3,9 sz\u00e1zal\u00e9kkal 182,8 pontra n\u0151tt okt\u00f3berben. K\u00fcl\u00f6n\u00f6sen a vaj \u00e1ra emelkedett, mivel az Eur\u00f3pai Uni\u00f3ban cs\u00f6kken\u0151 k\u00e9szletek mellett tov\u00e1bbra is er\u0151s a bels\u0151 kereslet, r\u00e1ad\u00e1sul az import\u0151r orsz\u00e1gok r\u00e9sz\u00e9r\u0151l is n\u0151tt az ig\u00e9ny. Az Eur\u00f3pai Uni\u00f3ban \u00e9s \u00d3ce\u00e1ni\u00e1ban h\u00f3napr\u00f3l h\u00f3napra cs\u00f6kken a tejtermel\u00e9s, ami az exportpotenci\u00e1l cs\u00f6kken\u00e9s\u00e9t \u00e9s ez\u00e1ltal az \u00e1rak emelked\u00e9s\u00e9t val\u00f3sz\u00edn\u0171s\u00edti.<br \/>\n    A gabona \u00e1rindex 1,0 sz\u00e1zal\u00e9kkal 142,3 pontra emelkedett a szeptemberi 140,9 pontr\u00f3l, de 9,6 sz\u00e1zal\u00e9kkal marad el az egy \u00e9vvel kor\u00e1bbi 157,3 pontt\u00f3l. Okt\u00f3berben h\u00e1rom h\u00f3nap \u00f3ta el\u0151sz\u00f6r emelkedtek a gabona\u00e1rak, aminek az az oka, hogy b\u00e1r a teljes b\u00fazaterm\u00e9s a v\u00e1rtn\u00e1l nagyobb lesz, ennek csak egy kis r\u00e9sze lesz kiv\u00e1l\u00f3 min\u0151s\u00e9g\u0171.<br \/>\n    Az idei mez\u0151gazdas\u00e1gi szezonban \u00f6sszesen 2571 milli\u00f3 tonna gabon\u00e1t takar\u00edthatnak be, 1,5 sz\u00e1zal\u00e9kkal t\u00f6bbet tavalyhoz k\u00e9pest. Oroszorsz\u00e1g termel\u00e9se rekordm\u00e9ret\u0171 lehet, de Kazahszt\u00e1nban is igen kedvez\u0151 id\u0151j\u00e1r\u00e1s volt. Ezzel a b\u00faza- \u00e9s \u00e1rpaterm\u00e9s b\u0151ven ellens\u00falyozza a kukoricaterm\u00e9sben v\u00e1rhat\u00f3, legf\u0151k\u00e9pp az id\u0151j\u00e1r\u00e1s sz\u00e1ml\u00e1j\u00e1ra \u00edrhat\u00f3 term\u00e9skies\u00e9st Braz\u00edli\u00e1ban, K\u00edn\u00e1ban, az Eur\u00f3pai Uni\u00f3ban \u00e9s az Egyes\u00fclt \u00c1llamokban. A glob\u00e1lis gabonafelhaszn\u00e1l\u00e1s a 2016-17-es szezonban 2562 milli\u00f3 tonna lehet, \u00e9s a j\u00f6v\u0151 \u00e9v v\u00e9g\u00e9re ak\u00e1r 662 milli\u00f3 tonna gabona is pihenhet a rakt\u00e1rakban.<br \/>\n    A h\u00fasf\u00e9l\u00e9k \u00e1ra enyh\u00e9n cs\u00f6kkent szeptemberben, a h\u00fas\u00e1rindex 165,0 pontr\u00f3l 163,4 pontra m\u00e9rs\u00e9kl\u0151d\u00f6tt. A visszaes\u00e9st f\u0151leg az okozta, hogy cs\u00f6kkent az EU-b\u00f3l export\u00e1lt sert\u00e9sh\u00fas \u00e1ra a k\u00ednai kereslet gyeng\u00fcl\u00e9s\u00e9vel p\u00e1rhuzamosan.<br \/>\n    A n\u00f6v\u00e9nyi olajok \u00e9s zs\u00edrok eset\u00e9ben alapvet\u0151en a p\u00e1lmaolaj ir\u00e1nti, h\u00f3napok \u00f3ta nyomott keresletet kell keresni az \u00e1rak cs\u00f6kken\u00e9se m\u00f6g\u00f6tt. A n\u00f6v\u00e9nyi olaj- \u00e9s zs\u00edrf\u00e9l\u00e9k \u00e1rindexe 2,4 sz\u00e1zal\u00e9kkal 167,9 pontra s\u00fcllyedt okt\u00f3berben.<br \/>\n    A Gazdas\u00e1gi Egy\u00fcttm\u0171k\u00f6d\u00e9si \u00e9s Fejleszt\u00e9si Szervezet (OECD), valamint a FAO a mez\u0151gazdas\u00e1gnak a 2016 \u00e9s 2025 k\u00f6z\u00f6tti id\u0151szak kil\u00e1t\u00e1sair\u00f3l k\u00e9sz\u00edtett, j\u00faliusban k\u00f6zz\u00e9tett jelent\u00e9s\u00e9ben m\u00e9g azt j\u00f3solta, hogy stabilak lesznek az \u00e1rak, mert lassabban n\u0151 majd az \u00e9lelmiszerek ir\u00e1nti glob\u00e1lis kereslet, mik\u00f6zben a mez\u0151gazdas\u00e1gi termel\u00e9kenys\u00e9g emelked\u00e9s\u00e9nek \u00e9s a vet\u00e9ster\u00fcletek enyhe b\u0151v\u00fcl\u00e9s\u00e9nek k\u00f6sz\u00f6nhet\u0151en fedezni tudj\u00e1k az ig\u00e9nyeket.(MTI)<\/p>\n","protected":false},"excerpt":{"rendered":"<p>Tov\u00e1bb emelkedtek okt\u00f3berben a vil\u00e1gpiaci \u00e9lelmiszer\u00e1rak: az ENSZ \u00c9lelmez\u00e9s\u00fcgyi \u00e9s Mez\u0151gazdas\u00e1gi Szervezete (FAO) \u00e1ltal sz\u00e1m\u00edtott \u00e1rindex 0,7 sz\u00e1zal\u00e9kkal 172,6 pontra, t\u00f6bb mint m\u00e1sf\u00e9l \u00e9ves cs\u00facsra, n\u0151tt az el\u0151z\u0151 havi 171,4 pontr\u00f3l.<\/p>\n","protected":false},"author":1,"featured_media":0,"comment_status":"open","ping_status":"closed","sticky":false,"template":"","format":"standard","meta":[],"categories":[246],"tags":[],"_links":{"self":[{"href":"https:\/\/gazdasagportal.hu\/index.php\/wp-json\/wp\/v2\/posts\/86503"}],"collection":[{"href":"https:\/\/gazdasagportal.hu\/index.php\/wp-json\/wp\/v2\/posts"}],"about":[{"href":"https:\/\/gazdasagportal.hu\/index.php\/wp-json\/wp\/v2\/types\/post"}],"author":[{"embeddable":true,"href":"https:\/\/gazdasagportal.hu\/index.php\/wp-json\/wp\/v2\/users\/1"}],"replies":[{"embeddable":true,"href":"https:\/\/gazdasagportal.hu\/index.php\/wp-json\/wp\/v2\/comments?post=86503"}],"version-history":[{"count":1,"href":"https:\/\/gazdasagportal.hu\/index.php\/wp-json\/wp\/v2\/posts\/86503\/revisions"}],"predecessor-version":[{"id":86504,"href":"https:\/\/gazdasagportal.hu\/index.php\/wp-json\/wp\/v2\/posts\/86503\/revisions\/86504"}],"wp:attachment":[{"href":"https:\/\/gazdasagportal.hu\/index.php\/wp-json\/wp\/v2\/media?parent=86503"}],"wp:term":[{"taxonomy":"category","embeddable":true,"href":"https:\/\/gazdasagportal.hu\/index.php\/wp-json\/wp\/v2\/categories?post=86503"},{"taxonomy":"post_tag","embeddable":true,"href":"https:\/\/gazdasagportal.hu\/index.php\/wp-json\/wp\/v2\/tags?post=86503"}],"curies":[{"name":"wp","href":"https:\/\/api.w.org\/{rel}","templated":true}]}}