{"id":86501,"date":"2016-11-10T17:36:09","date_gmt":"2016-11-10T16:36:09","guid":{"rendered":"http:\/\/gazdasagportal.hu\/?p=86501"},"modified":"2016-11-10T17:16:55","modified_gmt":"2016-11-10T16:16:55","slug":"novelte-nyereseget-es-arbevetelet-a-waberers-az-idei-harom-negyedevben","status":"publish","type":"post","link":"https:\/\/gazdasagportal.hu\/index.php\/novelte-nyereseget-es-arbevetelet-a-waberers-az-idei-harom-negyedevben\/","title":{"rendered":"N\u00f6velte nyeres\u00e9g\u00e9t \u00e9s \u00e1rbev\u00e9tel\u00e9t a Waberer&#8217;s az idei h\u00e1rom negyed\u00e9vben"},"content":{"rendered":"<p><strong>N\u00f6velte nyeres\u00e9g\u00e9t \u00e9s \u00e1rbev\u00e9tel\u00e9t az idei els\u0151 h\u00e1rom negyed\u00e9vben a Waberer&#8217;s International Zrt. (Waberer&#8217;s) &#8211; k\u00f6z\u00f6lte a c\u00e9g cs\u00fct\u00f6rt\u00f6k\u00f6n az MTI-vel.<\/strong><!--more--><\/p>\n<div class=\"ads-in-post1\"><div id=\"gazdasagportal.hu_fullbanner_wideboard\"><\/div>\r\n<\/div>\n<p>    A t\u00e1j\u00e9koztat\u00e1s szerint a c\u00e9g kamatok, ad\u00f3z\u00e1s \u00e9s \u00e9rt\u00e9kcs\u00f6kken\u00e9si le\u00edr\u00e1s el\u0151tti (EBITDA) nyeres\u00e9ge a 2016 szeptember\u00e9nek v\u00e9g\u00e9ig tart\u00f3 id\u0151szakban 58,8 milli\u00f3 eur\u00f3 (mintegy 18 milli\u00e1rd forint) volt, ami 3,7 milli\u00f3 eur\u00f3val (mintegy 1,1-1,2 milli\u00e1rd forinttal) haladta meg a tavalyi h\u00e1romnegyed\u00e9v eredm\u00e9ny\u00e9t.<br \/>\n    Ugyanebben az id\u0151szakban a konszolid\u00e1lt \u00e9rt\u00e9kes\u00edt\u00e9si \u00e1rbev\u00e9tel el\u00e9rte a 424,3 milli\u00f3 eur\u00f3t (mintegy 130 milli\u00e1rd forintot), ami 32 milli\u00f3 eur\u00f3val (mintegy 10 milli\u00e1rd forinttal) t\u00f6bb az egy \u00e9vvel kor\u00e1bbin\u00e1l.<br \/>\n    A k\u00f6zlem\u00e9ny szerint fuvarmegb\u00edz\u00e1saik sz\u00e1ma kimagasl\u00f3 n\u00f6veked\u00e9st mutatott, j\u00e1rm\u0171veik az \u00e9v els\u0151 kilenc h\u00f3napj\u00e1ban 165 ezerrel t\u00f6bb megb\u00edz\u00e1st teljes\u00edtettek, mint egy \u00e9ve.<br \/>\n    A c\u00e9g 3500 szerelv\u00e9nyes saj\u00e1t tulajdon\u00fa kamionflott\u00e1ja &#8211; amely Eur\u00f3pa egyik legnagyobbja &#8211; sz\u00e1z \u00faj j\u00e1rm\u0171vel gazdagodott az id\u0151szakban, ezzel is er\u0151s\u00edtette a c\u00e9g versenypiaci helyzet\u00e9t. A b\u0151v\u00edt\u00e9s hozz\u00e1j\u00e1rul a flotta 2 \u00e9v alatti \u00e1tlag\u00e9letkor\u00e1nak meg\u0151rz\u00e9s\u00e9hez.<br \/>\n    Az Eur\u00f3p\u00e1ban uralkod\u00f3 sof\u0151rhi\u00e1nyra a Waberer&#8217;s a g\u00e9pj\u00e1rm\u0171vezet\u0151i j\u00f6vedelmek 15 sz\u00e1zal\u00e9kos n\u00f6vel\u00e9s\u00e9vel reag\u00e1lt \u00e9s k\u00fcl\u00f6nb\u00f6z\u0151 szoci\u00e1lis, j\u00f3l\u00e9ti juttat\u00e1sok bevezet\u00e9s\u00e9vel is n\u00f6velte munkaer\u0151piaci vonzerej\u00e9t. A Waberer&#8217;s pil\u00f3t\u00e1k sz\u00e1ma szeptember v\u00e9g\u00e9re t\u00f6bb mint 10 sz\u00e1zal\u00e9kkal n\u0151tt, \u00e9s meghaladta a 4800-at, a teljes munkav\u00e1llal\u00f3i l\u00e9tsz\u00e1m el\u00e9rte a 6500-at.<br \/>\n    A Waberer&#8217;s j\u00e1rm\u0171vei 2016 els\u0151 kilenc h\u00f3napj\u00e1ban 411 milli\u00f3 kilom\u00e9tert tettek meg Eur\u00f3pa \u00fatjain. A szerelv\u00e9nyek rakotts\u00e1gi mutat\u00f3ja az elm\u00falt \u00e9v azonos id\u0151szak\u00e1hoz k\u00e9pest is tov\u00e1bb javult \u00e9s az eur\u00f3pai ipar\u00e1gi \u00e1tlagot meghaladva el\u00e9rte a 91,6 sz\u00e1zal\u00e9kot.<br \/>\n    A harmadik negyed\u00e9vben m\u0171k\u00f6d\u00f6tt el\u0151sz\u00f6r \u00faj tulajdonosi strukt\u00far\u00e1ban a t\u00e1rsas\u00e1g, miut\u00e1n a Mid Europa Partners (MEP) K\u00f6z\u00e9p- \u00e9s D\u00e9lkelet-Eur\u00f3pa vezet\u0151 mag\u00e1nt\u0151ke-befektet\u00e9si alapja ez \u00e9v j\u00falius\u00e1ban 97,1 sz\u00e1zal\u00e9k\u00e1ra n\u00f6velte r\u00e9szesed\u00e9s\u00e9t a c\u00e9gben &#8211; \u00e1ll a k\u00f6zlem\u00e9nyben.(MTI)<\/p>\n","protected":false},"excerpt":{"rendered":"<p>N\u00f6velte nyeres\u00e9g\u00e9t \u00e9s \u00e1rbev\u00e9tel\u00e9t az idei els\u0151 h\u00e1rom negyed\u00e9vben a Waberer&#8217;s International Zrt. (Waberer&#8217;s) &#8211; k\u00f6z\u00f6lte a c\u00e9g cs\u00fct\u00f6rt\u00f6k\u00f6n az MTI-vel.<\/p>\n","protected":false},"author":1,"featured_media":0,"comment_status":"open","ping_status":"closed","sticky":false,"template":"","format":"standard","meta":[],"categories":[19],"tags":[],"_links":{"self":[{"href":"https:\/\/gazdasagportal.hu\/index.php\/wp-json\/wp\/v2\/posts\/86501"}],"collection":[{"href":"https:\/\/gazdasagportal.hu\/index.php\/wp-json\/wp\/v2\/posts"}],"about":[{"href":"https:\/\/gazdasagportal.hu\/index.php\/wp-json\/wp\/v2\/types\/post"}],"author":[{"embeddable":true,"href":"https:\/\/gazdasagportal.hu\/index.php\/wp-json\/wp\/v2\/users\/1"}],"replies":[{"embeddable":true,"href":"https:\/\/gazdasagportal.hu\/index.php\/wp-json\/wp\/v2\/comments?post=86501"}],"version-history":[{"count":1,"href":"https:\/\/gazdasagportal.hu\/index.php\/wp-json\/wp\/v2\/posts\/86501\/revisions"}],"predecessor-version":[{"id":86502,"href":"https:\/\/gazdasagportal.hu\/index.php\/wp-json\/wp\/v2\/posts\/86501\/revisions\/86502"}],"wp:attachment":[{"href":"https:\/\/gazdasagportal.hu\/index.php\/wp-json\/wp\/v2\/media?parent=86501"}],"wp:term":[{"taxonomy":"category","embeddable":true,"href":"https:\/\/gazdasagportal.hu\/index.php\/wp-json\/wp\/v2\/categories?post=86501"},{"taxonomy":"post_tag","embeddable":true,"href":"https:\/\/gazdasagportal.hu\/index.php\/wp-json\/wp\/v2\/tags?post=86501"}],"curies":[{"name":"wp","href":"https:\/\/api.w.org\/{rel}","templated":true}]}}