{"id":86499,"date":"2016-11-10T16:47:58","date_gmt":"2016-11-10T15:47:58","guid":{"rendered":"http:\/\/gazdasagportal.hu\/?p=86499"},"modified":"2016-11-10T16:47:58","modified_gmt":"2016-11-10T15:47:58","slug":"digi-kft-nincs-meg-hivatalos-idopont-a-mobilszolgaltatas-indulasara","status":"publish","type":"post","link":"https:\/\/gazdasagportal.hu\/index.php\/digi-kft-nincs-meg-hivatalos-idopont-a-mobilszolgaltatas-indulasara\/","title":{"rendered":"Digi Kft.: nincs m\u00e9g hivatalos id\u0151pont a mobilszolg\u00e1ltat\u00e1s indul\u00e1s\u00e1ra"},"content":{"rendered":"<p><strong>A Digi Kft. a mobilszolg\u00e1ltat\u00e1s\u00e1nak pontos indul\u00e1si d\u00e1tum\u00e1r\u00f3l egyel\u0151re nem tud hivatalos bejelent\u00e9st tenni &#8211; k\u00f6z\u00f6lte a t\u00e1rsas\u00e1g az MTI megkeres\u00e9s\u00e9re cs\u00fct\u00f6rt\u00f6k\u00f6n, \u00edgy nem er\u0151s\u00edtette meg azt a kor\u00e1bbi sajt\u00f3\u00e9rtes\u00fcl\u00e9st, miszerint 2017 m\u00e1rcius\u00e1ban indulna a szolg\u00e1ltat\u00e1sa.<\/strong><!--more--><\/p>\n<div class=\"ads-in-post1\"><div id=\"gazdasagportal.hu_fullbanner_wideboard\"><\/div>\r\n<\/div>\n<p>    A Digi \u00edr\u00e1sos v\u00e1lasza szerint a t\u00e1rsas\u00e1g kifejezett c\u00e9lja, hogy mihamarabb el tudja ind\u00edtani a szolg\u00e1ltat\u00e1st, melynek el\u0151k\u00e9sz\u00edt\u00e9s\u00e9n jelenleg is nagy er\u0151kkel dolgozik. Az id\u00e9n tavasszal a m\u00e9di\u00e1ban megeml\u00edtett 200 toronyhoz k\u00e9pest m\u00e1r jelent\u0151sen b\u0151v\u00fclt a j\u00f6v\u0151beni h\u00e1l\u00f3zat &#8211; \u00edrt\u00e1k -, de pontosabb adatokat err\u0151l nem k\u00f6z\u00f6ltek. Meger\u0151s\u00edtett\u00e9k, hogy a t\u00e1rsas\u00e1g orsz\u00e1gos \u00e9s saj\u00e1t h\u00e1l\u00f3zat ki\u00e9p\u00edt\u00e9s\u00e9t v\u00e1lasztotta, &#8222;min\u0151s\u00e9gi \u00e9s kedvez\u0151 \u00e1r\/\u00e9rt\u00e9k ar\u00e1ny\u00fa&#8221; mobilszolg\u00e1ltat\u00e1sa l\u00e9trehoz\u00e1s\u00e1hoz.<br \/>\n    A Digi t\u00f6bb mint k\u00e9t \u00e9ve, 2014 szeptember\u00e9ben az 1800 megahertzes (MHz) frekvenciatartom\u00e1nyban 10 MHz-nyi blokk haszn\u00e1lati jog\u00e1t nyerte el h\u00fasz \u00e9vre 10 milli\u00e1rd forint\u00e9rt a Nemzeti M\u00e9dia- \u00e9s H\u00edrk\u00f6zl\u00e9si Hat\u00f3s\u00e1g (NMHH) p\u00e1ly\u00e1zat\u00e1n. Az id\u00e9n j\u00faniusban a 3600-3800 megahertzes frekvencias\u00e1von 248 milli\u00f3 forint\u00e9rt \u00fajabb 20 MHz-nyi s\u00e1vot v\u00e1s\u00e1rolt, szint\u00e9n tenderen, ezzel m\u00e1r a teljes &#8222;frekvenciatorta&#8221; 5 sz\u00e1zal\u00e9k\u00e1t birtokolja.<br \/>\n    A Concorde \u00c9rt\u00e9kpap\u00edr Zrt. elemz\u0151je szerint alacsony \u00e1rakkal jelenhet meg a mobilpiacon a Digi, amelynek hat\u00e1s\u00e1ra a mobilszolg\u00e1ltat\u00e1sok \u00e1ra cs\u00f6kkenni fog, Tunkli D\u00e1niel ugyanakkor \u00fagy v\u00e9li, hogy ez k\u00f6zel sem lesz olyan drasztikus \u00e9s gyors \u00fctem\u0171, mint a t\u00e1rsas\u00e1g rom\u00e1niai megjelen\u00e9se eset\u00e9ben volt.<br \/>\n    A szak\u00e9rt\u0151 az MTI-hez cs\u00fct\u00f6rt\u00f6k\u00f6n eljuttatott elemz\u00e9s\u00e9ben eml\u00e9keztet, hogy a Digi Rom\u00e1ni\u00e1ban j\u00f3 p\u00e1r \u00e9vvel k\u00e9s\u0151bb kezdte meg mobilpiaci m\u0171k\u00f6d\u00e9s\u00e9t, mint a t\u00f6bbi piaci szerepl\u0151, a Vodafone-nal k\u00f6t\u00f6tt egy\u00fcttm\u0171k\u00f6d\u00e9s seg\u00edts\u00e9g\u00e9vel azonban el\u00e9rte, hogy orsz\u00e1gos lefedetts\u00e9ge legyen \u00e9s \u00faj h\u00e1l\u00f3zatot is ki\u00e9p\u00edtett. A v\u00e1llalatcsoport Rom\u00e1ni\u00e1ban a piac 11 sz\u00e1zal\u00e9k\u00e1t birtokolja, m\u00edg a Telekom Romania r\u00e9szesed\u00e9se 21, a Vodafone-\u00e9 37, az Orange-\u00e9 pedig 31 sz\u00e1zal\u00e9k.<br \/>\n    A v\u00e1llalat a piacra l\u00e9p\u00e9skor agressz\u00edv \u00e1raz\u00e1si strat\u00e9gi\u00e1t v\u00e1lasztott, \u00edgy gyorsan tudta n\u00f6velni az \u00fcgyf\u00e9lsz\u00e1mot. Ebben az id\u0151szakban az egy \u00fcgyf\u00e9lre es\u0151 \u00e1tlagos \u00e1rbev\u00e9tel (ARPU) 1,6 eur\u00f3 volt. A 2,7 milli\u00f3s el\u0151fizet\u0151i b\u00e1zis el\u00e9r\u00e9s\u00e9t k\u00f6vet\u0151en a Digi 3 eur\u00f3ra n\u00f6velte az ARPU-t 2015-ben, amely m\u00e9g mindig csak fele akkora, mint a versenyt\u00e1rsak \u00e9rt\u00e9kei, a v\u00e1llalat 2016-ban 4 eur\u00f3s egy \u00fcgyf\u00e9lre jut\u00f3 \u00e1tlagos \u00e1rbev\u00e9telt k\u00edv\u00e1n el\u00e9rni.<br \/>\n    A strat\u00e9gia hasonl\u00f3 lehet Magyarorsz\u00e1gon is, ugyanakkor elt\u00e9r\u00e9s, hogy itt jelenleg egyik &#8211; m\u00e1r piacon l\u00e9v\u0151 &#8211; szerepl\u0151 sem sz\u00e1nd\u00e9kozik a Digivel egy\u00fcttm\u0171k\u00f6dni, \u00edgy az orsz\u00e1gos lefedetts\u00e9g el\u00e9r\u00e9se nem olyan egyszer\u0171, mint Rom\u00e1ni\u00e1ban volt &#8211; v\u00e9lekedik az elemz\u0151. Hozz\u00e1teszi, hogy emellett az \u00fcgyfelek sokkal kev\u00e9sb\u00e9 \u00e1r\u00e9rz\u00e9kenyek a magyar piacon, ugyanakkor el\u0151nyben r\u00e9szes\u00edtik a min\u0151s\u00e9gi szolg\u00e1ltat\u00e1st.<br \/>\n    Tunkli D\u00e1niel megjegyzi azt is, hogy nem a Digi az els\u0151, amely Magyarorsz\u00e1gon extr\u00e9m olcs\u00f3 \u00e1rakkal igyekezett piaci r\u00e9szesed\u00e9st szerezni, mind a Tesco mind a Blue mobile hasonl\u00f3 strat\u00e9gi\u00e1t k\u00f6vetett, \u00e1m nem j\u00e1rtak sikerrel, e v\u00e1llalatok szolg\u00e1ltat\u00e1sai nem voltak jelent\u0151s hat\u00e1ssal a h\u00e1rom nagy piaci szerepl\u0151re. L\u00e9nyeges ugyanakkor, hogy a Digi rendelkezik vezet\u00e9kes szolg\u00e1ltat\u00e1sokkal Magyarorsz\u00e1gon, \u00edgy a v\u00e1llalat j\u00f3 poz\u00edci\u00f3ban van ahhoz, hogy a mobil szolg\u00e1ltat\u00e1sa a jelenlegi \u00fcgyf\u00e9lk\u00f6rben n\u00e9pszer\u0171 legyen.<br \/>\n    A Digi 2006-ban l\u00e9pett a magyarorsz\u00e1gi telekommunik\u00e1ci\u00f3s piacra. Jelenleg a harmadik legnagyobb szerepl\u0151 a k\u00f6r\u00fclbel\u00fcl 3 milli\u00f3 felhaszn\u00e1l\u00f3t sz\u00e1ml\u00e1l\u00f3 vezet\u00e9kes hangszolg\u00e1ltat\u00e1si piacon, r\u00e9szesed\u00e9se 11,1 sz\u00e1zal\u00e9kra tehet\u0151. A vezet\u00e9kes sz\u00e9less\u00e1v\u00fa internet szolg\u00e1ltat\u00e1sban 15,2 sz\u00e1zal\u00e9kos piaci r\u00e9szesed\u00e9ssel rendelkezik, \u00edgy szint\u00e9n a harmadik szerepl\u0151 a Magyar Telekomot \u00e9s a UPC-t k\u00f6vetve &#8211; olvashat\u00f3 a Concorde elemz\u00e9s\u00e9ben.(MTI)<\/p>\n","protected":false},"excerpt":{"rendered":"<p>A Digi Kft. a mobilszolg\u00e1ltat\u00e1s\u00e1nak pontos indul\u00e1si d\u00e1tum\u00e1r\u00f3l egyel\u0151re nem tud hivatalos bejelent\u00e9st tenni &#8211; k\u00f6z\u00f6lte a t\u00e1rsas\u00e1g az MTI megkeres\u00e9s\u00e9re cs\u00fct\u00f6rt\u00f6k\u00f6n, \u00edgy nem er\u0151s\u00edtette meg azt a kor\u00e1bbi sajt\u00f3\u00e9rtes\u00fcl\u00e9st, miszerint 2017 m\u00e1rcius\u00e1ban indulna a szolg\u00e1ltat\u00e1sa.<\/p>\n","protected":false},"author":1,"featured_media":0,"comment_status":"open","ping_status":"closed","sticky":false,"template":"","format":"standard","meta":[],"categories":[19,7],"tags":[],"_links":{"self":[{"href":"https:\/\/gazdasagportal.hu\/index.php\/wp-json\/wp\/v2\/posts\/86499"}],"collection":[{"href":"https:\/\/gazdasagportal.hu\/index.php\/wp-json\/wp\/v2\/posts"}],"about":[{"href":"https:\/\/gazdasagportal.hu\/index.php\/wp-json\/wp\/v2\/types\/post"}],"author":[{"embeddable":true,"href":"https:\/\/gazdasagportal.hu\/index.php\/wp-json\/wp\/v2\/users\/1"}],"replies":[{"embeddable":true,"href":"https:\/\/gazdasagportal.hu\/index.php\/wp-json\/wp\/v2\/comments?post=86499"}],"version-history":[{"count":1,"href":"https:\/\/gazdasagportal.hu\/index.php\/wp-json\/wp\/v2\/posts\/86499\/revisions"}],"predecessor-version":[{"id":86500,"href":"https:\/\/gazdasagportal.hu\/index.php\/wp-json\/wp\/v2\/posts\/86499\/revisions\/86500"}],"wp:attachment":[{"href":"https:\/\/gazdasagportal.hu\/index.php\/wp-json\/wp\/v2\/media?parent=86499"}],"wp:term":[{"taxonomy":"category","embeddable":true,"href":"https:\/\/gazdasagportal.hu\/index.php\/wp-json\/wp\/v2\/categories?post=86499"},{"taxonomy":"post_tag","embeddable":true,"href":"https:\/\/gazdasagportal.hu\/index.php\/wp-json\/wp\/v2\/tags?post=86499"}],"curies":[{"name":"wp","href":"https:\/\/api.w.org\/{rel}","templated":true}]}}