{"id":86497,"date":"2016-11-10T15:18:58","date_gmt":"2016-11-10T14:18:58","guid":{"rendered":"http:\/\/gazdasagportal.hu\/?p=86497"},"modified":"2016-11-10T15:18:58","modified_gmt":"2016-11-10T14:18:58","slug":"magyarorszag-fenntarthato-novekedesi-palyan-halad","status":"publish","type":"post","link":"https:\/\/gazdasagportal.hu\/index.php\/magyarorszag-fenntarthato-novekedesi-palyan-halad\/","title":{"rendered":"Magyarorsz\u00e1g fenntarthat\u00f3 n\u00f6veked\u00e9si p\u00e1ly\u00e1n halad"},"content":{"rendered":"<p><strong>A k\u00f6vetkez\u0151 \u00e9vekben is fenntarthat\u00f3 az a n\u00f6veked\u00e9si p\u00e1lya, amelyen Magyarorsz\u00e1g halad &#8211; mondta a Magyar Kereskedelmi \u00e9s Iparkamara (MKIK) eln\u00f6ke cs\u00fct\u00f6rt\u00f6k\u00f6n Budapesten sajt\u00f3t\u00e1j\u00e9koztat\u00f3n.<\/strong><!--more--><\/p>\n<div class=\"ads-in-post1\"><div id=\"gazdasagportal.hu_fullbanner_wideboard\"><\/div>\r\n<\/div>\n<p>    Parragh L\u00e1szl\u00f3 az MKIK Gazdas\u00e1g- \u00e9s V\u00e1llalkoz\u00e1skutat\u00f3 Int\u00e9zet (GVI) \u00e1ltal negyed\u00e9vente k\u00e9sz\u00edtett konjunkt\u00fara-vizsg\u00e1lat legfrissebb eredm\u00e9nyeir\u0151l meg\u00e1llap\u00edtotta: a v\u00e1llalkoz\u00e1sok tov\u00e1bbra is kedvez\u0151en \u00edt\u00e9lik meg a jelenlegi \u00fczleti k\u00f6rnyezetet, tov\u00e1bbi n\u00f6veked\u00e9ssel sz\u00e1molnak, v\u00e1rakoz\u00e1saik l\u00e9nyeg\u00e9ben nem v\u00e1ltoztak.     A kamara eln\u00f6ke k\u00e9rd\u00e9sre v\u00e1laszolva kifejtette: Magyarorsz\u00e1g j\u00f3 gazdas\u00e1gi helyzetben van, hiszen mindh\u00e1rom nagy hitelmin\u0151s\u00edt\u0151 befektet\u00e9si aj\u00e1nl\u00e1s\u00fa kateg\u00f3ri\u00e1ba emelte az orsz\u00e1got.     Az esem\u00e9nyen kiadott k\u00f6zlem\u00e9ny szerint a konjunkt\u00fara mutat\u00f3 \u00e9rt\u00e9ke az \u00e1prilisi plusz 49 pontr\u00f3l okt\u00f3berre plusz 48 pontra cs\u00f6kkent, ami a m\u00e1sodik legmagasabb \u00e9rt\u00e9k a felm\u00e9r\u00e9s kezdete \u00f3ta. Az \u00e1prilisi adatfelv\u00e9telhez k\u00e9pest a konjunkt\u00faramutat\u00f3 \u00e9rt\u00e9ke a kereskedelemben \u00e9s az \u00e9p\u00edt\u0151iparban 8, illetve 4 ponttal romlott, m\u00edg az iparn\u00e1l \u00e9s az egyes gazdas\u00e1gi szolg\u00e1ltat\u00e1sokn\u00e1l 2, illetve 1 ponttal javult &#8211; der\u00fcl ki a felm\u00e9r\u00e9sb\u0151l.<br \/>\n    A kedvez\u0151 \u00fczleti kl\u00edm\u00e1t legink\u00e1bb a k\u00fclf\u00f6ldi tulajdonban l\u00e9v\u0151, export\u00e1l\u00f3, t\u00f6bb mint 250 munkav\u00e1llal\u00f3t foglalkoztat\u00f3 c\u00e9gek jelzik, k\u00f6r\u00fckben a legkedvez\u0151bbek az \u00fczleti v\u00e1rakoz\u00e1sok.<br \/>\n    A kamara felm\u00e9r\u00e9se szerint okt\u00f3berben a c\u00e9gek \u00e1tlagos kapacit\u00e1skihaszn\u00e1lts\u00e1ga 81 sz\u00e1zal\u00e9kra n\u0151tt, ami 4 sz\u00e1zal\u00e9kponttal haladta meg az \u00e1prilisban m\u00e9rt \u00e9rt\u00e9ket. A v\u00e1llalatok \u00fczleti helyzet\u00fcket 5 ponttal kedvez\u0151bben jellemezt\u00e9k a tavaszi eredm\u00e9nyekhez k\u00e9pest, a mutat\u00f3 ezzel 42 pontra emelkedett. A legkedvez\u0151bb helyzetr\u0151l az ipari c\u00e9gek, a legkedvez\u0151tlenebbr\u0151l pedig az \u00e9p\u00edt\u0151iparban tev\u00e9kenyked\u0151 v\u00e1llalatok sz\u00e1moltak be.<br \/>\n    Az \u00fczleti v\u00e1rakoz\u00e1sok mutat\u00f3ja a gazdas\u00e1gi \u00e1gak k\u00f6z\u00f6tt az ipari v\u00e1llalatok k\u00f6r\u00e9ben \u00e9rte el a legmagasabb, 55 pontos \u00e9rt\u00e9ket, a t\u00f6bbi \u00e1gazatban enn\u00e9l j\u00f3val kedvez\u0151tlenebb &#8211; \u00e9p\u00edt\u0151iparban 12 pontos, a kereskedelem 36 pontos &#8211; v\u00e1rakoz\u00e1sok a jellemz\u0151ek.<br \/>\n    Az MKIK GVI felm\u00e9r\u00e9se szerint a v\u00e1llalkoz\u00e1sok a k\u00f6vetkez\u0151 f\u00e9l \u00e9vben is a munkaer\u0151-kereslet n\u00f6veked\u00e9s\u00e9re sz\u00e1m\u00edtanak, f\u0151leg az ipari c\u00e9gek, valamint a d\u00f6nt\u0151en k\u00fclf\u00f6ldi tulajdonban \u00e1ll\u00f3 v\u00e1llalatok jeleztek emelked\u0151 munkaer\u0151-keresletet.             A kamara kutat\u00f3int\u00e9zete harmincnyolcadik alkalommal k\u00e9sz\u00edtette el v\u00e1llalati konjunkt\u00fara-vizsg\u00e1lat\u00e1t, az okt\u00f3beri adatfelv\u00e9tel 3185 c\u00e9g vezet\u0151j\u00e9nek v\u00e1laszain alapul.<br \/>\n    A GVI konjunkt\u00faramutat\u00f3 aggreg\u00e1lt mutat\u00f3, amelyet a pozit\u00edv \u00e9s negat\u00edv helyzet\u00e9rt\u00e9kel\u00e9st ad\u00f3 v\u00e1llalatok ar\u00e1ny\u00e1nak k\u00fcl\u00f6nbs\u00e9g\u00e9b\u0151l k\u00e9peznek. A mutat\u00f3 m\u00ednusz 100 \u00e9s plusz 100 k\u00f6z\u00f6tti \u00e9rt\u00e9ket vehet fel, m\u00ednusz 100-at akkor, ha minden c\u00e9g negat\u00edvan \u00edt\u00e9l, \u00e9s plusz 100-at, ha minden v\u00e1laszad\u00f3 pozit\u00edvan. A felm\u00e9r\u00e9st 1998 \u00f3ta publik\u00e1lja az MKIK GVI. (MTI)<\/p>\n","protected":false},"excerpt":{"rendered":"<p>A k\u00f6vetkez\u0151 \u00e9vekben is fenntarthat\u00f3 az a n\u00f6veked\u00e9si p\u00e1lya, amelyen Magyarorsz\u00e1g halad &#8211; mondta a Magyar Kereskedelmi \u00e9s Iparkamara (MKIK) eln\u00f6ke cs\u00fct\u00f6rt\u00f6k\u00f6n Budapesten sajt\u00f3t\u00e1j\u00e9koztat\u00f3n.<\/p>\n","protected":false},"author":1,"featured_media":0,"comment_status":"open","ping_status":"closed","sticky":false,"template":"","format":"standard","meta":[],"categories":[19],"tags":[],"_links":{"self":[{"href":"https:\/\/gazdasagportal.hu\/index.php\/wp-json\/wp\/v2\/posts\/86497"}],"collection":[{"href":"https:\/\/gazdasagportal.hu\/index.php\/wp-json\/wp\/v2\/posts"}],"about":[{"href":"https:\/\/gazdasagportal.hu\/index.php\/wp-json\/wp\/v2\/types\/post"}],"author":[{"embeddable":true,"href":"https:\/\/gazdasagportal.hu\/index.php\/wp-json\/wp\/v2\/users\/1"}],"replies":[{"embeddable":true,"href":"https:\/\/gazdasagportal.hu\/index.php\/wp-json\/wp\/v2\/comments?post=86497"}],"version-history":[{"count":1,"href":"https:\/\/gazdasagportal.hu\/index.php\/wp-json\/wp\/v2\/posts\/86497\/revisions"}],"predecessor-version":[{"id":86498,"href":"https:\/\/gazdasagportal.hu\/index.php\/wp-json\/wp\/v2\/posts\/86497\/revisions\/86498"}],"wp:attachment":[{"href":"https:\/\/gazdasagportal.hu\/index.php\/wp-json\/wp\/v2\/media?parent=86497"}],"wp:term":[{"taxonomy":"category","embeddable":true,"href":"https:\/\/gazdasagportal.hu\/index.php\/wp-json\/wp\/v2\/categories?post=86497"},{"taxonomy":"post_tag","embeddable":true,"href":"https:\/\/gazdasagportal.hu\/index.php\/wp-json\/wp\/v2\/tags?post=86497"}],"curies":[{"name":"wp","href":"https:\/\/api.w.org\/{rel}","templated":true}]}}