{"id":86485,"date":"2016-11-10T10:45:14","date_gmt":"2016-11-10T09:45:14","guid":{"rendered":"http:\/\/gazdasagportal.hu\/?p=86485"},"modified":"2016-11-10T10:45:14","modified_gmt":"2016-11-10T09:45:14","slug":"gyj-2016-mtelekom-az-elemzoi-varakozasokat-joval-meghalado-harmadik-negyedeves-eredmeny","status":"publish","type":"post","link":"https:\/\/gazdasagportal.hu\/index.php\/gyj-2016-mtelekom-az-elemzoi-varakozasokat-joval-meghalado-harmadik-negyedeves-eredmeny\/","title":{"rendered":"GYJ 2016: MTelekom: Az elemz\u0151i v\u00e1rakoz\u00e1sokat j\u00f3val meghalad\u00f3 harmadik negyed\u00e9ves eredm\u00e9ny"},"content":{"rendered":"<p><a href=\"https:\/\/gazdasagportal.hu\/wp-content\/uploads\/2013\/10\/Magyar-Telekom.jpg\"><img decoding=\"async\" loading=\"lazy\" src=\"https:\/\/gazdasagportal.hu\/wp-content\/uploads\/2013\/10\/Magyar-Telekom.jpg\" alt=\"Magyar-Telekom\" width=\"500\" height=\"384\" class=\"aligncenter size-full wp-image-18465\" srcset=\"https:\/\/gazdasagportal.hu\/wp-content\/uploads\/2013\/10\/Magyar-Telekom.jpg 500w, https:\/\/gazdasagportal.hu\/wp-content\/uploads\/2013\/10\/Magyar-Telekom-300x230.jpg 300w, https:\/\/gazdasagportal.hu\/wp-content\/uploads\/2013\/10\/Magyar-Telekom-71x55.jpg 71w, https:\/\/gazdasagportal.hu\/wp-content\/uploads\/2013\/10\/Magyar-Telekom-310x238.jpg 310w, https:\/\/gazdasagportal.hu\/wp-content\/uploads\/2013\/10\/Magyar-Telekom-60x45.jpg 60w\" sizes=\"(max-width: 500px) 100vw, 500px\" \/><\/a><br \/>\n<strong>Az elemz\u0151i v\u00e1rakoz\u00e1sokat j\u00f3val meghalad\u00f3 harmadik negyed\u00e9ves eredm\u00e9nyeket k\u00f6z\u00f6lt a Magyar Telekom szerd\u00e1n, a t\u00e1vk\u00f6zl\u00e9si szolg\u00e1ltat\u00f3 megemelte a 2016-ra vonatkoz\u00f3 bev\u00e9tel \u00e9s EBITDA c\u00e9lkit\u0171z\u00e9seit.<\/strong><!--more--><\/p>\n<div class=\"ads-in-post1\"><div id=\"gazdasagportal.hu_fullbanner_wideboard\"><\/div>\r\n<\/div>\n<p>    A t\u00e1rsas\u00e1g r\u00e9szv\u00e9nyeseire jut\u00f3 ad\u00f3zott eredm\u00e9ny 33,2 sz\u00e1zal\u00e9kkal 12,44 milli\u00e1rd forintra n\u0151tt, az \u00e1rbev\u00e9tel pedig 4,7 sz\u00e1zal\u00e9kkal 150,6 milli\u00e1rd forintra m\u00e9rs\u00e9kl\u0151d\u00f6tt a tavalyi \u00e9v harmadik negyed\u00e9v\u00e9hez k\u00e9pest.<br \/>\n    A portfolio.hu \u00e1ltal k\u00e9sz\u00edtett elemz\u0151i konszenzus 11,5 milli\u00e1rd forint nett\u00f3 eredm\u00e9nyt \u00e9s 148,8 milli\u00e1rd forint bev\u00e9telt jelzett el\u0151re.<br \/>\n    A konszolid\u00e1lt, a nemzetk\u00f6zi p\u00e9nz\u00fcgyi jelent\u00e9si szabv\u00e1nyok (IFRS) alapj\u00e1n k\u00e9sz\u00fclt jelent\u00e9s szerint az EBITDA (kamatok, ad\u00f3fizet\u00e9s \u00e9s \u00e9rt\u00e9kcs\u00f6kken\u00e9si le\u00edr\u00e1s el\u0151tti) eredm\u00e9ny 10 sz\u00e1zal\u00e9kkal javult, 53,8 milli\u00e1rd forint lett a harmadik negyed\u00e9vben.<br \/>\n    Az egy r\u00e9szv\u00e9nyre jut\u00f3 nyeres\u00e9g 11,95 forint az egy \u00e9vvel kor\u00e1bbi 8,96 forinttal szemben.<br \/>\n    A Telekom az idei \u00e1rbev\u00e9tel v\u00e1rakoz\u00e1s\u00e1t 595 milli\u00e1rd forintra emelte a kor\u00e1bban v\u00e1rt 580-590 milli\u00e1rdr\u00f3l, valamint 193 milli\u00e1rd forint k\u00f6r\u00fcli EBITDA-eredm\u00e9nyre sz\u00e1m\u00edt a kor\u00e1bban v\u00e1rt 187-191 milli\u00e1rd helyett.<br \/>\n    Az \u00e9v els\u0151 kilenc h\u00f3napj\u00e1ban 443,8 milli\u00e1rd forint \u00e1rbev\u00e9telt \u00e9s 153,2 milli\u00e1rd forint EBITDA-t \u00e9rt el a v\u00e1llalat, a bev\u00e9tel 6,3 sz\u00e1zal\u00e9kkal alacsonyabb a tavalyi els\u0151 h\u00e1rom negyed\u00e9vin\u00e9l, m\u00edg az EBITDA 6,7 sz\u00e1zal\u00e9kkal meghaladja a b\u00e1zisid\u0151szakit. A nett\u00f3 eredm\u00e9ny tavalyhoz k\u00e9pest 41,7 sz\u00e1zal\u00e9kkal 34,5 milli\u00e1rd forintra emelkedett az id\u00e9n szeptember v\u00e9g\u00e9ig.<br \/>\n    Christopher Mattheisen vez\u00e9rigazgat\u00f3 a jelent\u00e9shez f\u0171z\u00f6tt komment\u00e1rj\u00e1ban azzal indokolta a c\u00e9lkit\u0171z\u00e9sek jav\u00edt\u00e1s\u00e1t, hogy a Digi v\u00e1rhat\u00f3an nem l\u00e9p be a mobil piacra 2016-ban, a v\u00e1s\u00e1rl\u00f3er\u0151 pedig tov\u00e1bb n\u00f6vekszik, emellett az \u00e1rbev\u00e9telhez tov\u00e1bbra is hozz\u00e1j\u00e1rulnak a lakoss\u00e1gi \u00e1ram szolg\u00e1ltat\u00e1sb\u00f3l sz\u00e1rmaz\u00f3 bev\u00e9telek, mivel err\u0151l a piacr\u00f3l 2017 m\u00e1rcius\u00e1ig nem tervez kil\u00e9pni a Telekom.<br \/>\n    A 2016. \u00e9vi beruh\u00e1z\u00e1si v\u00e1llal\u00e1s\u00e1t (Capex) meger\u0151s\u00edtette a t\u00e1rsas\u00e1g, e szerint a tavalyi 109,8 milli\u00e1rd forintn\u00e1l mintegy 10 sz\u00e1zal\u00e9kkal kevesebb \u00f6sszeget sz\u00e1n erre (spektrum akviz\u00edci\u00f3ra ford\u00edtott \u00f6sszegek \u00e9s \u00e9ves frekvencia d\u00edj aktiv\u00e1l\u00e1sa n\u00e9lk\u00fcl).<br \/>\n    Az alaptev\u00e9kenys\u00e9gb\u0151l sz\u00e1rmaz\u00f3 bev\u00e9telek 1,2 sz\u00e1zal\u00e9kkal emelkedtek a harmadik negyed\u00e9vben. Ezen bel\u00fcl a mobil bev\u00e9telek 4,5 sz\u00e1zal\u00e9kkal 82,7 milli\u00e1rd forintra n\u0151ttek, a vezet\u00e9kes bev\u00e9telek viszont 3,7 sz\u00e1zal\u00e9kkal 50,8 milli\u00e1rd forintra cs\u00f6kkentek.<br \/>\n    A rendszerintegr\u00e1ci\u00f3 \u00e9s inform\u00e1ci\u00f3technol\u00f3giai (RI\/IT) bev\u00e9telek 6,2 sz\u00e1zal\u00e9kkal 15,7 milli\u00e1rd forintra cs\u00f6kkentek 2015 harmadik negyed\u00e9v\u00e9hez k\u00e9pest. Az energiaszolg\u00e1ltat\u00e1sb\u00f3l sz\u00e1rmaz\u00f3 bev\u00e9telek 1,5 milli\u00e1rd forintra cs\u00f6kkentek a tavalyi harmadik negyed\u00e9vi 9,4 milli\u00e1rd forintr\u00f3l, aminek oka a g\u00e1zpiacr\u00f3l t\u00f6rt\u00e9nt kivonul\u00e1s.<br \/>\n    A szabad cash flow 29,8 milli\u00e1rd forintra n\u0151tt a harmadik negyed\u00e9v v\u00e9g\u00e9re az egy \u00e9vvel kor\u00e1bbi 16,9 milli\u00e1rdr\u00f3l.<br \/>\n    A t\u00e1rsas\u00e1g nett\u00f3 elad\u00f3sodotts\u00e1gi mutat\u00f3ja 41,6 sz\u00e1zal\u00e9kra cs\u00f6kkent szeptember v\u00e9g\u00e9re a 2015. decemberi 42,9 sz\u00e1zal\u00e9kr\u00f3l.<br \/>\n    A Telekom r\u00e9szv\u00e9nyeivel a Budapesti \u00c9rt\u00e9kt\u0151zsde pr\u00e9mium kateg\u00f3ri\u00e1j\u00e1ban kereskednek. A pap\u00edr 486 forinton z\u00e1rta a szerdai keresked\u00e9st, \u00e1rfolyama nem v\u00e1ltozott az el\u0151z\u0151 naphoz k\u00e9pest. Az elm\u00falt egy \u00e9vben a legmagasabb \u00e1rfolyama 490 forint, a legalacsonyabb 386 forint volt.(MTI)<\/p>\n","protected":false},"excerpt":{"rendered":"<p>Az elemz\u0151i v\u00e1rakoz\u00e1sokat j\u00f3val meghalad\u00f3 harmadik negyed\u00e9ves eredm\u00e9nyeket k\u00f6z\u00f6lt a Magyar Telekom szerd\u00e1n, a t\u00e1vk\u00f6zl\u00e9si szolg\u00e1ltat\u00f3 megemelte a 2016-ra vonatkoz\u00f3 bev\u00e9tel \u00e9s EBITDA c\u00e9lkit\u0171z\u00e9seit.<\/p>\n","protected":false},"author":1,"featured_media":18465,"comment_status":"open","ping_status":"closed","sticky":false,"template":"","format":"standard","meta":[],"categories":[403,146,7,47],"tags":[],"_links":{"self":[{"href":"https:\/\/gazdasagportal.hu\/index.php\/wp-json\/wp\/v2\/posts\/86485"}],"collection":[{"href":"https:\/\/gazdasagportal.hu\/index.php\/wp-json\/wp\/v2\/posts"}],"about":[{"href":"https:\/\/gazdasagportal.hu\/index.php\/wp-json\/wp\/v2\/types\/post"}],"author":[{"embeddable":true,"href":"https:\/\/gazdasagportal.hu\/index.php\/wp-json\/wp\/v2\/users\/1"}],"replies":[{"embeddable":true,"href":"https:\/\/gazdasagportal.hu\/index.php\/wp-json\/wp\/v2\/comments?post=86485"}],"version-history":[{"count":1,"href":"https:\/\/gazdasagportal.hu\/index.php\/wp-json\/wp\/v2\/posts\/86485\/revisions"}],"predecessor-version":[{"id":86486,"href":"https:\/\/gazdasagportal.hu\/index.php\/wp-json\/wp\/v2\/posts\/86485\/revisions\/86486"}],"wp:featuredmedia":[{"embeddable":true,"href":"https:\/\/gazdasagportal.hu\/index.php\/wp-json\/wp\/v2\/media\/18465"}],"wp:attachment":[{"href":"https:\/\/gazdasagportal.hu\/index.php\/wp-json\/wp\/v2\/media?parent=86485"}],"wp:term":[{"taxonomy":"category","embeddable":true,"href":"https:\/\/gazdasagportal.hu\/index.php\/wp-json\/wp\/v2\/categories?post=86485"},{"taxonomy":"post_tag","embeddable":true,"href":"https:\/\/gazdasagportal.hu\/index.php\/wp-json\/wp\/v2\/tags?post=86485"}],"curies":[{"name":"wp","href":"https:\/\/api.w.org\/{rel}","templated":true}]}}