{"id":86351,"date":"2016-11-07T17:28:03","date_gmt":"2016-11-07T16:28:03","guid":{"rendered":"http:\/\/gazdasagportal.hu\/?p=86351"},"modified":"2016-11-07T17:28:03","modified_gmt":"2016-11-07T16:28:03","slug":"piaci-tendenciak-a-lakasepitesek-novekedese-mogott","status":"publish","type":"post","link":"https:\/\/gazdasagportal.hu\/index.php\/piaci-tendenciak-a-lakasepitesek-novekedese-mogott\/","title":{"rendered":"Piaci tendenci\u00e1k a lak\u00e1s\u00e9p\u00edt\u00e9sek n\u00f6veked\u00e9se m\u00f6g\u00f6tt"},"content":{"rendered":"<p><strong>Az \u00e9v els\u0151 h\u00e1rom negyed\u00e9v\u00e9ben az \u00faj lak\u00e1sok \u00e9p\u00edt\u00e9se kism\u00e9rt\u00e9kben, a kiadott enged\u00e9lyek sz\u00e1ma sz\u00e1mottev\u0151en n\u00f6vekedett a KSH jelent\u00e9se szerint. Ezzel egyid\u0151ben er\u0151s\u00f6d\u0151 tendencia a min\u0151s\u00e9gi \u00e9p\u00edt\u0151anyagok haszn\u00e1lata, az energiahat\u00e9konys\u00e1g, valamint a kulcsrak\u00e9sz h\u00e1zak \u00e9p\u00edttet\u00e9se. Egyre kev\u00e9sb\u00e9 \u00e9ri m\u00e1r meg egyed\u00fcl bajl\u00f3dni az \u00e9p\u00edtkez\u00e9ssel.<\/strong><!--more--><\/p>\n<div class=\"ads-in-post1\"><div id=\"gazdasagportal.hu_fullbanner_wideboard\"><\/div>\r\n<\/div>\n<p>\u201cAz \u00e9p\u00edt\u0151anyag keresked\u0151k besz\u00e1mol\u00f3i szerint a kor\u00e1bbi h\u00f3napokhoz k\u00e9pest lankadni l\u00e1tszik a lak\u00e1s\u00e9p\u00edt\u00e9sek lend\u00fclete, de m\u00e9g mindig el\u00e9g nagy az \u00e9rdekl\u0151d\u00e9s a szerkezet\u00e9p\u00edt\u00e9shez haszn\u00e1lt anyagok ir\u00e1nt. Az \u00e1tlagot Budapest \u00e9s K\u00f6z\u00e9p-Magyarorsz\u00e1g h\u00fazza, ahol a tavalyin\u00e1l l\u00e9nyegesen nagyobb az \u00e9p\u00edt\u00e9si kedv\u201d \u2013 mondta Markovich B\u00e9la a Mapei Kft. \u00fcgyvezet\u0151je, \u00c9VOSZ eln\u00f6ks\u00e9gi tag.<\/p>\n<p>&nbsp;<\/p><div id=\"gazda-4121971640\" class=\"gazda-tartalomban gazda-entity-placement\"><script async src=\"https:\/\/pagead2.googlesyndication.com\/pagead\/js\/adsbygoogle.js\"><\/script>\r\n<ins class=\"adsbygoogle\"\r\n     style=\"display:block\"\r\n     data-ad-format=\"fluid\"\r\n     data-ad-layout-key=\"-6t+ed+2i-1n-4w\"\r\n     data-ad-client=\"ca-pub-1959107119989764\"\r\n     data-ad-slot=\"4008251320\"><\/ins>\r\n<script>\r\n     (adsbygoogle = window.adsbygoogle || []).push({});\r\n<\/script><\/div>\n<p><b>Energiahat\u00e9kony tendenci\u00e1k<\/b><\/p>\n<p>Tapasztalatok szerint a csal\u00e1di h\u00e1zakn\u00e1l az \u00e9p\u00edttet\u0151k egyre ink\u00e1bb t\u00f6rekednek a min\u0151s\u00e9gre. Fontos szempont az energiahat\u00e9konys\u00e1g, hogy az \u00fajonnan \u00e9p\u00fcl\u0151 h\u00e1z min\u00e9l alacsonyabb \u00fczemeltet\u00e9si k\u00f6lts\u00e9ggel legyen \u00fczemeltethet\u0151. Sok helyen igyekeznek \u00fagy \u00e9p\u00edteni a lak\u00e1sokat, hogy az \u00fczemeltet\u00e9shez meg\u00fajul\u00f3 energiaforr\u00e1sokat haszn\u00e1ljanak, jellemz\u0151en geotermikus \u00e9s napenergi\u00e1t.<\/p>\n<p>Azonban mindez nem minden esetben igaz az \u00e9p\u00edtett lak\u00e1sokra, ahol a gener\u00e1lkivitelez\u0151 d\u00f6nt\u00e9s\u00e9t\u0151l f\u00fcgg az \u00e9p\u00edt\u0151anyagok min\u0151s\u00e9ge \u00e9s az energiahat\u00e9konys\u00e1g \u2013 melyek sajnos nem minden esetben a legfontosabb szempontok.<\/p>\n<p>&nbsp;<\/p>\n<p><b>Fejl\u0151d\u0151 kivitelez\u0151k<\/b><\/p>\n<p>Egyre er\u0151s\u00f6d\u0151 tendencia, hogy n\u0151 a kivitelez\u0151k \u00e1ltal kulcsrak\u00e9szre \u00e9p\u00edtett h\u00e1zak \u00e9s lak\u00e1sok sz\u00e1ma. A tendencia m\u00f6g\u00f6tt h\u00e1rom t\u00e9nyez\u0151 h\u00faz\u00f3dik. Tal\u00e1n a legfontosabb az anyagi megfontol\u00e1s: egy kivitelez\u0151 \u00e1ltal kulcsrak\u00e9szre meg\u00e9p\u00edtett lak\u00e1s, vagy csal\u00e1di h\u00e1z eset\u00e9n alkalmazhat\u00f3 az \u00f6t sz\u00e1zal\u00e9kos \u00e1fa kulcs, ami \u00f6nmag\u00e1ban is el\u00e9g nyom\u00f3s indok lehet.<\/p>\n<p>M\u00e1sr\u00e9szr\u0151l egyre t\u00f6bben l\u00e1tnak lehet\u0151s\u00e9get abban, hogy telket v\u00e1s\u00e1rolva, arra csal\u00e1di h\u00e1zakat, vagy t\u00e1rsash\u00e1zat \u00e9p\u00edtve \u00e9rt\u00e9kes\u00edts\u00e9k a lak\u00e1sokat, befektet\u00e9si c\u00e9llal.<\/p>\n<p>V\u00e9g\u00fcl egyre javul az \u00e9p\u00edt\u0151 c\u00e9gek szolg\u00e1ltat\u00e1s\u00e1nak min\u0151s\u00e9ge \u00e9s sz\u00ednvonala is. Mivel a megrendel\u0151k egyre t\u00e1j\u00e9kozottabbak, egyre magasabb elv\u00e1r\u00e1sokat t\u00e1masztanak a kivitelez\u0151kkel szemben a szolg\u00e1ltat\u00e1s sz\u00ednvonal\u00e1t illet\u0151en is. Erre v\u00e1laszul megjelentek a kulcsrak\u00e9sz csal\u00e1di h\u00e1z \u00e9s lak\u00e1s\u00e9p\u00edt\u00e9sre specializ\u00e1l\u00f3dott, magas sz\u00ednvonalon szolg\u00e1ltat\u00f3 v\u00e1llalkoz\u00e1sok.<\/p>\n<p>Ezek a tendenci\u00e1k egy\u00fcttesen azt eredm\u00e9nyezik, hogy egyre kev\u00e9sb\u00e9 \u00e9ri meg, hogy az \u00e9p\u00edttet\u0151 maga bajl\u00f3djon az \u00e9p\u00edtkez\u00e9ssel \u2013 mondta Markovich B\u00e9la.<\/p>\n<p>&nbsp;<\/p>\n<p><b>A Mapei Kft:<\/b><\/p>\n<p>A Mapei Kft. az \u00e9p\u00edt\u0151ipari seg\u00e9danyaggy\u00e1rt\u00e1s,- \u00e9s forgalmaz\u00e1s egyik legjelent\u0151sebb piaci szerepl\u0151je Magyarorsz\u00e1gon. 1991. szeptember 1-j\u00e9n j\u00f6tt l\u00e9tre \u00a0az osztr\u00e1k Mapei GmbH. alap\u00edt\u00e1s\u00e1ban, a Mapei S.p.A. le\u00e1nyv\u00e1llalatak\u00e9nt. Belf\u00f6ldi forgalma 2015-ben 9,35 milli\u00e1rd forint volt.<\/p>\n<p>Egy 7 800 m2 \u00f6sszter\u00fclet\u0171 gy\u00e1rat \u00e9s rakt\u00e1rt \u00fczemeltet S\u00f3sk\u00faton. A gy\u00e1r \u00e9ves szinten t\u00f6bb mint, 46.000 tonna term\u00e9ket \u00e1ll\u00edt el\u0151, amivel nem csak a hazai piac ig\u00e9ny\u00e9t szolg\u00e1lj\u00e1k ki, hanem b\u00e9rgy\u00e1rt\u00e1ssal is foglalkoznak \u00e9s a k\u00f6rnyez\u0151 orsz\u00e1gokba is sz\u00e1ll\u00edtanak.<\/p>\n<p>A Mapei Kft. 148 f\u0151t foglalkoztat, valamint kiemelt \u00e9s folyamatos szerepet v\u00e1llal a szakemberk\u00e9pz\u00e9sben: 2010-ben ezt a szerepv\u00e1llal\u00e1sukat Gazdas\u00e1gi Miniszteri Kit\u00fcntet\u00e9ssel ismert\u00e9k el. 2015-ben 5400 f\u0151t k\u00e9peztek, f\u0151k\u00e9nt kivitelez\u0151ket, keresked\u0151ket \u00e9s tervez\u0151ket.<\/p>\n<p>A v\u00e1llalat 2006-ban, majd 2015-ben m\u00e1sodszor is elnyerte a <b>Legjobb Munkahely<\/b> c\u00edmet.<\/p>\n","protected":false},"excerpt":{"rendered":"<p>Az \u00e9v els\u0151 h\u00e1rom negyed\u00e9v\u00e9ben az \u00faj lak\u00e1sok \u00e9p\u00edt\u00e9se kism\u00e9rt\u00e9kben, a kiadott enged\u00e9lyek sz\u00e1ma sz\u00e1mottev\u0151en n\u00f6vekedett a KSH jelent\u00e9se szerint. Ezzel egyid\u0151ben er\u0151s\u00f6d\u0151 tendencia a min\u0151s\u00e9gi \u00e9p\u00edt\u0151anyagok haszn\u00e1lata, az energiahat\u00e9konys\u00e1g, valamint a kulcsrak\u00e9sz h\u00e1zak \u00e9p\u00edttet\u00e9se. Egyre kev\u00e9sb\u00e9 \u00e9ri m\u00e1r meg egyed\u00fcl bajl\u00f3dni az \u00e9p\u00edtkez\u00e9ssel.<\/p>\n","protected":false},"author":1,"featured_media":0,"comment_status":"open","ping_status":"closed","sticky":false,"template":"","format":"standard","meta":[],"categories":[19,22],"tags":[],"_links":{"self":[{"href":"https:\/\/gazdasagportal.hu\/index.php\/wp-json\/wp\/v2\/posts\/86351"}],"collection":[{"href":"https:\/\/gazdasagportal.hu\/index.php\/wp-json\/wp\/v2\/posts"}],"about":[{"href":"https:\/\/gazdasagportal.hu\/index.php\/wp-json\/wp\/v2\/types\/post"}],"author":[{"embeddable":true,"href":"https:\/\/gazdasagportal.hu\/index.php\/wp-json\/wp\/v2\/users\/1"}],"replies":[{"embeddable":true,"href":"https:\/\/gazdasagportal.hu\/index.php\/wp-json\/wp\/v2\/comments?post=86351"}],"version-history":[{"count":1,"href":"https:\/\/gazdasagportal.hu\/index.php\/wp-json\/wp\/v2\/posts\/86351\/revisions"}],"predecessor-version":[{"id":86352,"href":"https:\/\/gazdasagportal.hu\/index.php\/wp-json\/wp\/v2\/posts\/86351\/revisions\/86352"}],"wp:attachment":[{"href":"https:\/\/gazdasagportal.hu\/index.php\/wp-json\/wp\/v2\/media?parent=86351"}],"wp:term":[{"taxonomy":"category","embeddable":true,"href":"https:\/\/gazdasagportal.hu\/index.php\/wp-json\/wp\/v2\/categories?post=86351"},{"taxonomy":"post_tag","embeddable":true,"href":"https:\/\/gazdasagportal.hu\/index.php\/wp-json\/wp\/v2\/tags?post=86351"}],"curies":[{"name":"wp","href":"https:\/\/api.w.org\/{rel}","templated":true}]}}