{"id":86234,"date":"2016-11-03T08:24:59","date_gmt":"2016-11-03T07:24:59","guid":{"rendered":"http:\/\/gazdasagportal.hu\/?p=86234"},"modified":"2016-11-03T07:26:24","modified_gmt":"2016-11-03T06:26:24","slug":"penteken-vizsgalja-a-magyar-allamados-osztalyzatot-a-moodys","status":"publish","type":"post","link":"https:\/\/gazdasagportal.hu\/index.php\/penteken-vizsgalja-a-magyar-allamados-osztalyzatot-a-moodys\/","title":{"rendered":"P\u00e9nteken vizsg\u00e1lja a magyar \u00e1llamad\u00f3s-oszt\u00e1lyzatot a Moody&#8217;s"},"content":{"rendered":"<p><a href=\"https:\/\/gazdasagportal.hu\/wp-content\/uploads\/2013\/11\/moodys2.jpg\"><img decoding=\"async\" loading=\"lazy\" src=\"https:\/\/gazdasagportal.hu\/wp-content\/uploads\/2013\/11\/moodys2.jpg\" alt=\"moodys2\" width=\"640\" height=\"427\" class=\"aligncenter size-full wp-image-20773\" srcset=\"https:\/\/gazdasagportal.hu\/wp-content\/uploads\/2013\/11\/moodys2.jpg 640w, https:\/\/gazdasagportal.hu\/wp-content\/uploads\/2013\/11\/moodys2-300x200.jpg 300w, https:\/\/gazdasagportal.hu\/wp-content\/uploads\/2013\/11\/moodys2-600x400.jpg 600w, https:\/\/gazdasagportal.hu\/wp-content\/uploads\/2013\/11\/moodys2-82x55.jpg 82w, https:\/\/gazdasagportal.hu\/wp-content\/uploads\/2013\/11\/moodys2-310x206.jpg 310w, https:\/\/gazdasagportal.hu\/wp-content\/uploads\/2013\/11\/moodys2-180x120.jpg 180w\" sizes=\"(max-width: 640px) 100vw, 640px\" \/><\/a><\/p>\n<p><strong>P\u00e9nteken vizsg\u00e1lja a magyar \u00e1llamad\u00f3s-besorol\u00e1st a Moody&#8217;s Investors Service. Londoni p\u00e9nz\u00fcgyi elemz\u0151k szerint van es\u00e9ly arra, hogy a m\u00e1sik k\u00e9t nagy hitelmin\u0151s\u00edt\u0151h\u00f6z hasonl\u00f3an a Moody&#8217;s is visszaemeli a befektet\u00e9si aj\u00e1nl\u00e1s\u00fa s\u00e1vba a szuver\u00e9n magyar oszt\u00e1lyzatot.<\/strong><!--more--><\/p>\n<div class=\"ads-in-post1\"><div id=\"gazdasagportal.hu_fullbanner_wideboard\"><\/div>\r\n<\/div>\n<p>    A Moody&#8217;s a kialakult gyakorlatnak megfelel\u0151en v\u00e1rhat\u00f3an p\u00e9nteken k\u00e9s\u0151 \u00e9jjel, az eur\u00f3pai \u00e9s az amerikai piaci z\u00e1r\u00e1sok ut\u00e1n jelenti be d\u00f6nt\u00e9s\u00e9t Londonban.<br \/>\n    A c\u00e9g idei fel\u00fclvizsg\u00e1lati menetrendj\u00e9ben ez lesz a magyar ad\u00f3soszt\u00e1lyzat harmadik, egyben utols\u00f3 \u00e9rt\u00e9kel\u00e9se.<br \/>\n    Az els\u0151 idei fel\u00fclvizsg\u00e1lati id\u0151pont m\u00e1rcius 4-\u00e9n, a m\u00e1sodik j\u00falius 8-\u00e1n volt, de a Moody&#8217;s ezeken a napokon nem jelentett be m\u00f3dos\u00edt\u00e1st, \u00e9s nem bizonyos az sem, hogy a p\u00e9ntekre kit\u0171z\u00f6tt fel\u00fclvizsg\u00e1lati id\u0151pontban b\u00e1rmilyen l\u00e9p\u00e9st v\u00e9grehajt.<br \/>\n    Az Eur\u00f3pai Uni\u00f3 \u00e1ltal a glob\u00e1lis p\u00e9nz\u00fcgyi v\u00e1ls\u00e1g ut\u00e1n \u00e9letbe l\u00e9ptetett szab\u00e1lyoz\u00e1s alapj\u00e1n &#8211; hacsak azonnali min\u0151s\u00edt\u00e9si l\u00e9p\u00e9st ig\u00e9nyl\u0151 rendk\u00edv\u00fcli fejlem\u00e9ny nem t\u00f6rt\u00e9nik &#8211; a hitelmin\u0151s\u00edt\u0151k az \u00e1ltaluk el\u0151re meghat\u00e1rozott, Br\u00fcsszelnek beny\u00fajtott id\u0151pontokban hajthatnak csak v\u00e9gre ad\u00f3soszt\u00e1lyzati l\u00e9p\u00e9seket EU-tag\u00e1llamok eset\u00e9ben. A szab\u00e1lyoz\u00e1s azonban arra nem k\u00f6telezi a c\u00e9geket, hogy a kijel\u00f6lt napokon t\u00e9nylegesen m\u00f3dos\u00edts\u00e1k is a menetrendben sorra ker\u00fcl\u0151 uni\u00f3s szuver\u00e9n ad\u00f3sok besorol\u00e1sait vagy az oszt\u00e1lyzatok kil\u00e1t\u00e1s\u00e1t.<br \/>\n    A Moody&#8217;s mindazon\u00e1ltal m\u00e1r tavaly november \u00f3ta felmin\u0151s\u00edt\u00e9s lehet\u0151s\u00e9g\u00e9re utal\u00f3 pozit\u00edv kil\u00e1t\u00e1st tart \u00e9rv\u00e9nyben a magyar oszt\u00e1lyzatra. A londoni elemz\u0151i k\u00f6z\u00f6ss\u00e9g nem z\u00e1rja ki, hogy p\u00e9nteken ez a c\u00e9g is visszaemeli a magyar besorol\u00e1st a befektet\u00e9si aj\u00e1nl\u00e1s\u00fa s\u00e1vba, az egyes oszt\u00e1lyzati kil\u00e1t\u00e1sok kifut\u00e1si ideje ugyanis a nemzetk\u00f6zi hitelmin\u0151s\u00edt\u0151i gyakorlatban \u00e1tlagosan 12-18 h\u00f3nap.<br \/>\n    A Morgan Stanley glob\u00e1lis p\u00e9nz\u00fcgyi szolg\u00e1ltat\u00f3 csoport londoni befektet\u00e9si r\u00e9szleg\u00e9nek felz\u00e1rk\u00f3z\u00f3 piacokkal foglalkoz\u00f3 elemz\u0151i e h\u00e9tre sz\u00f3l\u00f3 el\u0151rejelz\u00e9s\u00fckben val\u00f3sz\u00edn\u0171nek nevezt\u00e9k, hogy a Moody&#8217;s p\u00e9nteken befektet\u00e9si besorol\u00e1st ad a magyar \u00e1llamad\u00f3ss\u00e1gra.<br \/>\n    A h\u00e1z londoni elemz\u0151i is kiemelt\u00e9k, hogy a Moody&#8217;s m\u00e1r egy \u00e9ve pozit\u00edv kil\u00e1t\u00e1ssal tartja nyilv\u00e1n a magyar ad\u00f3soszt\u00e1lyzatot. V\u00e9lem\u00e9ny\u00fck szerint emellett a magyar gazdas\u00e1g javul\u00f3 makromutat\u00f3i is er\u0151teljesen arra vallanak, hogy a Moody&#8217;s a mostani fel\u00fclvizsg\u00e1lati id\u0151pontban a magyar \u00e1llamad\u00f3s-oszt\u00e1lyzat jav\u00edt\u00e1sa mellett d\u00f6nt.<br \/>\n    A Morgan Stanley elemz\u0151i felid\u00e9zt\u00e9k, hogy a Moody&#8217;s a ny\u00e1ron t\u00f6bb magyar bankot m\u00e1r felmin\u0151s\u00edtett.<br \/>\n    A hitelmin\u0151s\u00edt\u0151 j\u00faliusban a K&#038;H Bank, az Erste Bank Hungary, a Budapest Bank \u00e9s az MKB k\u00fcl\u00f6nb\u00f6z\u0151 besorol\u00e1sai jav\u00edtotta, miut\u00e1n magasabbra sorolta a magyar gazdas\u00e1g makroprofil-min\u0151s\u00edt\u00e9s\u00e9t is.<br \/>\n    A Moody&#8217;s nem sokkal kor\u00e1bban az eg\u00e9sz magyar bankszektor kil\u00e1t\u00e1s\u00e1t is pozit\u00edvra jav\u00edtotta az addigi stabilr\u00f3l, azzal indokolva a l\u00e9p\u00e9st, hogy a javul\u00f3 magyarorsz\u00e1gi m\u0171k\u00f6d\u00e9si k\u00f6rnyezet v\u00e1rhat\u00f3an j\u00f3t tesz a bankok eszk\u00f6zmin\u0151s\u00e9g\u00e9nek \u00e9s t\u0151kehelyzet\u00e9nek, \u00e9s a szektor ism\u00e9t nyeres\u00e9gess\u00e9 v\u00e1lhat.<br \/>\n    E d\u00f6nt\u00e9s\u00e9hez f\u0171z\u00f6tt elemz\u00e9s\u00e9ben a hitelmin\u0151s\u00edt\u0151 kiemelte azt is, hogy a devizaalap\u00fa hitelek tavalyi \u00e1tv\u00e1lt\u00e1sa jelent\u0151s eszk\u00f6zmin\u0151s\u00e9gi kock\u00e1zatokat t\u00e1vol\u00edtott el a rendszerb\u0151l.<br \/>\n    Jelenleg m\u00e1r csak a Moody&#8217;s tatja nem befektet\u00e9si aj\u00e1nl\u00e1s\u00fa kateg\u00f3ri\u00e1ban a magyar \u00e1llamad\u00f3s-besorol\u00e1st &#8222;Ba1&#8221; &#8211; a m\u00e1sik k\u00e9t hitelmin\u0151s\u00edt\u0151 m\u00f3dszertan\u00e1ban &#8222;BB plusz&#8221;-nak megfelel\u0151 &#8211; oszt\u00e1lyzattal. Ez egyetlen fokozattal marad el a befektet\u00e9sre aj\u00e1nlott s\u00e1vt\u00f3l.<br \/>\n    A Standard &#038; Poor&#8217;s szeptemberben, a Fitch Ratings &#8211; a h\u00e1rom nagy nemzetk\u00f6zi hitelmin\u0151s\u00edt\u0151 k\u00f6z\u00fcl els\u0151k\u00e9nt &#8211; m\u00e1r m\u00e1jusban \u00e1tsorolta a befektet\u00e9si aj\u00e1nl\u00e1s\u00fa s\u00e1vba a magyar \u00e1llamad\u00f3ss\u00e1got. Mindk\u00e9t c\u00e9g &#8222;BBB m\u00ednusz&#8221; oszt\u00e1lyzattal tartja nyilv\u00e1n a hossz\u00fa futamidej\u0171 magyar szuver\u00e9n devizaad\u00f3ss\u00e1got; ez a besorol\u00e1s a befektet\u00e9sre aj\u00e1nlott kateg\u00f3ria alapszintje.<br \/>\n    Az S&#038;P \u00e9s a Fitch l\u00e9p\u00e9se azt jelenti, hogy az int\u00e9zm\u00e9nyi befektet\u0151k szempontj\u00e1b\u00f3l Magyarorsz\u00e1g &#8211; f\u00fcggetlen\u00fcl a Moody&#8217;s p\u00e9nteki d\u00f6nt\u00e9s\u00e9t\u0151l &#8211; m\u00e1r most is befektet\u00e9sre aj\u00e1nlott szuver\u00e9n ad\u00f3s. A nemzetk\u00f6zi gyakorlat alapj\u00e1n ugyanis a befektet\u00e9si t\u00e1rsas\u00e1gok \u00e1ltal\u00e1ban k\u00e9t hitelmin\u0151s\u00edt\u0151 oszt\u00e1lyzat\u00e1t veszik figyelembe annak meghat\u00e1roz\u00e1s\u00e1hoz, hogy egy adott szuver\u00e9n vagy kereskedelmi ad\u00f3s besorol\u00e1s\u00e1t befektet\u00e9sre aj\u00e1nlottnak tekintik-e, vagy sem.(MTI)<\/p>\n","protected":false},"excerpt":{"rendered":"<p>P\u00e9nteken vizsg\u00e1lja a magyar \u00e1llamad\u00f3s-besorol\u00e1st a Moody&#8217;s Investors Service. Londoni p\u00e9nz\u00fcgyi elemz\u0151k szerint van es\u00e9ly arra, hogy a m\u00e1sik k\u00e9t nagy hitelmin\u0151s\u00edt\u0151h\u00f6z hasonl\u00f3an a Moody&#8217;s is visszaemeli a befektet\u00e9si aj\u00e1nl\u00e1s\u00fa s\u00e1vba a szuver\u00e9n magyar oszt\u00e1lyzatot.<\/p>\n","protected":false},"author":1,"featured_media":20773,"comment_status":"open","ping_status":"closed","sticky":false,"template":"","format":"standard","meta":[],"categories":[146,19],"tags":[],"_links":{"self":[{"href":"https:\/\/gazdasagportal.hu\/index.php\/wp-json\/wp\/v2\/posts\/86234"}],"collection":[{"href":"https:\/\/gazdasagportal.hu\/index.php\/wp-json\/wp\/v2\/posts"}],"about":[{"href":"https:\/\/gazdasagportal.hu\/index.php\/wp-json\/wp\/v2\/types\/post"}],"author":[{"embeddable":true,"href":"https:\/\/gazdasagportal.hu\/index.php\/wp-json\/wp\/v2\/users\/1"}],"replies":[{"embeddable":true,"href":"https:\/\/gazdasagportal.hu\/index.php\/wp-json\/wp\/v2\/comments?post=86234"}],"version-history":[{"count":1,"href":"https:\/\/gazdasagportal.hu\/index.php\/wp-json\/wp\/v2\/posts\/86234\/revisions"}],"predecessor-version":[{"id":86235,"href":"https:\/\/gazdasagportal.hu\/index.php\/wp-json\/wp\/v2\/posts\/86234\/revisions\/86235"}],"wp:featuredmedia":[{"embeddable":true,"href":"https:\/\/gazdasagportal.hu\/index.php\/wp-json\/wp\/v2\/media\/20773"}],"wp:attachment":[{"href":"https:\/\/gazdasagportal.hu\/index.php\/wp-json\/wp\/v2\/media?parent=86234"}],"wp:term":[{"taxonomy":"category","embeddable":true,"href":"https:\/\/gazdasagportal.hu\/index.php\/wp-json\/wp\/v2\/categories?post=86234"},{"taxonomy":"post_tag","embeddable":true,"href":"https:\/\/gazdasagportal.hu\/index.php\/wp-json\/wp\/v2\/tags?post=86234"}],"curies":[{"name":"wp","href":"https:\/\/api.w.org\/{rel}","templated":true}]}}