{"id":86174,"date":"2016-10-31T20:11:21","date_gmt":"2016-10-31T19:11:21","guid":{"rendered":"http:\/\/gazdasagportal.hu\/?p=86174"},"modified":"2016-10-31T20:11:21","modified_gmt":"2016-10-31T19:11:21","slug":"torvenyes-celpontta-valhatnak-aleppoban-a-washington-altal-tamogatott-fegyveresek","status":"publish","type":"post","link":"https:\/\/gazdasagportal.hu\/index.php\/torvenyes-celpontta-valhatnak-aleppoban-a-washington-altal-tamogatott-fegyveresek\/","title":{"rendered":"T\u00f6rv\u00e9nyes c\u00e9lpontt\u00e1 v\u00e1lhatnak Alepp\u00f3ban a Washington \u00e1ltal t\u00e1mogatott fegyveresek"},"content":{"rendered":"<p><strong>&#8222;T\u00f6rv\u00e9nyes c\u00e9lpontt\u00e1&#8221; v\u00e1lhatnak Alepp\u00f3ban az Egyes\u00fclt \u00c1llamok \u00e1ltal t\u00e1mogatott, m\u00e9rs\u00e9keltnek mondott sz\u00edriai ellenz\u00e9ki er\u0151k, ha nem k\u00fcl\u00f6n\u00fclnek el az an-Nuszra Front terrorszervezet (\u00fajabb nev\u00e9n: a Dzsabhat Fatah as-Sam) fegyvereseit\u0151l &#8211; figyelmeztetett Szergej Lavrov orosz k\u00fcl\u00fcgyminiszter a ciprusi hivatali partner\u00e9vel, Joannisz Kaszulidesszel k\u00f6z\u00f6sen megtartott h\u00e9tf\u0151i moszkvai sajt\u00f3t\u00e1j\u00e9koztat\u00f3j\u00e1n.<\/strong><!--more--><\/p>\n<div class=\"ads-in-post1\"><div id=\"gazdasagportal.hu_fullbanner_wideboard\"><\/div>\r\n<\/div>\n<p>    &#8222;Az, hogy mindenki arr\u00f3l kezdett el besz\u00e9lni, hogy a Nuszra t\u00e1madja a sz\u00edriai korm\u00e1nyer\u0151k \u00e1ll\u00e1sait, arr\u00f3l tan\u00faskodik, hogy minden olyan m\u00e9reteket \u00f6lt\u00f6tt (Alepp\u00f3ban), hogy m\u00e1r nem lehet szemet hunyni a kileng\u00e9sek f\u00f6l\u00f6tt&#8221; &#8211; hangoztatta az orosz diplom\u00e1cia vezet\u0151je, aki konkr\u00e9tumok eml\u00edt\u00e9se n\u00e9lk\u00fcl azt \u00e1ll\u00edtotta, hogy m\u00e1r a nyugati m\u00e9di\u00e1ban is elismerik az an-Nuszra Front vezet\u0151 szerep\u00e9t.<br \/>\n    K\u00e9ts\u00e9gbe vonta azokat az amerikai \u00e1ll\u00edt\u00e1sokat, amelyek szerint Alepp\u00f3nak a sz\u00edriai korm\u00e1nyer\u0151k \u00e1ltal k\u00f6r\u00fclz\u00e1rt keleti negyedeiben, ahonnan a Damaszkusz-ellenes er\u0151k kit\u00f6rni pr\u00f3b\u00e1lnak, az an-N\u00faszra Front mell\u00e9kszerepl\u0151 lenne.<br \/>\n    &#8222;Nuszra k\u00e9t-h\u00e1romsz\u00e1z fegyverese nem tudna ilyen hat\u00e1st el\u0151id\u00e9zni \u00e9s ilyen mennyis\u00e9g\u0171 t\u00e1mad\u00e1st v\u00e9grehajtani. Ez \u00fajb\u00f3l arr\u00f3l gy\u0151z meg benn\u00fcnket, hogy a t\u00f6bbi csoportosul\u00e1s k\u00f6zvetlen t\u00e1rsul\u00e1sban \u00e1ll vel\u00fck&#8221; &#8211; mondta Lavrov.<br \/>\n    &#8222;Ism\u00e9t felh\u00edvjuk partnereinket, akiknek befoly\u00e1suk van az ellenz\u00e9kre, hogy (annak er\u0151i) halad\u00e9ktalanul v\u00e1ljanak le a Nuszr\u00e1r\u00f3l, az\u00e9rt hogy a terrorist\u00e1k elleni harcra \u00f6sszpontos\u00edtsunk. Ha ezt nem teszik meg, akkor az ENSZ hat\u00e1rozataival \u00f6sszhangban leg\u00e1lis c\u00e9lpontt\u00e1 v\u00e1lnak&#8221; &#8211; hangs\u00falyozta.<br \/>\n    Felh\u00edvta a figyelmet arra, hogy az orosz \u00e9s a sz\u00edriai l\u00e9gier\u0151 imm\u00e1r csaknem k\u00e9t hete nem bomb\u00e1zza Alepp\u00f3t. V\u00e9lem\u00e9nyes szerint ennyi id\u0151nek elegend\u0151nek kellett lennie ahhoz, hogy a m\u00e9rs\u00e9keltnek mondott ellenz\u00e9ki er\u0151k elk\u00fcl\u00f6n\u00fcljenek az an-Nuszra frontt\u00f3l.<br \/>\n    &#8222;Ha az elk\u00fcl\u00f6n\u00fcl\u00e9s nem t\u00f6rt\u00e9nik meg, akkor korrig\u00e1lnunk kell az \u00e1ll\u00e1spontunkat. Kor\u00e1bban azt mondtuk, hogy az Egyes\u00fclt \u00c1llamok vagy nem k\u00e9pes vagy nem tudja lev\u00e1lasztani az ellenz\u00e9ket. Most azt lehet majd mondani, hogy nem akarja. B\u00edzunk benne, hogy az \u00f6nfenntart\u00e1si \u00f6szt\u00f6n fel\u00fclkerekedik, mert a terrorist\u00e1kkal \u00f6sszej\u00e1tszani mindig vesz\u00e9lyes. Az amerikaiak ezt jobban tudj\u00e1k, mint b\u00e1rki m\u00e1s&#8221; &#8211; tette hozz\u00e1.<br \/>\n    Lavrov kijelentette, hogy a hmejm\u00edmi \u00e9s a tartuszi orosz b\u00e1zisok elegend\u0151ek a sz\u00edriai terrorelh\u00e1r\u00edt\u00e1si m\u0171veletek v\u00e9grehajt\u00e1s\u00e1hoz. Mint mondta, a Joannisz Kaszulidesszel folytatott t\u00e1rgyal\u00e1sain nem szerepelt t\u00e9mak\u00e9nt, hogy Oroszorsz\u00e1g t\u00e1maszpontokat hozzon l\u00e9tre Cipruson. Ezt Kaszulidesz is meger\u0151s\u00edtette.<br \/>\n    Lavrov egy\u00e9bk\u00e9nt egy, az orosz \u00e1llami telev\u00edzi\u00f3 Rosszija 1 csatorn\u00e1j\u00e1n vas\u00e1rnap este bemutatott, Jevgenyij Primakov n\u00e9hai orosz k\u00fcl\u00fcgyminiszterr\u0151l \u00e9s minisztereln\u00f6kr\u0151l k\u00e9sz\u00fclt dokumentumfilmben nyilatkozva \u00fagy fogalmazott, hogy a nyugati \u00e1llamok, de els\u0151sorban az Egyes\u00fclt \u00c1llamok \u00e9s Nagy-Britannia, a Sz\u00edri\u00e1val kapcsolatos &#8222;hiszt\u00e9ri\u00e1ban&#8221; a &#8222;nyilv\u00e1nos s\u00e9rt\u00e9sekig&#8221; is elmennek Oroszorsz\u00e1ggal szemben. Kifog\u00e1solta, hogy Washington &#8222;h\u00e1bor\u00fas b\u0171ncselekm\u00e9nyek&#8221; elk\u00f6vet\u00e9s\u00e9vel v\u00e1dolja Moszkv\u00e1t, mik\u00f6zben Jugoszl\u00e1vi\u00e1ban polg\u00e1ri c\u00e9lpontokat bomb\u00e1zott.<br \/>\n    A Jugoszl\u00e1via elleni (NATO-)fell\u00e9p\u00e9st &#8222;agresszi\u00f3nak&#8221; min\u0151s\u00edtette \u00e9s hangs\u00falyozta, hogy &#8222;1945 ut\u00e1n ez volt az els\u0151 fegyveres t\u00e1mad\u00e1s Eur\u00f3p\u00e1ban, amelyet egy szuver\u00e9n \u00e1llam ellen elk\u00f6vettek&#8221;.<br \/>\n    &#8222;Eml\u00e9keztetn\u00e9k r\u00e1, hogy a Jugoszl\u00e1v Sz\u00f6vets\u00e9gi K\u00f6zt\u00e1rsas\u00e1g elleni agresszi\u00f3 polg\u00e1ri c\u00e9lpontok elleni t\u00e1mad\u00e1sok hatalmas mennyis\u00e9g\u00e9vel kapcsol\u00f3dott \u00f6ssze, bele\u00e9rtve egyebek k\u00f6z\u00f6tt Szerbia telev\u00edzi\u00f3j\u00e1t, hidakat, amelyeken polg\u00e1ri utassz\u00e1ll\u00edt\u00f3 vonatok k\u00f6zlekedtek, \u00e9s sok minden m\u00e1st. T\u00f6bb ezer halott, k\u00f6zt\u00fck n\u00e9h\u00e1ny sz\u00e1z gyerek, negyedmilli\u00f3 menek\u00fclt, akikr\u0151l az\u00f3ta sem eml\u00e9kezett meg senki&#8221; &#8211; mondta.<br \/>\n    A Human Rights Watch nemzetk\u00f6zi jogv\u00e9d\u0151 szervezet 489 \u00e9s 528 k\u00f6z\u00f6ttire becs\u00fclte meg az 1999-es, 78 napig tart\u00f3 NATO-l\u00e9gihadj\u00e1rat polg\u00e1ri \u00e1ldozatainak sz\u00e1m\u00e1t. A szerb korm\u00e1ny szerint ezzel szemben legkevesebb 2500 civil halt meg \u00e9s tov\u00e1bbi 12 500 megsebes\u00fclt. Belgr\u00e1d becsl\u00e9se szerint 25 ezer lak\u00f3h\u00e1z s\u00e9r\u00fclt meg, valamint 470 kilom\u00e9ternyi k\u00f6z\u00fat \u00e9s 600 kilom\u00e9ternyi vas\u00fat semmis\u00fclt meg. A szerb v\u00e9delmi miniszt\u00e9rium azt k\u00f6z\u00f6lte, hogy l\u00e9gicsap\u00e1sok k\u00f6vetkezt\u00e9ben 631 katona meghalt, 28-nak pedig nyoma veszett.(MTI)<\/p>\n","protected":false},"excerpt":{"rendered":"<p>&#8222;T\u00f6rv\u00e9nyes c\u00e9lpontt\u00e1&#8221; v\u00e1lhatnak Alepp\u00f3ban az Egyes\u00fclt \u00c1llamok \u00e1ltal t\u00e1mogatott, m\u00e9rs\u00e9keltnek mondott sz\u00edriai ellenz\u00e9ki er\u0151k, ha nem k\u00fcl\u00f6n\u00fclnek el az an-Nuszra Front terrorszervezet (\u00fajabb nev\u00e9n: a Dzsabhat Fatah as-Sam) fegyvereseit\u0151l &#8211; figyelmeztetett Szergej Lavrov orosz k\u00fcl\u00fcgyminiszter a ciprusi hivatali partner\u00e9vel, Joannisz Kaszulidesszel k\u00f6z\u00f6sen megtartott h\u00e9tf\u0151i moszkvai sajt\u00f3t\u00e1j\u00e9koztat\u00f3j\u00e1n.<\/p>\n","protected":false},"author":1,"featured_media":0,"comment_status":"open","ping_status":"closed","sticky":false,"template":"","format":"standard","meta":[],"categories":[16],"tags":[],"_links":{"self":[{"href":"https:\/\/gazdasagportal.hu\/index.php\/wp-json\/wp\/v2\/posts\/86174"}],"collection":[{"href":"https:\/\/gazdasagportal.hu\/index.php\/wp-json\/wp\/v2\/posts"}],"about":[{"href":"https:\/\/gazdasagportal.hu\/index.php\/wp-json\/wp\/v2\/types\/post"}],"author":[{"embeddable":true,"href":"https:\/\/gazdasagportal.hu\/index.php\/wp-json\/wp\/v2\/users\/1"}],"replies":[{"embeddable":true,"href":"https:\/\/gazdasagportal.hu\/index.php\/wp-json\/wp\/v2\/comments?post=86174"}],"version-history":[{"count":1,"href":"https:\/\/gazdasagportal.hu\/index.php\/wp-json\/wp\/v2\/posts\/86174\/revisions"}],"predecessor-version":[{"id":86175,"href":"https:\/\/gazdasagportal.hu\/index.php\/wp-json\/wp\/v2\/posts\/86174\/revisions\/86175"}],"wp:attachment":[{"href":"https:\/\/gazdasagportal.hu\/index.php\/wp-json\/wp\/v2\/media?parent=86174"}],"wp:term":[{"taxonomy":"category","embeddable":true,"href":"https:\/\/gazdasagportal.hu\/index.php\/wp-json\/wp\/v2\/categories?post=86174"},{"taxonomy":"post_tag","embeddable":true,"href":"https:\/\/gazdasagportal.hu\/index.php\/wp-json\/wp\/v2\/tags?post=86174"}],"curies":[{"name":"wp","href":"https:\/\/api.w.org\/{rel}","templated":true}]}}