{"id":86172,"date":"2016-10-31T19:24:58","date_gmt":"2016-10-31T18:24:58","guid":{"rendered":"http:\/\/gazdasagportal.hu\/?p=86172"},"modified":"2016-10-31T19:24:58","modified_gmt":"2016-10-31T18:24:58","slug":"illegalis-bevandorlas-a-nemet-cdu-ujabb-menekultugyi-szigoritasokat-kezdemenyez","status":"publish","type":"post","link":"https:\/\/gazdasagportal.hu\/index.php\/illegalis-bevandorlas-a-nemet-cdu-ujabb-menekultugyi-szigoritasokat-kezdemenyez\/","title":{"rendered":"Illeg\u00e1lis bev\u00e1ndorl\u00e1s &#8211; A n\u00e9met CDU \u00fajabb menek\u00fclt\u00fcgyi szigor\u00edt\u00e1sokat kezdem\u00e9nyez"},"content":{"rendered":"<p><strong>N\u00e9metorsz\u00e1gban \u00fajabb menek\u00fclt\u00fcgyi szigor\u00edt\u00e1sokat kezdem\u00e9nyez a Kereszt\u00e9nydemokrata Uni\u00f3 (CDU), a p\u00e1rt a t\u00f6bbi k\u00f6z\u00f6tt kem\u00e9nyebb fell\u00e9p\u00e9st szorgalmaz az irataikat sz\u00e1nd\u00e9kosan megsemmis\u00edt\u0151 mened\u00e9kk\u00e9r\u0151kkel szemben, \u00e9s biztons\u00e1gos sz\u00e1rmaz\u00e1si orsz\u00e1gg\u00e1 min\u0151s\u00edtene sz\u00e1mos afrikai \u00e1llamot.<\/strong><!--more--><\/p>\n<div class=\"ads-in-post1\"><div id=\"gazdasagportal.hu_fullbanner_wideboard\"><\/div>\r\n<\/div>\n<p>    A testv\u00e9rp\u00e1rt bajor Kereszt\u00e9nyszoci\u00e1lis Uni\u00f3val (CSU) \u00e9s a szoci\u00e1ldemokrat\u00e1kkal (SPD) korm\u00e1nyz\u00f3 p\u00e1rt egyik aleln\u00f6ke, Thomas Strobl baden-w\u00fcrttembergi tartom\u00e1nyi bel\u00fcgyminiszter a Frankfurter Allgemeine Zeitung c\u00edm\u0171 lapban h\u00e9tf\u0151n k\u00f6z\u00f6lt interj\u00faban kiemelte, hogy &#8222;mennie kell, akinek nincs joga a marad\u00e1sra&#8221;, ez\u00e9rt a &#8222;kell\u0151 kem\u00e9nys\u00e9ggel&#8221; kell v\u00e9grehajtani a kitoloncol\u00e1sokat. A baden-w\u00fcrttembergi hat\u00f3s\u00e1gok \u00edgy is tesznek, az id\u00e9n 65 sz\u00e1zal\u00e9kkal t\u00f6bb elutas\u00edtott mened\u00e9kk\u00e9r\u0151t sz\u00e1ll\u00edtottak vissza haz\u00e1jukba, mint tavaly, de csak akkor lehetnek eredm\u00e9nyesebbek, ha sz\u00e9les\u00edtik jogi lehet\u0151s\u00e9geiket.<br \/>\n    Mindenekel\u0151tt a mened\u00e9kjogot csal\u00e1ssal, hamis szem\u00e9lyi adatok megad\u00e1s\u00e1val megszerezni igyekv\u0151 \u00e9s a pap\u00edrjaikat sz\u00e1nd\u00e9kosan megsemmis\u00edt\u0151 k\u00e9relmez\u0151k ellen kell szigor\u00fabban fell\u00e9pni. A p\u00e1rt decemberi kongresszus\u00e1ra &#8222;nagyon konkr\u00e9t&#8221; javaslatok k\u00e9sz\u00fclnek &#8211; mondta Thomas Strobl, utalva a CDU-s vezet\u00e9s\u0171 sz\u00f6vets\u00e9gi bel\u00fcgyminiszt\u00e9riumban form\u00e1l\u00f3d\u00f3 jogszab\u00e1lytervezetre, amelyben a v\u00e1rakoz\u00e1sok szerint a t\u00f6bbi k\u00f6z\u00f6tt szerepel majd, hogy az elrejt\u0151z\u00e9s megel\u0151z\u00e9se c\u00e9lj\u00e1b\u00f3l megsz\u00fcntetik azt a szab\u00e1lyt, hogy el\u0151re k\u00f6z\u00f6lni kell a kitoloncol\u00e1s id\u0151pontj\u00e1t, \u00e9s sz\u00e9les\u00edtik a kitoloncol\u00e1si \u0151rizetbe v\u00e9tel lehet\u0151s\u00e9g\u00e9t.<br \/>\n    Az elutas\u00edtott mened\u00e9kk\u00e9r\u0151ket nagyobb hat\u00e9konys\u00e1ggal kell visszajuttatni haz\u00e1jukba. B\u0151v\u00edteni kell a biztons\u00e1gos sz\u00e1rmaz\u00e1si orsz\u00e1gok k\u00f6r\u00e9t is &#8211; aminek r\u00e9v\u00e9n a menek\u00fclt\u00fcgyi hat\u00f3s\u00e1g gyorsabban b\u00edr\u00e1lhatja el mened\u00e9kjogi k\u00e9relmeket -, ide kell sorolni az \u00e9szak-afrikai Maghreb-t\u00e9rs\u00e9g \u00e1llamait \u00e9s m\u00e1s afrikai orsz\u00e1gokat. P\u00e9ld\u00e1ul Gambi\u00e1t, amelynek N\u00e9metorsz\u00e1gban tart\u00f3zkod\u00f3 \u00e1llampolg\u00e1rai k\u00f6z\u00fcl  nagyon kevesen kapnak mened\u00e9kjogot, a b\u0171n\u00f6z\u00e9s viszont k\u00f6r\u00fckben ar\u00e1nytalanul maga. Az ilyen jelens\u00e9geket az \u00e1llam nem n\u00e9zheti t\u00e9tlen\u00fcl, k\u00fcl\u00f6nben &#8222;nevets\u00e9gess\u00e9 v\u00e1lunk \u00e9s a lakoss\u00e1gban al\u00e1\u00e1ssuk a v\u00e9delemre szorul\u00f3k integr\u00e1ci\u00f3j\u00e1nak siker\u00e9be vetett hitet&#8221; &#8211; mondta a CDU aleln\u00f6ke.<br \/>\n    Azzal kapcsolatban, hogy a CSU a menek\u00fclt\u00fcgy k\u00f6r\u00fcli vit\u00e1k miatt nem h\u00edvja meg p\u00e9nteken kezd\u0151d\u0151 kongresszus\u00e1ra Angela Merkel kancell\u00e1rt, a CDU eln\u00f6k\u00e9t, Thomas Strobl al\u00e1h\u00fazta, hogy a testv\u00e9rp\u00e1rtok &#8222;98 sz\u00e1zal\u00e9kban&#8221; egyet\u00e9rtenek a menek\u00fcltpolitik\u00e1ban.<br \/>\n    A CSU eln\u00f6ke, Horst Seehofer bajor korm\u00e1nyf\u0151 p\u00e1rtja eln\u00f6ks\u00e9g\u00e9nek h\u00e9tf\u0151i m\u00fcncheni \u00fcl\u00e9s\u00e9n jelentette be hivatalosan, hogy Angela Merkel nem vesz r\u00e9szt a kongresszuson. R\u00e9sztvev\u0151k besz\u00e1mol\u00f3i szerint hangoztatta, hogy Angela Merkellel k\u00f6z\u00f6sen, egyet\u00e9rt\u00e9sben hat\u00e1roztak err\u0151l. A vizit elmarad\u00e1s\u00e1t azzal indokolta, hogy m\u00e9g nem k\u00e9sz\u00fclt el a testv\u00e9rp\u00e1rtok k\u00f6z\u00f6s migr\u00e1ci\u00f3s politikai koncepci\u00f3ja, \u00e9s nem szabad &#8222;megj\u00e1tszani az egyet\u00e9rt\u00e9st&#8221;.<br \/>\n    Elmondta: &#8222;nem s\u00f6pr\u00fcnk semmit a sz\u0151nyeg al\u00e1 a harm\u00f3nia kedv\u00e9\u00e9rt&#8221;, \u00e9s a t\u00f6bb mint egy \u00e9ve h\u00faz\u00f3d\u00f3 konfliktusra &#8222;\u0151szinte megold\u00e1st&#8221; kell tal\u00e1lni. Kiemelte, hogy ha v\u00e9g\u00fcl maradnak elemek, amelyekben feloldhatatlannak bizonyul az ellent\u00e9t, akkor &#8222;azt majd elmondjuk a nyilv\u00e1noss\u00e1gnak&#8221;.<br \/>\n    A CSU ragaszkodik ahhoz, hogy \u00e9vi 200 ezer f\u0151ben korl\u00e1tozz\u00e1k a befogadhat\u00f3 menek\u00fcltek sz\u00e1m\u00e1t. Angela Merkel ezt elutas\u00edtja, mert szerinte a menek\u00fcltek \u00e1raml\u00e1s\u00e1t nem lehet egyoldal\u00fa, &#8222;nemzeti&#8221; int\u00e9zked\u00e9sekkel szab\u00e1lyozni.(MTI)<\/p>\n","protected":false},"excerpt":{"rendered":"<p>N\u00e9metorsz\u00e1gban \u00fajabb menek\u00fclt\u00fcgyi szigor\u00edt\u00e1sokat kezdem\u00e9nyez a Kereszt\u00e9nydemokrata Uni\u00f3 (CDU), a p\u00e1rt a t\u00f6bbi k\u00f6z\u00f6tt kem\u00e9nyebb fell\u00e9p\u00e9st szorgalmaz az irataikat sz\u00e1nd\u00e9kosan megsemmis\u00edt\u0151 mened\u00e9kk\u00e9r\u0151kkel szemben, \u00e9s biztons\u00e1gos sz\u00e1rmaz\u00e1si orsz\u00e1gg\u00e1 min\u0151s\u00edtene sz\u00e1mos afrikai \u00e1llamot.<\/p>\n","protected":false},"author":1,"featured_media":0,"comment_status":"open","ping_status":"closed","sticky":false,"template":"","format":"standard","meta":[],"categories":[12],"tags":[],"_links":{"self":[{"href":"https:\/\/gazdasagportal.hu\/index.php\/wp-json\/wp\/v2\/posts\/86172"}],"collection":[{"href":"https:\/\/gazdasagportal.hu\/index.php\/wp-json\/wp\/v2\/posts"}],"about":[{"href":"https:\/\/gazdasagportal.hu\/index.php\/wp-json\/wp\/v2\/types\/post"}],"author":[{"embeddable":true,"href":"https:\/\/gazdasagportal.hu\/index.php\/wp-json\/wp\/v2\/users\/1"}],"replies":[{"embeddable":true,"href":"https:\/\/gazdasagportal.hu\/index.php\/wp-json\/wp\/v2\/comments?post=86172"}],"version-history":[{"count":1,"href":"https:\/\/gazdasagportal.hu\/index.php\/wp-json\/wp\/v2\/posts\/86172\/revisions"}],"predecessor-version":[{"id":86173,"href":"https:\/\/gazdasagportal.hu\/index.php\/wp-json\/wp\/v2\/posts\/86172\/revisions\/86173"}],"wp:attachment":[{"href":"https:\/\/gazdasagportal.hu\/index.php\/wp-json\/wp\/v2\/media?parent=86172"}],"wp:term":[{"taxonomy":"category","embeddable":true,"href":"https:\/\/gazdasagportal.hu\/index.php\/wp-json\/wp\/v2\/categories?post=86172"},{"taxonomy":"post_tag","embeddable":true,"href":"https:\/\/gazdasagportal.hu\/index.php\/wp-json\/wp\/v2\/tags?post=86172"}],"curies":[{"name":"wp","href":"https:\/\/api.w.org\/{rel}","templated":true}]}}