{"id":86170,"date":"2016-10-31T16:51:59","date_gmt":"2016-10-31T15:51:59","guid":{"rendered":"http:\/\/gazdasagportal.hu\/?p=86170"},"modified":"2016-10-31T08:53:19","modified_gmt":"2016-10-31T07:53:19","slug":"brexit-brit-politikai-elemzo-a-fuggetlen-skocia-orokolhetne-nagy-britannia-helyet-az-eu-ban","status":"publish","type":"post","link":"https:\/\/gazdasagportal.hu\/index.php\/brexit-brit-politikai-elemzo-a-fuggetlen-skocia-orokolhetne-nagy-britannia-helyet-az-eu-ban\/","title":{"rendered":"Brexit &#8211; Brit politikai elemz\u0151: a f\u00fcggetlen Sk\u00f3cia \u00f6r\u00f6k\u00f6lhetn\u00e9 Nagy-Britannia hely\u00e9t az EU-ban"},"content":{"rendered":"<p><strong>Sk\u00f3cia \u00f6r\u00f6k\u00f6lhetn\u00e9 Nagy-Britannia tags\u00e1g\u00e1t az Eur\u00f3pai Uni\u00f3ban, ha a brit kil\u00e9p\u00e9s id\u0151pontj\u00e1ig f\u00fcggetlenn\u00e9 v\u00e1lna &#8211; mondta vas\u00e1rnap az egyik legtekint\u00e9lyesebb brit politikatudom\u00e1nyi szak\u00e9rt\u0151.<\/strong><!--more--><\/p>\n<div class=\"ads-in-post1\"><div id=\"gazdasagportal.hu_fullbanner_wideboard\"><\/div>\r\n<\/div>\n<p>    John Curtice, a patin\u00e1s sk\u00f3ciai Strathclyde egyetem politol\u00f3gia-professzora, a brit k\u00f6zv\u00e9lem\u00e9ny-kutat\u00f3 int\u00e9zetek orsz\u00e1gos sz\u00f6vets\u00e9g\u00e9nek (BPC) eln\u00f6ke a The Herald c\u00edm\u0171 sk\u00f3ciai h\u00edrport\u00e1lnak nyilatkozva felid\u00e9zte: a brit k\u00fcl\u00fcgyminiszt\u00e9rium a sk\u00f3t f\u00fcggetlens\u00e9gr\u0151l 2014-ben tartott n\u00e9pszavaz\u00e1s el\u0151tt azzal \u00e9rvelt, hogy ha Sk\u00f3cia f\u00fcggetlenn\u00e9 v\u00e1lik, akkor k\u00fcl\u00f6n orsz\u00e1gk\u00e9nt nem maradhatna jogfolytonoss\u00e1gi alapon az EU tagja, mivel az uni\u00f3 az Egyes\u00fclt Kir\u00e1lys\u00e1got ismeri el tagorsz\u00e1gk\u00e9nt.<br \/>\n    Curtice szerint azonban ha az Egyes\u00fclt Kir\u00e1lys\u00e1g az EU-tags\u00e1gr\u00f3l j\u00faniusban rendezett n\u00e9pszavaz\u00e1s eredm\u00e9nye alapj\u00e1n kil\u00e9p az EU-b\u00f3l, \u00e9s addig Sk\u00f3cia f\u00fcggetlenn\u00e9 v\u00e1lik, az Eur\u00f3pai Uni\u00f3 d\u00f6nthet \u00fagy is &#8211; \u00e9ppen a brit k\u00fcl\u00fcgyminiszt\u00e9rium k\u00e9t \u00e9vvel ezel\u0151tti \u00e9rvel\u00e9s\u00e9nek \u00fajra\u00e9rtelmez\u00e9s\u00e9vel -, hogy Sk\u00f3cia l\u00e9phet jogfolytonos EU-tagk\u00e9nt az Egyes\u00fclt Kir\u00e1lys\u00e1g hely\u00e9re.<br \/>\n    Curtice professzor szerint az Egyes\u00fclt Kir\u00e1lys\u00e1g t\u00e1voz\u00e1sa jelent\u0151s csap\u00e1s az EU-ra, de az uni\u00f3 szempontj\u00e1b\u00f3l &#8222;a semmin\u00e9l m\u00e9g az is jobb megold\u00e1s lenne&#8221;, ha megtarthatn\u00e1 a jelenlegi Egyes\u00fclt Kir\u00e1lys\u00e1g egy r\u00e9sz\u00e9t.<br \/>\n    Sk\u00f3ci\u00e1ban 2014 szeptember\u00e9ben m\u00e1r tartottak egy n\u00e9pszavaz\u00e1st a f\u00fcggetlens\u00e9gr\u0151l, de akkor a v\u00e1laszt\u00f3k 55 sz\u00e1zal\u00e9ka az elszakad\u00e1s ellen voksolt.<br \/>\n    A brit EU-tags\u00e1gr\u00f3l j\u00fanius 23-\u00e1n rendezett referendumon orsz\u00e1gos \u00e1tlagban sz\u0171k, 51,9 sz\u00e1zal\u00e9kos t\u00f6bbs\u00e9ggel a kil\u00e9p\u00e9st p\u00e1rtol\u00f3k gy\u0151ztek, \u00e1m Sk\u00f3ci\u00e1ban a v\u00e1laszt\u00f3k 62 sz\u00e1zal\u00e9ka a bennmarad\u00e1sra szavazott.<br \/>\n    Nicola Sturgeon sk\u00f3t minisztereln\u00f6k, a Sk\u00f3ci\u00e1t korm\u00e1nyz\u00f3, f\u00fcggetlens\u00e9gre t\u00f6rekv\u0151 Sk\u00f3t Nemzeti P\u00e1rt (SNP) vezet\u0151je az\u00f3ta t\u00f6bb nyilatkozat\u00e1ban is egy\u00e9rtelm\u0171v\u00e9 tette, hogy ism\u00e9t napirendre ker\u00fclt Sk\u00f3cia f\u00fcggetlenn\u00e9 v\u00e1l\u00e1s\u00e1nak k\u00e9rd\u00e9se, mivel Sk\u00f3cia nem fogadja el, hogy akarata ellen\u00e9re &#8222;kir\u00e1ngass\u00e1k&#8221; az Eur\u00f3pai Uni\u00f3b\u00f3l.<br \/>\n    A sk\u00f3t korm\u00e1ny m\u00e1r \u00f6ssze is \u00e1ll\u00edtotta \u00e9s a minap t\u00e1rsadalmi konzult\u00e1ci\u00f3ra bocs\u00e1totta az \u00fajabb f\u00fcggetlens\u00e9gi n\u00e9pszavaz\u00e1sr\u00f3l sz\u00f3l\u00f3 t\u00f6rv\u00e9nytervezetet, amely azonban egyel\u0151re nem ker\u00fcl az edinburghi parlament el\u00e9. Nicola Sturgeon t\u00f6bb utal\u00e1st is tett arra az elm\u00falt hetekben, hogy az \u00fajabb referendum akkor lesz lehets\u00e9ges, ha a sk\u00f3t v\u00e1laszt\u00f3k jelent\u0151s t\u00f6bbs\u00e9ge egy\u00e9rtelm\u0171en az elszakad\u00e1st p\u00e1rtolja.<br \/>\n    A sk\u00f3t f\u00fcggetlens\u00e9gi t\u00f6rekv\u00e9sek komoly konfliktust vet\u00edtenek el\u0151re Londonnal. A 2014-ben tartott f\u00fcggetlens\u00e9gi referendumot a sk\u00f3t korm\u00e1ny az akkori brit korm\u00e1ny beleegyez\u00e9s\u00e9vel rendezte, k\u00f6z\u00f6s sz\u00e1nd\u00e9knyilatkozat \u00e9s k\u00fcl\u00f6n t\u00f6rv\u00e9ny alapj\u00e1n, Theresa May jelenlegi brit minisztereln\u00f6k azonban egy\u00e9rtelm\u0171en kiz\u00e1rta Sk\u00f3cia elszakad\u00e1s\u00e1nak lehet\u0151s\u00e9g\u00e9t, t\u00f6bbsz\u00f6r is kijelentve: az Egyes\u00fclt Kir\u00e1lys\u00e1g egy\u00fctt fog kil\u00e9pni az Eur\u00f3pai Uni\u00f3b\u00f3l, &#8222;a Brexitb\u0151l nincs kimarad\u00e1si lehet\u0151s\u00e9g&#8221;.<br \/>\n    Az ut\u00f3bbi id\u0151ben t\u00f6bb EU-tagorsz\u00e1g vezet\u0151i is er\u0151s k\u00e9ts\u00e9geiknek adtak hangot azzal kapcsolatban, hogy a f\u00fcggetlen Sk\u00f3cia meg\u0151rizhetn\u00e9-e EU-tags\u00e1g\u00e1t.(MTI)<\/p>\n","protected":false},"excerpt":{"rendered":"<p>Sk\u00f3cia \u00f6r\u00f6k\u00f6lhetn\u00e9 Nagy-Britannia tags\u00e1g\u00e1t az Eur\u00f3pai Uni\u00f3ban, ha a brit kil\u00e9p\u00e9s id\u0151pontj\u00e1ig f\u00fcggetlenn\u00e9 v\u00e1lna &#8211; mondta vas\u00e1rnap az egyik legtekint\u00e9lyesebb brit politikatudom\u00e1nyi szak\u00e9rt\u0151.<\/p>\n","protected":false},"author":1,"featured_media":0,"comment_status":"open","ping_status":"closed","sticky":false,"template":"","format":"standard","meta":[],"categories":[12],"tags":[],"_links":{"self":[{"href":"https:\/\/gazdasagportal.hu\/index.php\/wp-json\/wp\/v2\/posts\/86170"}],"collection":[{"href":"https:\/\/gazdasagportal.hu\/index.php\/wp-json\/wp\/v2\/posts"}],"about":[{"href":"https:\/\/gazdasagportal.hu\/index.php\/wp-json\/wp\/v2\/types\/post"}],"author":[{"embeddable":true,"href":"https:\/\/gazdasagportal.hu\/index.php\/wp-json\/wp\/v2\/users\/1"}],"replies":[{"embeddable":true,"href":"https:\/\/gazdasagportal.hu\/index.php\/wp-json\/wp\/v2\/comments?post=86170"}],"version-history":[{"count":1,"href":"https:\/\/gazdasagportal.hu\/index.php\/wp-json\/wp\/v2\/posts\/86170\/revisions"}],"predecessor-version":[{"id":86171,"href":"https:\/\/gazdasagportal.hu\/index.php\/wp-json\/wp\/v2\/posts\/86170\/revisions\/86171"}],"wp:attachment":[{"href":"https:\/\/gazdasagportal.hu\/index.php\/wp-json\/wp\/v2\/media?parent=86170"}],"wp:term":[{"taxonomy":"category","embeddable":true,"href":"https:\/\/gazdasagportal.hu\/index.php\/wp-json\/wp\/v2\/categories?post=86170"},{"taxonomy":"post_tag","embeddable":true,"href":"https:\/\/gazdasagportal.hu\/index.php\/wp-json\/wp\/v2\/tags?post=86170"}],"curies":[{"name":"wp","href":"https:\/\/api.w.org\/{rel}","templated":true}]}}