{"id":86168,"date":"2016-10-31T15:30:20","date_gmt":"2016-10-31T14:30:20","guid":{"rendered":"http:\/\/gazdasagportal.hu\/?p=86168"},"modified":"2016-10-31T08:51:27","modified_gmt":"2016-10-31T07:51:27","slug":"donald-tusk-a-szabadkereskedelem-szazmilliokat-vedelmezett-meg-az-ehezestol-es-a-szegenysegtol","status":"publish","type":"post","link":"https:\/\/gazdasagportal.hu\/index.php\/donald-tusk-a-szabadkereskedelem-szazmilliokat-vedelmezett-meg-az-ehezestol-es-a-szegenysegtol\/","title":{"rendered":"Donald Tusk: a szabadkereskedelem sz\u00e1zmilli\u00f3kat v\u00e9delmezett meg az \u00e9hez\u00e9st\u0151l \u00e9s a szeg\u00e9nys\u00e9gt\u0151l"},"content":{"rendered":"<p><strong>A szabadkereskedelem \u00e9s a globaliz\u00e1ci\u00f3 sz\u00e1zmilli\u00f3kat v\u00e9delmezett meg az \u00e9hez\u00e9st\u0151l \u00e9s a szeg\u00e9nys\u00e9gt\u0151l, az emberis\u00e9get pedig az ellent\u00e9tek uralkod\u00f3v\u00e1 v\u00e1l\u00e1s\u00e1t\u00f3l &#8211; jelentette ki Donald Tusk, az Eur\u00f3pai Tan\u00e1cs eln\u00f6ke az Eur\u00f3pai Uni\u00f3 \u00e9s Kanada k\u00f6z\u00f6tt l\u00e9trej\u00f6tt szabadkereskedelmi egyezm\u00e9ny (CETA) al\u00e1\u00edr\u00e1s\u00e1val z\u00e1rult br\u00fcsszeli cs\u00facstal\u00e1lkoz\u00f3t k\u00f6vet\u0151en vas\u00e1rnap.<\/strong><!--more--><\/p>\n<div class=\"ads-in-post1\"><div id=\"gazdasagportal.hu_fullbanner_wideboard\"><\/div>\r\n<\/div>\n<p>    Tusk hangs\u00falyozta, a szabadkereskedelem hi\u00e1nya elszigetelts\u00e9ghez \u00e9s protekcionizmushoz, majd pedig nemzeti egoizmushoz vezet \u00e9s er\u0151szakos ellent\u00e9teket eredm\u00e9nyezhet.<br \/>\n    &#8222;Meg kell \u00e9rtetni az emberekkel, hogy meg\u00e1llapod\u00e1s az \u0151 \u00e9rdekeiket szolg\u00e1lja \u00e9s nem kiz\u00e1r\u00f3lag a v\u00e1llalatok\u00e9t&#8221; &#8211; fogalmazott. A nehezen l\u00e9trej\u00f6tt meg\u00e1llapod\u00e1s azt mutatja, hogy a nyugati orsz\u00e1gok \u00f6sszetart\u00e1s\u00e1nak felboml\u00e1sa nem lehet k\u00f6vetend\u0151 ir\u00e1ny &#8211; tette hozz\u00e1 az uni\u00f3s tan\u00e1cs eln\u00f6ke.<br \/>\n    Elmondta, az Eur\u00f3pai Uni\u00f3 \u00e9s Kanada \u00e1ltal ugyancsak vas\u00e1rnap al\u00e1\u00edrt partners\u00e9gi meg\u00e1llapod\u00e1s kisz\u00e9les\u00edti \u00e9s meger\u0151s\u00edti a k\u00fcl-, a biztons\u00e1g- \u00e9s v\u00e9delmi-, valamint az energia- \u00e9s kl\u00edmapolitikai k\u00f6z\u00f6s strat\u00e9gi\u00e1t.<br \/>\n    Justin Trudeau kanadai minisztereln\u00f6k kijelentette, a t\u00f6rt\u00e9nelmi jelent\u0151s\u00e9g\u0171 meg\u00e1llapod\u00e1s az al\u00e1\u00edr\u00f3 orsz\u00e1gok valamennyi polg\u00e1r\u00e1nak jobb j\u00f6v\u0151t biztos\u00edt.<br \/>\n    Az egyezm\u00e9ny legal\u00e1bb 20 sz\u00e1zal\u00e9kkal n\u00f6veli meg a partnerorsz\u00e1gok kereskedelm\u00e9t \u00e9s doll\u00e1r-milli\u00e1rdokkal j\u00e1rul hozz\u00e1 gazdas\u00e1gukhoz. Emellett sz\u00e9lesebb piaci hozz\u00e1f\u00e9r\u00e9st \u00e9s nagyobb gazdas\u00e1gi fejl\u0151d\u00e9st biztos\u00edt, valamint serkenti a munkahelyteremt\u00e9st &#8211; tette hozz\u00e1.<br \/>\n    Jean-Claude Juncker, az Eur\u00f3pai Bizotts\u00e1g eln\u00f6ke elmondta, a hosszan elny\u00fal\u00f3 t\u00e1rgyal\u00e1sokat k\u00f6vet\u0151en az uni\u00f3s tag\u00e1llamok \u00e9rz\u00e9kenys\u00e9g\u00e9t kezel\u0151 szabadkereskedelmi meg\u00e1llapod\u00e1s v\u00e9g\u00fcl megnyitja a kanadai szolg\u00e1ltat\u00e1sok piac\u00e1t az eur\u00f3pai v\u00e1llalatok el\u0151tt \u00e9s befektet\u00e9sre \u00f6szt\u00f6n\u00f6z.<br \/>\n    Az egyezm\u00e9ny l\u00e9trej\u00f6tte p\u00e9ldak\u00e9nt szolg\u00e1l majd a t\u00f6bbi, mintegy h\u00fasz megegyez\u00e9sre v\u00e1r\u00f3 szabadkereskedelmi \u00e9s politikai meg\u00e1llapod\u00e1s sz\u00e1m\u00e1ra is &#8211; tette hozz\u00e1.<br \/>\n    Federica Mogherini, az EU k\u00fcl- \u00e9s biztons\u00e1gpolitikai f\u0151k\u00e9pvisel\u0151je fontos l\u00e9p\u00e9snek nevezte az egyezm\u00e9ny al\u00e1\u00edr\u00e1s\u00e1t, amely seg\u00edti \u00e9s fellend\u00edti az eur\u00f3pai \u00e9s a kanadai gazdas\u00e1got.<br \/>\n    A kereskedelem leegyszer\u0171s\u00f6dik, a v\u00e1llalatok \u00fajabb piacokat pr\u00f3b\u00e1lhatnak ki \u00e9s munkahelyeket teremthet a felesleges k\u00f6lts\u00e9gek lefarag\u00e1sa, az egym\u00e1st \u00e1tfed\u0151 b\u00fcrokr\u00e1cia megsz\u0171n\u00e9se \u00e1ltal &#8211; mondta a f\u0151k\u00e9pvisel\u0151.<br \/>\n    Martin Schulz, az Eur\u00f3pai Parlament eln\u00f6ke vas\u00e1rnapi k\u00f6zlem\u00e9ny\u00e9ben hangs\u00falyozta, hogy a Kanad\u00e1val megk\u00f6t\u00f6tt meg\u00e1llapod\u00e1s egy j\u00f3, modern, \u00e9s el\u0151remutat\u00f3 egy\u00fcttm\u0171k\u00f6d\u00e9s kezdete, eloszlatva az el\u0151zetesen hangoztatott aggodalmakat.<br \/>\n    &#8222;Az uni\u00f3 nem ford\u00edthat h\u00e1tat a vil\u00e1gnak&#8221; &#8211; fogalmazott. Eur\u00f3pa elk\u00f6telezett amellett, hogy \u00e9rt\u00e9keinek meg\u0151rz\u00e9se mellett egy\u00fcttm\u0171k\u00f6dj\u00f6n partnereivel \u00faj lehet\u0151s\u00e9geket teremtve polg\u00e1rai, valamint v\u00e1llalatai sz\u00e1m\u00e1ra &#8211; mondta a parlamenti eln\u00f6k.<br \/>\n    Az egyezm\u00e9ny vas\u00e1rnapi al\u00e1\u00edr\u00e1s\u00e1t k\u00e9sleltette, hogy a kanadai minisztereln\u00f6k rep\u00fcl\u0151g\u00e9pe a reggeli felsz\u00e1ll\u00e1st k\u00f6vet\u0151en technikai okok miatt visszafordult az ottawai rep\u00fcl\u0151t\u00e9rre. Justin Trudeau \u00e9s k\u00eds\u00e9rete csak m\u00e1sf\u00e9l \u00f3r\u00e1val ezt k\u00f6vet\u0151en tudott \u00fajb\u00f3l elindulni Br\u00fcsszelbe a meg\u00e1llapod\u00e1s v\u00e9gleges\u00edt\u00e9s\u00e9re.<br \/>\n    Hosszas egyeztet\u00e9st k\u00f6vet\u0151en szombaton az Eur\u00f3pai Uni\u00f3 mind a 28 tag\u00e1llama j\u00f3v\u00e1hagyta a Kanad\u00e1val k\u00f6tend\u0151 szabadkereskedelmi egyezm\u00e9nyt alkot\u00f3 dokumentumok \u00f6sszess\u00e9g\u00e9t.<br \/>\n    Az egyezm\u00e9ny elfogad\u00e1s\u00e1t k\u00e9t h\u00e9tig feltart\u00f3ztatta Belgium francia nyelv\u0171 r\u00e9gi\u00f3ja, Vall\u00f3nia parlamentje. P\u00e9nteken ez a test\u00fclet is meg\u00e1llapodott, szombaton pedig szavazatt\u00f6bbs\u00e9ggel megadta t\u00e1mogat\u00e1s\u00e1t a belga sz\u00f6vets\u00e9gi korm\u00e1nynak, hogy al\u00e1\u00edrja a meg\u00e1llapod\u00e1st, miut\u00e1n garanci\u00e1kat kapott az agg\u00e1lyait illet\u0151en.<br \/>\n    Az Eur\u00f3pai Uni\u00f3 huszonh\u00e9t tag\u00e1llama m\u00e1r kor\u00e1bban is k\u00e9sz volt al\u00e1\u00edrni a szabadkereskedelmi meg\u00e1llapod\u00e1st, ahogyan a belga sz\u00f6vets\u00e9gi korm\u00e1ny is, ut\u00f3bbinak azonban az orsz\u00e1g \u00e1llamberendezked\u00e9se miatt sz\u00fcks\u00e9ge volt Vall\u00f3nia beleegyez\u00e9s\u00e9re.<br \/>\n    A CETA a v\u00e1rakoz\u00e1sok szerint a v\u00e1mok, illetve a gazdas\u00e1gi kapcsolatok tov\u00e1bbi m\u00e9ly\u00edt\u00e9s\u00e9t h\u00e1tr\u00e1ltat\u00f3 m\u00e1s akad\u00e1lyok lebont\u00e1sa r\u00e9v\u00e9n el\u0151seg\u00edti a n\u00f6veked\u00e9st \u00e9s a munkahelyteremt\u00e9st az Eur\u00f3pai Uni\u00f3ban \u00e9s Kanad\u00e1ban is. Az ellenz\u0151k szerint ugyanakkor az egyezm\u00e9ny \u00e1ltal\u00e1nos deregul\u00e1ci\u00f3t von majd maga ut\u00e1n, \u00e9s korl\u00e1tozza a nemzeti korm\u00e1nyok mozg\u00e1ster\u00e9t.(MTI)<\/p>\n","protected":false},"excerpt":{"rendered":"<p>A szabadkereskedelem \u00e9s a globaliz\u00e1ci\u00f3 sz\u00e1zmilli\u00f3kat v\u00e9delmezett meg az \u00e9hez\u00e9st\u0151l \u00e9s a szeg\u00e9nys\u00e9gt\u0151l, az emberis\u00e9get pedig az ellent\u00e9tek uralkod\u00f3v\u00e1 v\u00e1l\u00e1s\u00e1t\u00f3l &#8211; jelentette ki Donald Tusk, az Eur\u00f3pai Tan\u00e1cs eln\u00f6ke az Eur\u00f3pai Uni\u00f3 \u00e9s Kanada k\u00f6z\u00f6tt l\u00e9trej\u00f6tt szabadkereskedelmi egyezm\u00e9ny (CETA) al\u00e1\u00edr\u00e1s\u00e1val z\u00e1rult br\u00fcsszeli cs\u00facstal\u00e1lkoz\u00f3t k\u00f6vet\u0151en vas\u00e1rnap.<\/p>\n","protected":false},"author":1,"featured_media":0,"comment_status":"open","ping_status":"closed","sticky":false,"template":"","format":"standard","meta":[],"categories":[246],"tags":[],"_links":{"self":[{"href":"https:\/\/gazdasagportal.hu\/index.php\/wp-json\/wp\/v2\/posts\/86168"}],"collection":[{"href":"https:\/\/gazdasagportal.hu\/index.php\/wp-json\/wp\/v2\/posts"}],"about":[{"href":"https:\/\/gazdasagportal.hu\/index.php\/wp-json\/wp\/v2\/types\/post"}],"author":[{"embeddable":true,"href":"https:\/\/gazdasagportal.hu\/index.php\/wp-json\/wp\/v2\/users\/1"}],"replies":[{"embeddable":true,"href":"https:\/\/gazdasagportal.hu\/index.php\/wp-json\/wp\/v2\/comments?post=86168"}],"version-history":[{"count":1,"href":"https:\/\/gazdasagportal.hu\/index.php\/wp-json\/wp\/v2\/posts\/86168\/revisions"}],"predecessor-version":[{"id":86169,"href":"https:\/\/gazdasagportal.hu\/index.php\/wp-json\/wp\/v2\/posts\/86168\/revisions\/86169"}],"wp:attachment":[{"href":"https:\/\/gazdasagportal.hu\/index.php\/wp-json\/wp\/v2\/media?parent=86168"}],"wp:term":[{"taxonomy":"category","embeddable":true,"href":"https:\/\/gazdasagportal.hu\/index.php\/wp-json\/wp\/v2\/categories?post=86168"},{"taxonomy":"post_tag","embeddable":true,"href":"https:\/\/gazdasagportal.hu\/index.php\/wp-json\/wp\/v2\/tags?post=86168"}],"curies":[{"name":"wp","href":"https:\/\/api.w.org\/{rel}","templated":true}]}}