{"id":86156,"date":"2016-10-31T03:28:56","date_gmt":"2016-10-31T02:28:56","guid":{"rendered":"http:\/\/gazdasagportal.hu\/?p=86156"},"modified":"2016-10-30T23:30:06","modified_gmt":"2016-10-30T22:30:06","slug":"sziria-allami-media-a-felkelok-mergezo-gazt-vetettek-be-aleppoban","status":"publish","type":"post","link":"https:\/\/gazdasagportal.hu\/index.php\/sziria-allami-media-a-felkelok-mergezo-gazt-vetettek-be-aleppoban\/","title":{"rendered":"Sz\u00edria &#8211; \u00c1llami m\u00e9dia: a felkel\u0151k m\u00e9rgez\u0151 g\u00e1zt vetettek be Alepp\u00f3ban"},"content":{"rendered":"<p><strong>A felkel\u0151k m\u00e9rgez\u0151 g\u00e1zt vetettek be vas\u00e1rnap az \u00e9szak-sz\u00edriai Alepp\u00f3 korm\u00e1nyzati ellen\u0151rz\u00e9s alatt \u00e1ll\u00f3 r\u00e9sz\u00e9n, s a t\u00e1mad\u00e1s t\u00f6bb mint 30 embern\u00e9l okozott fullad\u00e1sos panaszokat &#8211; k\u00f6z\u00f6lte vas\u00e1rnap az \u00e1llami m\u00e9dia. A bejelent\u00e9st az ellenz\u00e9k hazugs\u00e1gnak nevezte.<\/strong><!--more--><\/p>\n<div class=\"ads-in-post1\"><div id=\"gazdasagportal.hu_fullbanner_wideboard\"><\/div>\r\n<\/div>\n<p>    A SANA \u00e1llami h\u00edr\u00fcgyn\u00f6ks\u00e9g szerint az egyik lak\u00f3negyedre &#8222;m\u00e9rgez\u0151 g\u00e1zokat tartalmaz\u00f3 l\u00f6ved\u00e9keket&#8221; l\u0151ttek ki. Az \u00e1llami telev\u00edzi\u00f3 id\u00e9zte egy alepp\u00f3i k\u00f3rh\u00e1z igazgat\u00f3j\u00e1t, aki szerint 36 ember &#8211; civilek \u00e9s katon\u00e1k &#8211; ker\u00fclt be hozz\u00e1juk kl\u00f3rg\u00e1z okozta fullad\u00e1s miatt.<br \/>\n    Zakaria Malahifdzsim, az alepp\u00f3i felkel\u0151csoport egyik vezet\u0151je tagadta a jelent\u00e9st, \u00e9s hazugs\u00e1gnak nevezte azt.<br \/>\n    Az Emberi Jogok Sz\u00edriai Megfigyel\u0151k\u00f6zpontja (OSDH) nev\u0171 emigr\u00e1ns szervezet meger\u0151s\u00edtette, hogy a korm\u00e1nyer\u0151k tagjai k\u00f6r\u00e9b\u0151l \u00e9rkezett jelent\u00e9s &#8222;l\u00e9gz\u00e9si neh\u00e9zs\u00e9gekr\u0151l&#8221; a frontvonal k\u00e9t z\u00f3n\u00e1j\u00e1ban, de azt nem tudni, hogy kl\u00f3rg\u00e1z okozta-e.<br \/>\n    Az AFP francia h\u00edr\u00fcgyn\u00f6ks\u00e9g az OSDH-ra hivatkozva arr\u00f3l sz\u00e1molt be vas\u00e1rnap, hogy az ut\u00f3bbi 48 \u00f3r\u00e1ban 38 polg\u00e1ri szem\u00e9ly vesztette \u00e9let\u00e9t \u00e9s 250-en sebes\u00fcltek meg az ellenz\u00e9k Nyugat-Alepp\u00f3ra m\u00e9rt t\u00fcz\u00e9rs\u00e9gi t\u00e1mad\u00e1saiban.<br \/>\n    P\u00e9nteken a felkel\u0151k \u00e1tfog\u00f3 t\u00e1mad\u00e1st ind\u00edtottak Alepp\u00f3ban, hogy megt\u00f6rj\u00e9k az ostromgy\u0171r\u0171t, amelyet hetekkel ezel\u0151tt vont ter\u00fcleteik k\u00f6r\u00e9 a hadsereg.(MTI)<\/p>\n","protected":false},"excerpt":{"rendered":"<p>A felkel\u0151k m\u00e9rgez\u0151 g\u00e1zt vetettek be vas\u00e1rnap az \u00e9szak-sz\u00edriai Alepp\u00f3 korm\u00e1nyzati ellen\u0151rz\u00e9s alatt \u00e1ll\u00f3 r\u00e9sz\u00e9n, s a t\u00e1mad\u00e1s t\u00f6bb mint 30 embern\u00e9l okozott fullad\u00e1sos panaszokat &#8211; k\u00f6z\u00f6lte vas\u00e1rnap az \u00e1llami m\u00e9dia. A bejelent\u00e9st az ellenz\u00e9k hazugs\u00e1gnak nevezte.<\/p>\n","protected":false},"author":1,"featured_media":0,"comment_status":"open","ping_status":"closed","sticky":false,"template":"","format":"standard","meta":[],"categories":[16],"tags":[],"_links":{"self":[{"href":"https:\/\/gazdasagportal.hu\/index.php\/wp-json\/wp\/v2\/posts\/86156"}],"collection":[{"href":"https:\/\/gazdasagportal.hu\/index.php\/wp-json\/wp\/v2\/posts"}],"about":[{"href":"https:\/\/gazdasagportal.hu\/index.php\/wp-json\/wp\/v2\/types\/post"}],"author":[{"embeddable":true,"href":"https:\/\/gazdasagportal.hu\/index.php\/wp-json\/wp\/v2\/users\/1"}],"replies":[{"embeddable":true,"href":"https:\/\/gazdasagportal.hu\/index.php\/wp-json\/wp\/v2\/comments?post=86156"}],"version-history":[{"count":1,"href":"https:\/\/gazdasagportal.hu\/index.php\/wp-json\/wp\/v2\/posts\/86156\/revisions"}],"predecessor-version":[{"id":86157,"href":"https:\/\/gazdasagportal.hu\/index.php\/wp-json\/wp\/v2\/posts\/86156\/revisions\/86157"}],"wp:attachment":[{"href":"https:\/\/gazdasagportal.hu\/index.php\/wp-json\/wp\/v2\/media?parent=86156"}],"wp:term":[{"taxonomy":"category","embeddable":true,"href":"https:\/\/gazdasagportal.hu\/index.php\/wp-json\/wp\/v2\/categories?post=86156"},{"taxonomy":"post_tag","embeddable":true,"href":"https:\/\/gazdasagportal.hu\/index.php\/wp-json\/wp\/v2\/tags?post=86156"}],"curies":[{"name":"wp","href":"https:\/\/api.w.org\/{rel}","templated":true}]}}