{"id":86154,"date":"2016-10-31T05:10:00","date_gmt":"2016-10-31T04:10:00","guid":{"rendered":"http:\/\/gazdasagportal.hu\/?p=86154"},"modified":"2016-10-30T23:28:29","modified_gmt":"2016-10-30T22:28:29","slug":"kulfoldi-sajto-magyarorszagrol-a-suddeutsche-zeitung-foglalkozott-magyarorszaggal","status":"publish","type":"post","link":"https:\/\/gazdasagportal.hu\/index.php\/kulfoldi-sajto-magyarorszagrol-a-suddeutsche-zeitung-foglalkozott-magyarorszaggal\/","title":{"rendered":"K\u00fclf\u00f6ldi sajt\u00f3 Magyarorsz\u00e1gr\u00f3l &#8211; A S\u00fcddeutsche Zeitung foglalkozott Magyarorsz\u00e1ggal"},"content":{"rendered":"<p><strong>N\u00e9metorsz\u00e1gban a S\u00fcddeutsche Zeitung foglalkozott Magyarorsz\u00e1ggal, a liber\u00e1lis lap Paul Lendvai ausztriai publicista Orb\u00e1n Magyarorsz\u00e1ga (Orb\u00e1ns Ungarn) c\u00edm\u0171 \u00faj k\u00f6tet\u00e9r\u0151l \u00edrt.<\/strong><!--more--><\/p>\n<div class=\"ads-in-post1\"><div id=\"gazdasagportal.hu_fullbanner_wideboard\"><\/div>\r\n<\/div>\n<p>Az \u00cdgy csin\u00e1lt Orb\u00e1n Magyarorsz\u00e1gb\u00f3l +vez\u00e9rdemokr\u00e1ci\u00e1t+ c\u00edm\u0171 recenzi\u00f3j\u00e1ban Cathrin Kahlweit kiemelte: a politika ir\u00e1nt \u00e9rdekl\u0151d\u0151 olvas\u00f3k tudj\u00e1k, hogy\u00a0\u00a0k\u00e9tharmados parlamenti t\u00f6bbs\u00e9ggel rendelkezve Orb\u00e1n els\u0151k\u00e9nt &#8222;megf\u00e9leml\u00edtette a m\u00e9di\u00e1t&#8221;, majd &#8222;ki\u00fcres\u00edtette&#8221; az alkotm\u00e1nyb\u00edr\u00e1skod\u00e1st, \u00e9s azt is tudj\u00e1k, hogy mik\u00e9nt gy\u0171rte maga al\u00e1 a politikai int\u00e9zm\u00e9nyeket az \u00faj alapt\u00f6rv\u00e9nnyel \u00e9s jogszab\u00e1lyok sz\u00e1zaival, \u00e9s hogyan t\u00f6lt\u00f6tte be embereivel &#8222;az \u00f6sszes, val\u00f3ban az \u00f6sszes strat\u00e9giailag fontos \u00e1llami poz\u00edci\u00f3t&#8221;.<br \/>\nTudj\u00e1k azt is, hogy &#8222;ezek az emberek gyakorlatilag elmozd\u00edthatatlanok&#8221;, \u00e9s hogy a korm\u00e1nyp\u00e1rt &#8222;az \u00e1llam \u00e9s a k\u00f6zigazgat\u00e1s valamennyi szintj\u00e9re bef\u00e9szkelte mag\u00e1t&#8221;, \u00e9s azt is tudj\u00e1k, hogy a v\u00e1laszt\u00e1si szab\u00e1lyok megv\u00e1ltoztat\u00e1s\u00e1val a Fidesz &#8222;kiv\u00e1l\u00f3 es\u00e9lyt&#8221; szerzett arra, hogy akkor is megszerezze az alkotm\u00e1nym\u00f3dos\u00edt\u00e1shoz sz\u00fcks\u00e9ges t\u00f6bbs\u00e9get, ha v\u00e1laszt\u00e1si eredm\u00e9nye romlik.<br \/>\nPaul Lendvai k\u00f6nyv\u00e9nek az az \u00e9rdeme, hogy visszafogott, elemz\u0151 m\u00f3don boncolgatja, mindez mit jelent Magyarorsz\u00e1g sz\u00e1m\u00e1ra: &#8222;l\u00e9nyeg\u00e9ben&#8221; azt jelenti, hogy egyre kev\u00e9sb\u00e9 val\u00f3sz\u00edn\u0171 a demokratikus hatalomv\u00e1lt\u00e1s &#8211; fejtette ki S\u00fcddeutsche Zeitung szerz\u0151je, kiemelve a k\u00f6tetb\u0151l egy id\u00e9zetet, miszerint Orb\u00e1n Viktor &#8222;az alkotm\u00e1nyoss\u00e1g leple alatt, alkotm\u00e1nyjogi eszk\u00f6z\u00f6kkel alkotm\u00e1nyjogi puccsot&#8221; hajtott v\u00e9gre.<br \/>\nA k\u00f6tet &#8222;v\u00e9szterhes v\u00e9gk\u00f6vetkeztet\u00e9se&#8221; szerint ez a m\u00f3dszer &#8222;iskol\u00e1t teremthet&#8221;, \u00e9s az EU eddig nemigen tudott mit tenni ellene &#8211; tette hozz\u00e1 Cathrin Kalhweit.<br \/>\n<a title=\"Hely megnyit\u00e1sa\" href=\"http:\/\/www.sueddeutsche.de\/politik\/viktor-orbn-so-verwandelte-orbn-ungarn-in-eine-fuehrerdemokratie-1.3216338\" target=\"_blank\" rel=\"noopener\">http:\/\/www.sueddeutsche.de\/politik\/viktor-orbn-so-verwandelte-orbn-ungarn-in-eine-fuehrerdemokratie-1.3216338<\/a><\/p>\n<p>&nbsp;<br \/>\n(MTI)<\/p><div id=\"gazda-753678271\" class=\"gazda-tartalomban gazda-entity-placement\"><script async src=\"https:\/\/pagead2.googlesyndication.com\/pagead\/js\/adsbygoogle.js\"><\/script>\r\n<ins class=\"adsbygoogle\"\r\n     style=\"display:block\"\r\n     data-ad-format=\"fluid\"\r\n     data-ad-layout-key=\"-6t+ed+2i-1n-4w\"\r\n     data-ad-client=\"ca-pub-1959107119989764\"\r\n     data-ad-slot=\"4008251320\"><\/ins>\r\n<script>\r\n     (adsbygoogle = window.adsbygoogle || []).push({});\r\n<\/script><\/div>\n","protected":false},"excerpt":{"rendered":"<p>N\u00e9metorsz\u00e1gban a S\u00fcddeutsche Zeitung foglalkozott Magyarorsz\u00e1ggal, a liber\u00e1lis lap Paul Lendvai ausztriai publicista Orb\u00e1n Magyarorsz\u00e1ga (Orb\u00e1ns Ungarn) c\u00edm\u0171 \u00faj k\u00f6tet\u00e9r\u0151l \u00edrt.<\/p>\n","protected":false},"author":1,"featured_media":49388,"comment_status":"open","ping_status":"closed","sticky":false,"template":"","format":"standard","meta":[],"categories":[146,4],"tags":[],"_links":{"self":[{"href":"https:\/\/gazdasagportal.hu\/index.php\/wp-json\/wp\/v2\/posts\/86154"}],"collection":[{"href":"https:\/\/gazdasagportal.hu\/index.php\/wp-json\/wp\/v2\/posts"}],"about":[{"href":"https:\/\/gazdasagportal.hu\/index.php\/wp-json\/wp\/v2\/types\/post"}],"author":[{"embeddable":true,"href":"https:\/\/gazdasagportal.hu\/index.php\/wp-json\/wp\/v2\/users\/1"}],"replies":[{"embeddable":true,"href":"https:\/\/gazdasagportal.hu\/index.php\/wp-json\/wp\/v2\/comments?post=86154"}],"version-history":[{"count":1,"href":"https:\/\/gazdasagportal.hu\/index.php\/wp-json\/wp\/v2\/posts\/86154\/revisions"}],"predecessor-version":[{"id":86155,"href":"https:\/\/gazdasagportal.hu\/index.php\/wp-json\/wp\/v2\/posts\/86154\/revisions\/86155"}],"wp:featuredmedia":[{"embeddable":true,"href":"https:\/\/gazdasagportal.hu\/index.php\/wp-json\/wp\/v2\/media\/49388"}],"wp:attachment":[{"href":"https:\/\/gazdasagportal.hu\/index.php\/wp-json\/wp\/v2\/media?parent=86154"}],"wp:term":[{"taxonomy":"category","embeddable":true,"href":"https:\/\/gazdasagportal.hu\/index.php\/wp-json\/wp\/v2\/categories?post=86154"},{"taxonomy":"post_tag","embeddable":true,"href":"https:\/\/gazdasagportal.hu\/index.php\/wp-json\/wp\/v2\/tags?post=86154"}],"curies":[{"name":"wp","href":"https:\/\/api.w.org\/{rel}","templated":true}]}}