{"id":86150,"date":"2016-10-31T04:44:29","date_gmt":"2016-10-31T03:44:29","guid":{"rendered":"http:\/\/gazdasagportal.hu\/?p=86150"},"modified":"2016-10-30T23:19:31","modified_gmt":"2016-10-30T22:19:31","slug":"legkevesebb-negy-ember-megsebesult-egy-keselesben-frankfurtban","status":"publish","type":"post","link":"https:\/\/gazdasagportal.hu\/index.php\/legkevesebb-negy-ember-megsebesult-egy-keselesben-frankfurtban\/","title":{"rendered":"Legkevesebb n\u00e9gy ember megsebes\u00fclt egy k\u00e9sel\u00e9sben Frankfurtban"},"content":{"rendered":"<p><strong>Legkevesebb n\u00e9gy ember megsebes\u00fclt egy k\u00e9sel\u00e9sben a n\u00e9metorsz\u00e1gi Frankfurt belv\u00e1ros\u00e1ban szombaton. A helyi rend\u0151rs\u00e9g vas\u00e1rnapi k\u00f6zlem\u00e9nye alapj\u00e1n az \u00fcgynek val\u00f3sz\u00edn\u0171leg nincs politikai vonatkoz\u00e1sa.<\/strong><!--more--><\/p>\n<div class=\"ads-in-post1\"><div id=\"gazdasagportal.hu_fullbanner_wideboard\"><\/div>\r\n<\/div>\n<p>    A frankfurti rend\u0151rs\u00e9g k\u00f6zlem\u00e9nye szerint a v\u00e1rosi gyorsvas\u00fat (S-Bahn) Hauptwache nev\u0171 \u00e1llom\u00e1s\u00e1n 16 \u00e9s 18 \u00e9v k\u00f6z\u00f6tti fiatalemberek sebes\u00fcltek meg szombaton k\u00e9s\u0151 d\u00e9lut\u00e1n, egyik\u00fck k\u00f6nnyebben, h\u00e1rman s\u00falyosan. Nincsenek \u00e9letvesz\u00e9lyben, \u00e9s m\u00e1r az els\u0151 kihallgat\u00e1sokat is meg lehetett tartani.<br \/>\n    A nyomoz\u00e1s eddigi meg\u00e1llap\u00edt\u00e1sai arra utalnak, hogy mag\u00e1njelleg\u0171 vita van a k\u00e9sel\u00e9s h\u00e1tter\u00e9ben, de a konfliktus pontos oka m\u00e9g nem ismert. A rend\u0151rs\u00e9g n\u00e9gy felt\u00e9telezett elk\u00f6vet\u0151t keres, valamennyien f\u00e9rfiak, a k\u00f6zlem\u00e9ny szerint &#8222;d\u00e9lkelet-eur\u00f3pai kin\u00e9zet\u0171ek&#8221;, h\u00e1rman 17 \u00e9s 20 \u00e9v k\u00f6z\u00f6ttiek, a negyedik 50 \u00e9s 60 \u00e9v k\u00f6z\u00f6tti.<br \/>\n    A Hessischer Rundfunk tartom\u00e1nyi k\u00f6zszolg\u00e1lati m\u00e9diat\u00e1rsas\u00e1g kor\u00e1bbi jelent\u00e9se szerint a k\u00e9sel\u00e9s ut\u00e1n r\u00f6viddel a k\u00f6zelben k\u00e9t ember vit\u00e1ba keveredett, \u00e9s ennek nyom\u00e1n \u00f6t ember megsebes\u00fclt egy bet\u00f6rt \u00fcvegt\u00e1bla cserepeit\u0151l. Egyel\u0151re ennek a konfliktusnak az oka is ismeretlen.(MTI)<\/p>\n","protected":false},"excerpt":{"rendered":"<p>Legkevesebb n\u00e9gy ember megsebes\u00fclt egy k\u00e9sel\u00e9sben a n\u00e9metorsz\u00e1gi Frankfurt belv\u00e1ros\u00e1ban szombaton. A helyi rend\u0151rs\u00e9g vas\u00e1rnapi k\u00f6zlem\u00e9nye alapj\u00e1n az \u00fcgynek val\u00f3sz\u00edn\u0171leg nincs politikai vonatkoz\u00e1sa.<\/p>\n","protected":false},"author":1,"featured_media":0,"comment_status":"open","ping_status":"closed","sticky":false,"template":"","format":"standard","meta":[],"categories":[12],"tags":[],"_links":{"self":[{"href":"https:\/\/gazdasagportal.hu\/index.php\/wp-json\/wp\/v2\/posts\/86150"}],"collection":[{"href":"https:\/\/gazdasagportal.hu\/index.php\/wp-json\/wp\/v2\/posts"}],"about":[{"href":"https:\/\/gazdasagportal.hu\/index.php\/wp-json\/wp\/v2\/types\/post"}],"author":[{"embeddable":true,"href":"https:\/\/gazdasagportal.hu\/index.php\/wp-json\/wp\/v2\/users\/1"}],"replies":[{"embeddable":true,"href":"https:\/\/gazdasagportal.hu\/index.php\/wp-json\/wp\/v2\/comments?post=86150"}],"version-history":[{"count":1,"href":"https:\/\/gazdasagportal.hu\/index.php\/wp-json\/wp\/v2\/posts\/86150\/revisions"}],"predecessor-version":[{"id":86151,"href":"https:\/\/gazdasagportal.hu\/index.php\/wp-json\/wp\/v2\/posts\/86150\/revisions\/86151"}],"wp:attachment":[{"href":"https:\/\/gazdasagportal.hu\/index.php\/wp-json\/wp\/v2\/media?parent=86150"}],"wp:term":[{"taxonomy":"category","embeddable":true,"href":"https:\/\/gazdasagportal.hu\/index.php\/wp-json\/wp\/v2\/categories?post=86150"},{"taxonomy":"post_tag","embeddable":true,"href":"https:\/\/gazdasagportal.hu\/index.php\/wp-json\/wp\/v2\/tags?post=86150"}],"curies":[{"name":"wp","href":"https:\/\/api.w.org\/{rel}","templated":true}]}}