{"id":86058,"date":"2016-10-28T04:44:59","date_gmt":"2016-10-28T02:44:59","guid":{"rendered":"http:\/\/gazdasagportal.hu\/?p=86058"},"modified":"2016-10-27T18:51:12","modified_gmt":"2016-10-27T16:51:12","slug":"valtozekony-olykor-szeles-lesz-az-ido-a-hosszu-hetvegen","status":"publish","type":"post","link":"https:\/\/gazdasagportal.hu\/index.php\/valtozekony-olykor-szeles-lesz-az-ido-a-hosszu-hetvegen\/","title":{"rendered":"V\u00e1ltoz\u00e9kony, olykor szeles lesz az id\u0151 a hossz\u00fa h\u00e9tv\u00e9g\u00e9n"},"content":{"rendered":"<p><strong>A hossz\u00fa h\u00e9tv\u00e9g\u00e9n sok lesz a naps\u00fct\u00e9s, de er\u0151s sz\u00e9lre, n\u00e9hol z\u00e1porokra, a leghidegebb \u00f3r\u00e1kban m\u00ednuszokra, napk\u00f6zben 10 Celsius-fok feletti maximumokra lehet sz\u00e1m\u00edtani -\u00e1ll az Orsz\u00e1gos Meteorol\u00f3giai Szolg\u00e1lat cs\u00fct\u00f6rt\u00f6ki orsz\u00e1gos k\u00f6z\u00e9pt\u00e1v\u00fa el\u0151rejelz\u00e9s\u00e9ben.<\/strong><!--more--><\/p>\n<div class=\"ads-in-post1\"><div id=\"gazdasagportal.hu_fullbanner_wideboard\"><\/div>\r\n<\/div>\n<p>    P\u00e9ntek hajnalra t\u00f6bbfel\u00e9 p\u00e1r\u00e1ss\u00e1 v\u00e1lik a leveg\u0151, foltokban &#8211; els\u0151sorban a Dun\u00e1nt\u00fal keleti fel\u00e9n \u00e9s az \u00c9szaki-k\u00f6z\u00e9phegys\u00e9g ter\u00fclet\u00e9n &#8211; k\u00f6d is k\u00e9pz\u0151dik. Napk\u00f6zben jellemz\u0151en napos id\u0151 v\u00e1rhat\u00f3, csapad\u00e9k nem val\u00f3sz\u00edn\u0171. A legalacsonyabb h\u0151m\u00e9rs\u00e9klet \u00e1ltal\u00e1ban m\u00ednusz 3 \u00e9s plusz 4 fok k\u00f6z\u00f6tt v\u00e1rhat\u00f3, a Nyugat-Dun\u00e1nt\u00falon lesz a legenyh\u00e9bb a hajnal. Napk\u00f6zben 10-15 fokig melegszik a leveg\u0151.<br \/>\n    Szombaton a hajnali k\u00f6d feloszl\u00e1s\u00e1t k\u00f6vet\u0151en a t\u00f6bb-kevesebb naps\u00fct\u00e9s mellett n\u00e9hol kialakulhat egy-egy fut\u00f3 z\u00e1por. Emellett er\u0151s, n\u00e9hol viharos lehet a sz\u00e9l is. A leghidegebb \u00f3r\u00e1kban jellemz\u0151en 5-10 fok lehet, de a hajnalban m\u00e9g sz\u00e9lcsendes \u00e9szakkeleti \u00e9s d\u00e9lnyugati t\u00e1jakon 0 \u00e9s plusz 5 fok k\u00f6z\u00f6tti minimumokra lehet sz\u00e1m\u00edtani. A nappali maximumok v\u00e1rhat\u00f3an 11-16 fok k\u00f6z\u00f6tt alakulnak.<br \/>\n    Helyenk\u00e9nt vas\u00e1rnap is meger\u0151s\u00f6dik a sz\u00e9l. A hosszabb-r\u00f6videbb napos id\u0151szak mellett \u00e9szakkeleten, illetve kis val\u00f3sz\u00edn\u0171s\u00e9ggel nyugaton lehetnek fut\u00f3 z\u00e1porok. A minimumh\u0151m\u00e9rs\u00e9klet \u00e1ltal\u00e1ban 2-7 fok k\u00f6z\u00f6tt v\u00e1rhat\u00f3, de a sz\u00e9lcsendes vid\u00e9keken m\u00ednusz 1 \u00e9s plusz 2 fok k\u00f6z\u00f6tt val\u00f3sz\u00edn\u0171. A nappali maximumok v\u00e1rhat\u00f3an 9-14 fok k\u00f6z\u00f6tt alakulnak.<br \/>\n    H\u00e9tf\u0151n elsz\u00f3rtan v\u00e1rhat\u00f3 z\u00e1por \u00e9s olykor meger\u0151s\u00f6dik a sz\u00e9l is. A legalacsonyabb h\u0151m\u00e9rs\u00e9klet m\u00ednusz 2 \u00e9s plusz 4, a legmagasabb h\u0151m\u00e9rs\u00e9klet 7-12 fok k\u00f6z\u00f6tt val\u00f3sz\u00edn\u0171.<br \/>\n    November elsej\u00e9n, kedden m\u00e1r t\u00f6bb\u00f3r\u00e1s naps\u00fct\u00e9s v\u00e1rhat\u00f3, csapad\u00e9k nem val\u00f3sz\u00edn\u0171. A leghidegebb \u00f3r\u00e1kban m\u00ednusz 4 \u00e9s plusz 2 fok k\u00f6z\u00f6tt alakul a h\u0151m\u00e9rs\u00e9klet. Napk\u00f6zben 6-11 fokig melegszik a leveg\u0151 &#8211; olvashat\u00f3 az el\u0151rejelz\u00e9sben.(MTI)<\/p>\n","protected":false},"excerpt":{"rendered":"<p>A hossz\u00fa h\u00e9tv\u00e9g\u00e9n sok lesz a naps\u00fct\u00e9s, de er\u0151s sz\u00e9lre, n\u00e9hol z\u00e1porokra, a leghidegebb \u00f3r\u00e1kban m\u00ednuszokra, napk\u00f6zben 10 Celsius-fok feletti maximumokra lehet sz\u00e1m\u00edtani -\u00e1ll az Orsz\u00e1gos Meteorol\u00f3giai Szolg\u00e1lat cs\u00fct\u00f6rt\u00f6ki orsz\u00e1gos k\u00f6z\u00e9pt\u00e1v\u00fa el\u0151rejelz\u00e9s\u00e9ben.<\/p>\n","protected":false},"author":1,"featured_media":0,"comment_status":"open","ping_status":"closed","sticky":false,"template":"","format":"standard","meta":[],"categories":[4],"tags":[],"_links":{"self":[{"href":"https:\/\/gazdasagportal.hu\/index.php\/wp-json\/wp\/v2\/posts\/86058"}],"collection":[{"href":"https:\/\/gazdasagportal.hu\/index.php\/wp-json\/wp\/v2\/posts"}],"about":[{"href":"https:\/\/gazdasagportal.hu\/index.php\/wp-json\/wp\/v2\/types\/post"}],"author":[{"embeddable":true,"href":"https:\/\/gazdasagportal.hu\/index.php\/wp-json\/wp\/v2\/users\/1"}],"replies":[{"embeddable":true,"href":"https:\/\/gazdasagportal.hu\/index.php\/wp-json\/wp\/v2\/comments?post=86058"}],"version-history":[{"count":1,"href":"https:\/\/gazdasagportal.hu\/index.php\/wp-json\/wp\/v2\/posts\/86058\/revisions"}],"predecessor-version":[{"id":86059,"href":"https:\/\/gazdasagportal.hu\/index.php\/wp-json\/wp\/v2\/posts\/86058\/revisions\/86059"}],"wp:attachment":[{"href":"https:\/\/gazdasagportal.hu\/index.php\/wp-json\/wp\/v2\/media?parent=86058"}],"wp:term":[{"taxonomy":"category","embeddable":true,"href":"https:\/\/gazdasagportal.hu\/index.php\/wp-json\/wp\/v2\/categories?post=86058"},{"taxonomy":"post_tag","embeddable":true,"href":"https:\/\/gazdasagportal.hu\/index.php\/wp-json\/wp\/v2\/tags?post=86058"}],"curies":[{"name":"wp","href":"https:\/\/api.w.org\/{rel}","templated":true}]}}