{"id":86037,"date":"2016-10-27T10:31:57","date_gmt":"2016-10-27T08:31:57","guid":{"rendered":"http:\/\/gazdasagportal.hu\/?p=86037"},"modified":"2016-10-27T10:31:57","modified_gmt":"2016-10-27T08:31:57","slug":"gki-iden-tovabbra-is-2-szazalekos-gazdasagi-novekedes-varhato","status":"publish","type":"post","link":"https:\/\/gazdasagportal.hu\/index.php\/gki-iden-tovabbra-is-2-szazalekos-gazdasagi-novekedes-varhato\/","title":{"rendered":"GKI: id\u00e9n tov\u00e1bbra is 2 sz\u00e1zal\u00e9kos gazdas\u00e1gi n\u00f6veked\u00e9s v\u00e1rhat\u00f3"},"content":{"rendered":"<p><strong>Id\u00e9n tov\u00e1bbra is 2 sz\u00e1zal\u00e9kos gazdas\u00e1gi n\u00f6veked\u00e9sre, j\u00f6v\u0151re pedig a brutt\u00f3 hazai term\u00e9k (GDP) 2,7 sz\u00e1zal\u00e9kos emelked\u00e9s\u00e9re sz\u00e1m\u00edt a GKI Gazdas\u00e1gkutat\u00f3 Zrt.<\/strong><!--more--><\/p>\n<div class=\"ads-in-post1\"><div id=\"gazdasagportal.hu_fullbanner_wideboard\"><\/div>\r\n<\/div>\n<p>    Az MTI-nek eljuttatott k\u00f6zlem\u00e9nyben hangs\u00falyozt\u00e1k, hogy a bels\u0151 \u00e9s k\u00fcls\u0151 egyens\u00faly kedvez\u0151, az infl\u00e1ci\u00f3 szinte megsz\u0171nt, b\u00e1r szeptemberben 0,6 sz\u00e1zal\u00e9kra er\u0151s\u00f6d\u00f6tt, m\u00edg az els\u0151 kilenc h\u00f3nap \u00e1tlaga 0,1 sz\u00e1zal\u00e9k volt. A k\u00f6vetkez\u0151 h\u00f3napokban egyebek mellett az \u00fczemanyagok j\u00f6ved\u00e9ki ad\u00f3j\u00e1nak emelked\u00e9se, a tej k\u00fclpiaci \u00e1r\u00e1nak emelked\u00e9s\u00e9nek hat\u00e1s\u00e1ra az \u00e1remelked\u00e9s gyorsul\u00e1sa v\u00e1rhat\u00f3. Az \u00e9v v\u00e9g\u00e9n 1 sz\u00e1zal\u00e9k k\u00f6r\u00fcli, \u00e9ves \u00e1tlagban 0,5 sz\u00e1zal\u00e9kos infl\u00e1ci\u00f3 val\u00f3sz\u00edn\u0171, ami j\u00f6v\u0151re 1,5 sz\u00e1zal\u00e9kra gyorsulhat.<br \/>\n    \u00c9ves szinten a GKI 2 sz\u00e1zal\u00e9k k\u00f6r\u00fcli ipari n\u00f6veked\u00e9sre sz\u00e1m\u00edt, ami j\u00f6v\u0151re 3,5 sz\u00e1zal\u00e9kra gyorsulhat.<br \/>\n     Az \u00e9p\u00edt\u0151ipari termel\u00e9s volumene az els\u0151 nyolc h\u00f3napban 22 sz\u00e1zal\u00e9kkal esett, a cs\u00f6kken\u00e9s \u00fcteme azonban lassul, \u00e9s a szerz\u0151d\u00e9s\u00e1llom\u00e1ny 20 sz\u00e1zal\u00e9kkal magasabb az egy \u00e9vvel kor\u00e1bbin\u00e1l.<br \/>\n    A kiskereskedelmi forgalom a janu\u00e1r-augusztusi id\u0151szakban 4,9 sz\u00e1zal\u00e9kkal b\u0151v\u00fclt, \u00e9ves szinten 5 sz\u00e1zal\u00e9k k\u00f6r\u00fcli dinamika v\u00e1rhat\u00f3.<br \/>\n    Augusztusban a magyar export, \u00e9ves alapon eur\u00f3ban sz\u00e1molva 12,5 sz\u00e1zal\u00e9kkal emelkedett, \u00edgy az els\u0151 nyolc h\u00f3napban 3 sz\u00e1zal\u00e9kkal n\u0151tt. A k\u00fclkereskedelmi akt\u00edvumban a cserear\u00e1nyok t\u00f6bb mint 2 sz\u00e1zal\u00e9kos javul\u00e1s\u00e1nak is szerepe van &#8211; ismertett\u00e9k.<br \/>\n    A brutt\u00f3 kereset az els\u0151 nyolc h\u00f3napban 6 sz\u00e1zal\u00e9kkal (k\u00f6zfoglalkoztatottak n\u00e9lk\u00fcl 6,5 sz\u00e1zal\u00e9kkal), ezen bel\u00fcl a versenyszf\u00e9r\u00e1ban 5,3 sz\u00e1zal\u00e9kkal b\u0151v\u00fclt. A re\u00e1lkereset id\u00e9n v\u00e1rhat\u00f3an 7, j\u00f6v\u0151re 4,5 sz\u00e1zal\u00e9kkal emelkedik, a versenyszf\u00e9r\u00e1ban n\u00e9mileg kisebb \u00fctemben.<br \/>\n    Az elemz\u00e9s szerint id\u00e9n a fogyaszt\u00e1s h\u00fazza a gazdas\u00e1gi n\u00f6veked\u00e9st, a fogyaszt\u00e1s 4,5 sz\u00e1zal\u00e9kos n\u00f6veked\u00e9s\u00e9vel szemben a beruh\u00e1z\u00e1sokn\u00e1l 10 sz\u00e1zal\u00e9k k\u00f6r\u00fcli visszaes\u00e9s v\u00e1rhat\u00f3. J\u00f6v\u0151re az eur\u00f3pai uni\u00f3s forr\u00e1sok gyorsul\u00f3 be\u00e9rkez\u00e9se, az \u00fczleti befektet\u00e9sek n\u00e9mi \u00e9l\u00e9nk\u00fcl\u00e9se 5 sz\u00e1zal\u00e9k k\u00f6r\u00fcli beruh\u00e1z\u00e1s-b\u0151v\u00fcl\u00e9st val\u00f3sz\u00edn\u0171s\u00edt, mik\u00f6zben fogyaszt\u00e1s b\u0151v\u00fcl\u00e9se 4 sz\u00e1zal\u00e9kra m\u00e9rs\u00e9kl\u0151dhet.<br \/>\n    Az \u00e1llamh\u00e1ztart\u00e1si hi\u00e1ny szeptember v\u00e9g\u00e9re szinte elt\u0171nt. Ebben a beruh\u00e1z\u00e1si kiad\u00e1sok \u00e9s a kamatk\u00f6lts\u00e9gek cs\u00f6kken\u00e9se, valamint a n\u00f6veked\u00e9si ad\u00f3hitel k\u00f6vetkezt\u00e9ben megugr\u00f3 t\u00e1rsas\u00e1giad\u00f3-bev\u00e9telek, illetve az Eur\u00f3pai Uni\u00f3 tavalyr\u00f3l \u00e1th\u00faz\u00f3d\u00f3 \u00e1tutal\u00e1sai, a f\u00f6ld\u00e9rt\u00e9kes\u00edt\u00e9s bev\u00e9telei, tov\u00e1bb\u00e1 a j\u00f6vedelmekhez k\u00f6t\u0151d\u0151 bev\u00e9telek n\u00f6veked\u00e9se j\u00e1tszotta a f\u0151 szerepet. Az \u00e9v h\u00e1tralev\u0151 r\u00e9sz\u00e9ben azonban az \u00e1llami k\u00f6ltekez\u00e9s er\u0151s\u00f6d\u00e9se sz\u00e1m\u00edtanak.<br \/>\n    Az elemz\u00e9sben megjegyzik: a magyar gazdas\u00e1g els\u0151 f\u00e9l\u00e9vi, 1,4 sz\u00e1zal\u00e9kos n\u00f6veked\u00e9si \u00fcteme nemcsak az orsz\u00e1g region\u00e1lis versenyt\u00e1rsainak t\u00f6bbs\u00e9g\u00e9t\u0151l maradt el &#8211; a lengyel dinamika 2,8 sz\u00e1zal\u00e9k, a szlov\u00e1k 3,7 sz\u00e1zal\u00e9k, a rom\u00e1n 5 sz\u00e1zal\u00e9k volt &#8211; de az Eur\u00f3pai Uni\u00f3 1,9 sz\u00e1zal\u00e9kos \u00e1tlag\u00e1t sem \u00e9rte el.(MTI)<\/p>\n","protected":false},"excerpt":{"rendered":"<p>Id\u00e9n tov\u00e1bbra is 2 sz\u00e1zal\u00e9kos gazdas\u00e1gi n\u00f6veked\u00e9sre, j\u00f6v\u0151re pedig a brutt\u00f3 hazai term\u00e9k (GDP) 2,7 sz\u00e1zal\u00e9kos emelked\u00e9s\u00e9re sz\u00e1m\u00edt a GKI Gazdas\u00e1gkutat\u00f3 Zrt.<\/p>\n","protected":false},"author":1,"featured_media":0,"comment_status":"open","ping_status":"closed","sticky":false,"template":"","format":"standard","meta":[],"categories":[19],"tags":[],"_links":{"self":[{"href":"https:\/\/gazdasagportal.hu\/index.php\/wp-json\/wp\/v2\/posts\/86037"}],"collection":[{"href":"https:\/\/gazdasagportal.hu\/index.php\/wp-json\/wp\/v2\/posts"}],"about":[{"href":"https:\/\/gazdasagportal.hu\/index.php\/wp-json\/wp\/v2\/types\/post"}],"author":[{"embeddable":true,"href":"https:\/\/gazdasagportal.hu\/index.php\/wp-json\/wp\/v2\/users\/1"}],"replies":[{"embeddable":true,"href":"https:\/\/gazdasagportal.hu\/index.php\/wp-json\/wp\/v2\/comments?post=86037"}],"version-history":[{"count":1,"href":"https:\/\/gazdasagportal.hu\/index.php\/wp-json\/wp\/v2\/posts\/86037\/revisions"}],"predecessor-version":[{"id":86038,"href":"https:\/\/gazdasagportal.hu\/index.php\/wp-json\/wp\/v2\/posts\/86037\/revisions\/86038"}],"wp:attachment":[{"href":"https:\/\/gazdasagportal.hu\/index.php\/wp-json\/wp\/v2\/media?parent=86037"}],"wp:term":[{"taxonomy":"category","embeddable":true,"href":"https:\/\/gazdasagportal.hu\/index.php\/wp-json\/wp\/v2\/categories?post=86037"},{"taxonomy":"post_tag","embeddable":true,"href":"https:\/\/gazdasagportal.hu\/index.php\/wp-json\/wp\/v2\/tags?post=86037"}],"curies":[{"name":"wp","href":"https:\/\/api.w.org\/{rel}","templated":true}]}}