{"id":85989,"date":"2016-10-26T10:58:46","date_gmt":"2016-10-26T08:58:46","guid":{"rendered":"http:\/\/gazdasagportal.hu\/?p=85989"},"modified":"2016-10-26T12:41:31","modified_gmt":"2016-10-26T10:41:31","slug":"sajtoinformaciok-lovoldozes-volt-bonyben-nagy-a-keszultseg","status":"publish","type":"post","link":"https:\/\/gazdasagportal.hu\/index.php\/sajtoinformaciok-lovoldozes-volt-bonyben-nagy-a-keszultseg\/","title":{"rendered":"Sajt\u00f3inform\u00e1ci\u00f3k: l\u00f6v\u00f6ld\u00f6z\u00e9s volt B\u0151nyben, nagy a k\u00e9sz\u00fclts\u00e9g"},"content":{"rendered":"<p><strong>Sajt\u00f3inform\u00e1ci\u00f3k szerint l\u00f6v\u00f6ld\u00f6z\u00e9s volt szerda reggel a Gy\u0151r-Moson-Sopron megyei B\u0151nyben, rend\u0151r\u00f6k is \u00e9rintettek, a hat\u00f3s\u00e1gok egyel\u0151re nem k\u00f6z\u00f6ltek semmit.  <\/strong><!--more--><\/p>\n<div class=\"ads-in-post1\"><div id=\"gazdasagportal.hu_fullbanner_wideboard\"><\/div>\r\n<\/div>\n<p>    Az MTI \u00fagy \u00e9rtes\u00fclt, hogy a l\u00f6v\u00f6ld\u00f6z\u00e9sben egy rend\u0151r meghalt.<br \/>\n    A gy\u0151ri Petz Alad\u00e1r Megyei Oktat\u00f3 K\u00f3rh\u00e1z orvosigazgat\u00f3ja, Ol\u00e1h Attila arr\u00f3l t\u00e1j\u00e9koztatta a t\u00e1virati irod\u00e1t, hogy a 74 \u00e9ves elk\u00f6vet\u0151t k\u00f3rh\u00e1zba vitt\u00e9k, most m\u0171tik.<br \/>\n    Az MTI tud\u00f3s\u00edt\u00f3ja reggel a helysz\u00ednen azt l\u00e1tta, hogy t\u00f6bb tucat rend\u0151r \u00e9s a Terrorelh\u00e1r\u00edt\u00e1si K\u00f6zpont (TEK) munkat\u00e1rsai k\u00f6rbe vettek egy csal\u00e1di h\u00e1zat. A rend\u0151r\u00f6k k\u00f6z\u00fcl t\u00f6bben goly\u00f3\u00e1ll\u00f3 mell\u00e9nyt viselnek, \u00e9s mesterl\u00f6v\u00e9szek is k\u00e9sz\u00fclts\u00e9gben vannak. A helysz\u00ednen volt a megyei rend\u0151rf\u0151kapit\u00e1ny is.<br \/>\n    Falubeliek az MTI munkat\u00e1rs\u00e1nak azt mondt\u00e1k, egy id\u0151s f\u00e9rfi h\u00e1z\u00e1t vett\u00e9k k\u00f6r\u00fcl a rend\u0151r\u00f6k.<br \/>\n    Sajt\u00f3inform\u00e1ci\u00f3k szerint a f\u00e9rfi a Magyar Nemzeti Arcvonal nev\u0171 sz\u00e9ls\u0151jobboldali szervezet alap\u00edt\u00f3ja, aktivist\u00e1ja. A &#8217;90-es \u00e9vekben a nemzetiszocializmus eszmeis\u00e9g\u00e9nek terjeszt\u00e9se miatt felf\u00fcggesztett b\u00f6rt\u00f6nb\u00fcntet\u00e9sre \u00edt\u00e9lt\u00e9k. Most az\u00e9rt akartak n\u00e1la h\u00e1zkutat\u00e1st tartani, mert illeg\u00e1lisan \u00e9les l\u0151fegyvereket tartott otthon\u00e1ban.<br \/>\n    Az MTI-t a megyei rend\u0151rs\u00e9g a K\u00f6zponti Nyomoz\u00f3 F\u0151\u00fcgy\u00e9szs\u00e9ghez ir\u00e1ny\u00edtotta, ahol egyel\u0151re nem adtak t\u00e1j\u00e9koztat\u00e1st. A TEK szint\u00e9n nem k\u00f6z\u00f6lt semmit sem az MTI-vel. Gy\u0151rben kora d\u00e9lut\u00e1nra hirdettek k\u00f6z\u00f6s sajt\u00f3t\u00e1j\u00e9koztat\u00f3t.<br \/>\n(MTI)<\/p>\n","protected":false},"excerpt":{"rendered":"<p>Sajt\u00f3inform\u00e1ci\u00f3k szerint l\u00f6v\u00f6ld\u00f6z\u00e9s volt szerda reggel a Gy\u0151r-Moson-Sopron megyei B\u0151nyben, rend\u0151r\u00f6k is \u00e9rintettek, a hat\u00f3s\u00e1gok egyel\u0151re nem k\u00f6z\u00f6ltek semmit.<\/p>\n","protected":false},"author":1,"featured_media":0,"comment_status":"open","ping_status":"closed","sticky":false,"template":"","format":"standard","meta":[],"categories":[403,4],"tags":[],"_links":{"self":[{"href":"https:\/\/gazdasagportal.hu\/index.php\/wp-json\/wp\/v2\/posts\/85989"}],"collection":[{"href":"https:\/\/gazdasagportal.hu\/index.php\/wp-json\/wp\/v2\/posts"}],"about":[{"href":"https:\/\/gazdasagportal.hu\/index.php\/wp-json\/wp\/v2\/types\/post"}],"author":[{"embeddable":true,"href":"https:\/\/gazdasagportal.hu\/index.php\/wp-json\/wp\/v2\/users\/1"}],"replies":[{"embeddable":true,"href":"https:\/\/gazdasagportal.hu\/index.php\/wp-json\/wp\/v2\/comments?post=85989"}],"version-history":[{"count":2,"href":"https:\/\/gazdasagportal.hu\/index.php\/wp-json\/wp\/v2\/posts\/85989\/revisions"}],"predecessor-version":[{"id":86001,"href":"https:\/\/gazdasagportal.hu\/index.php\/wp-json\/wp\/v2\/posts\/85989\/revisions\/86001"}],"wp:attachment":[{"href":"https:\/\/gazdasagportal.hu\/index.php\/wp-json\/wp\/v2\/media?parent=85989"}],"wp:term":[{"taxonomy":"category","embeddable":true,"href":"https:\/\/gazdasagportal.hu\/index.php\/wp-json\/wp\/v2\/categories?post=85989"},{"taxonomy":"post_tag","embeddable":true,"href":"https:\/\/gazdasagportal.hu\/index.php\/wp-json\/wp\/v2\/tags?post=85989"}],"curies":[{"name":"wp","href":"https:\/\/api.w.org\/{rel}","templated":true}]}}