{"id":85951,"date":"2016-10-25T12:54:53","date_gmt":"2016-10-25T10:54:53","guid":{"rendered":"http:\/\/gazdasagportal.hu\/?p=85951"},"modified":"2016-10-25T12:26:16","modified_gmt":"2016-10-25T10:26:16","slug":"rekorddontes-a-cel-az-ev-fiatal-vezetoje-palyazaton","status":"publish","type":"post","link":"https:\/\/gazdasagportal.hu\/index.php\/rekorddontes-a-cel-az-ev-fiatal-vezetoje-palyazaton\/","title":{"rendered":"Rekordd\u00f6nt\u00e9s a c\u00e9l az \u00c9v fiatal vezet\u0151je p\u00e1ly\u00e1zaton"},"content":{"rendered":"<p><strong>Az el\u0151zetesen meghirdetett hat\u00e1rid\u0151n\u00e9l egy h\u00e9ttel tov\u00e1bb, eg\u00e9szen november 6-ig k\u00fcldhetik p\u00e1ly\u00e1zataikat a jelentkez\u0151k az \u00c9v fiatal vezet\u0151je \u2013 2016 d\u00edjra. A szervez\u0151k id\u00e9n is kiugr\u00f3 mennyis\u00e9g\u0171 \u00e9s min\u0151s\u00e9g\u0171 p\u00e1ly\u00e1zatra sz\u00e1m\u00edtanak; a d\u00edj meghirdet\u00e9se \u00f3ta egyre \u00e9l\u00e9nkebb az \u00e9rdekl\u0151d\u00e9s a p\u00e1ly\u00e1z\u00f3k r\u00e9sz\u00e9r\u0151l. <\/strong><!--more--><\/p>\n<div class=\"ads-in-post1\"><div id=\"gazdasagportal.hu_fullbanner_wideboard\"><\/div>\r\n<\/div>\n<p><strong>\u00a0<\/strong><\/p>\n<p>\u201eTavaly, mikor legel\u0151sz\u00f6r hirdett\u00fck meg a d\u00edjat, minket is meglepett, hogy milyen nagyfok\u00fa volt az \u00e9rdekl\u0151d\u00e9s a p\u00e1ly\u00e1zat ir\u00e1nt. Id\u00e9n mindent megtesz\u00fcnk az\u00e9rt, hogy a kiugr\u00f3 \u00e9rdekl\u0151d\u00e9s m\u00e9g nagyobb sz\u00e1m\u00fa beadott p\u00e1lyam\u0171ben nyilv\u00e1nuljon meg\u201d &#8211; jellemzi a szervez\u0151k v\u00e1rakoz\u00e1s\u00e1t T\u00f3th Annam\u00e1ria, a d\u00edjat ki\u00edr\u00f3 Fiatal Vezet\u0151k Akad\u00e9mi\u00e1j\u00e1t m\u0171k\u00f6dtet\u0151 Coaching Team szakmai vezet\u0151je. A p\u00e1lyam\u0171vek \u00e9rkez\u00e9s\u00e9vel p\u00e1rhuzamosan a neves szakemberekb\u0151l \u00e1ll\u00f3 zs\u0171ri m\u00e1r megkezdte az \u00e9rt\u00e9kel\u00e9si szempontok \u00f6sszehangol\u00e1s\u00e1t. A zs\u0171ri a b\u00edr\u00e1latkor figyelembe veszi majd a p\u00e1ly\u00e1z\u00f3 szervezeten bel\u00fcl bet\u00f6lt\u00f6tt poz\u00edci\u00f3j\u00e1t, eredm\u00e9nyeit, de nagy hangs\u00falyt helyeznek arra is, hogy a p\u00e1ly\u00e1z\u00f3 mennyire \u00f6nreflekt\u00edv, k\u00e9pes-e, szeretne-e tov\u00e1bb fejl\u0151dni, k\u00e9sz-e a folyamatos tanul\u00e1sra, \u00f6nfejleszt\u00e9sre.<\/p>\n<p><strong>\u00a0<\/strong><\/p>\n<p>\u201eEgy\u00e9rtelm\u0171 c\u00e9lunk, hogy az \u00c9v Fiatal Vezet\u0151je d\u00edj egyre nagyobb szakmai rangot v\u00edvjon ki mag\u00e1nak, \u00e9s j\u00f3 okunk van abban rem\u00e9nykedni, hogy a tavalyi \u00e9rdekl\u0151d\u00e9st is meghalad\u00f3, rekordsz\u00e1m\u00fa p\u00e1ly\u00e1zat \u00e9rkezzen\u201d \u2013 vallja Bite Barbara, a Coaching Team alap\u00edt\u00f3-\u00fcgyvezet\u0151je. A szakember optimizmus\u00e1t az is t\u00e1pl\u00e1lja, hogy id\u00e9n kitolt\u00e1k a d\u00edj megp\u00e1ly\u00e1zhat\u00f3s\u00e1g\u00e1nak \u00e9letkor-krit\u00e9rium\u00e1t, id\u00e9n a 40 \u00e9v\u00fcket m\u00e9g nem bet\u00f6lt\u0151 fiatal vezet\u0151k is p\u00e1ly\u00e1zhatnak. \u00c9s mivel t\u00f6bb nagyv\u00e1llalatt\u00f3l \u00e9rkezett jelz\u00e9s, hogy a sz\u00ednvonalas p\u00e1ly\u00e1zat elk\u00e9sz\u00edt\u00e9s\u00e9hez valamivel t\u00f6bb id\u0151re lesz sz\u00fcks\u00e9g, a p\u00e1ly\u00e1zat lead\u00e1si hat\u00e1ridej\u00e9t is egy h\u00e9ttel kitolt\u00e1k, eg\u00e9szen november 6-a \u00e9jf\u00e9lig v\u00e1rj\u00e1k a p\u00e1lyam\u0171veket.<\/p><div id=\"gazda-2531316198\" class=\"gazda-tartalomban gazda-entity-placement\"><script async src=\"https:\/\/pagead2.googlesyndication.com\/pagead\/js\/adsbygoogle.js\"><\/script>\r\n<ins class=\"adsbygoogle\"\r\n     style=\"display:block\"\r\n     data-ad-format=\"fluid\"\r\n     data-ad-layout-key=\"-6t+ed+2i-1n-4w\"\r\n     data-ad-client=\"ca-pub-1959107119989764\"\r\n     data-ad-slot=\"4008251320\"><\/ins>\r\n<script>\r\n     (adsbygoogle = window.adsbygoogle || []).push({});\r\n<\/script><\/div>\n<p>&nbsp;<\/p>\n<p>\u201eA felfokozott \u00e9rdekl\u0151d\u00e9st r\u00e9szben annak tudjuk be, hogy az \u00fcgy mell\u00e9 \u00e1lltak a hazai Top200-ban szerepl\u0151 v\u00e1llalatok, \u00edgy p\u00e9ld\u00e1ul &#8211; arany fokozat\u00fa t\u00e1mogat\u00f3k\u00e9nt \u2013 az NN Biztos\u00edt\u00f3, vagy a Vibrocomp \u00e9s a BD, de m\u00e9g fontosabb szempont, hogy olyan elismer\u00e9st kaphatnak a fiatal vezet\u0151k, amely a vezet\u0151 szerep tudatos meg\u00e9l\u00e9s\u00e9re h\u00edvja fel a figyelmet\u201d \u2013 h\u00edvja fel a figyelmet a d\u00edj \u00fczenet\u00e9re T\u00f3th Annam\u00e1ria. A d\u00edjra olyan 40 \u00e9v alatti vezet\u0151k p\u00e1ly\u00e1zhatnak, akiknek legal\u00e1bb egy\u00e9ves vezet\u0151i tapasztalatuk van, \u00e9s akik legal\u00e1bb \u00f6t f\u0151b\u0151l \u00e1ll\u00f3 csapatot ir\u00e1ny\u00edtanak a mindennapok sor\u00e1n. A d\u00edjra november els\u0151 het\u00e9ig lehet p\u00e1ly\u00e1zni, az \u00fcnnep\u00e9lyes d\u00edjkioszt\u00f3 2017 elej\u00e9n lesz, ekkor der\u00fcl f\u00e9ny arra, ki lesz Magyarorsz\u00e1gon 2016 \u00c9v Fiatal Vezet\u0151je. A Coaching Team szakmai vezet\u0151je elmondja azt is, hogy a b\u00edr\u00e1l\u00f3k ugyanakkor a f\u0151d\u00edj mellett k\u00fcl\u00f6nd\u00edjakkal, \u00e9s a tov\u00e1bbi helyezetteknek j\u00e1r\u00f3 d\u00edjakkal is k\u00e9sz\u00fclnek k\u00e9pz\u00e9si programok, tanfolyamok, szakk\u00f6nyvek form\u00e1j\u00e1ban. K\u00fcl\u00f6n figyelem \u00f6vezi a legjobb 30 \u00e9v alatti vezet\u0151 k\u00fcl\u00f6nd\u00edjat is, hiszen a gy\u0151ztes m\u00e9g a fiatal vezet\u0151k k\u00f6z\u00f6tt is a legr\u00e1termettebb ut\u00e1np\u00f3tl\u00e1st k\u00e9pviseli majd.<\/p>\n<p>&nbsp;<\/p>\n<p>&nbsp;<\/p>\n<p><strong>Az \u00c9v Fiatal Vezet\u0151je -2016 d\u00edjki\u00edr\u00e1s:<\/strong><\/p>\n<p><strong><a href=\"http:\/\/www.coachingteam.hu\/palyazat2016\/\" target=\"_blank\" rel=\"noopener\">http:\/\/www.coachingteam.hu\/palyazat2016\/<\/a><\/strong><\/p>\n<p>&nbsp;<\/p>\n<p><strong>A Coaching Team-r\u0151l:<\/strong><\/p>\n<p>A fiatal vezet\u0151k szem\u00e9lyre szabott fejleszt\u0151jek\u00e9nt t\u00e1mogatnak coaching \u00e9s tr\u00e9ning tev\u00e9kenys\u00e9gekkel ifj\u00fa vezet\u0151ket, komplex vezet\u0151fejleszt\u0151- \u00e9s tehets\u00e9gprogramok lebonyol\u00edt\u00e1s\u00e1val. Legn\u00e9pszer\u0171bb programjuk, az \u00f6t\u00f6dik \u00e9ve m\u0171k\u00f6d\u0151 Fiatal Vezet\u0151k Akad\u00e9mi\u00e1ja, amely modul\u00e1ris, ny\u00edlt k\u00e9pz\u00e9s koruk szerint fiatal-, illetve a vezet\u0151i poz\u00edci\u00f3t frissen bet\u00f6lt\u0151k sz\u00e1m\u00e1ra. A j\u00f6v\u0151 \u00e9vi programra m\u00e1r lehet jelentkezni: <a href=\"http:\/\/www.coachingteam.hu\/fiatal-vezetok-akademiaja\/#more-129\" target=\"_blank\" rel=\"noopener\">http:\/\/www.coachingteam.hu\/fiatal-vezetok-akademiaja\/#more-129<\/a>. Az elm\u00falt k\u00e9t \u00e9vben nagy visszhangot kaptak a c\u00e9g kutat\u00f3i \u00e1ltal jegyzett gener\u00e1ci\u00f3s-kutat\u00e1sok is. Mindezek mellett szervezetfejleszt\u00e9si folyamatokkal seg\u00edtenek ak\u00e1r multinacion\u00e1lis v\u00e1llalatokat, ak\u00e1r kis- \u00e9s k\u00f6z\u00e9p v\u00e1llalatokat. A hat \u00e9ve alakult tan\u00e1csad\u00f3i team tagjai kvalifik\u00e1lt szakemberek, k\u00fcl\u00f6nb\u00f6z\u0151 szakmai ter\u00fcletekr\u0151l sok\u00e9ves vezet\u0151i tapasztalattal, multinacion\u00e1lis h\u00e1tt\u00e9rrel rendelkeznek. Er\u0151ss\u00e9g\u00fck a k\u00fcl\u00f6nb\u00f6z\u0151 c\u00e9gkult\u00far\u00e1k \u00e9s elt\u00e9r\u0151 ipar\u00e1gak ismerete. A Coaching Team a fiatal vezet\u0151k szak\u00e9rt\u0151jek\u00e9nt egy\u00fcttm\u0171k\u00f6d\u00f6tt t\u00f6bb meghat\u00e1roz\u00f3 multinacion\u00e1lis v\u00e1llalat vezet\u0151- \u00e9s munkat\u00e1rs fejleszt\u0151 programjaiban. A c\u00e9g ISO min\u0151s\u00edt\u00e9ssel rendelkezik a vezet\u0151- \u00e9s munkat\u00e1rsfejleszt\u00e9s ter\u00fclet\u00e9n.<\/p>\n","protected":false},"excerpt":{"rendered":"<p>Az el\u0151zetesen meghirdetett hat\u00e1rid\u0151n\u00e9l egy h\u00e9ttel tov\u00e1bb, eg\u00e9szen november 6-ig k\u00fcldhetik p\u00e1ly\u00e1zataikat a jelentkez\u0151k az \u00c9v fiatal vezet\u0151je \u2013 2016 d\u00edjra. A szervez\u0151k id\u00e9n is kiugr\u00f3 mennyis\u00e9g\u0171 \u00e9s min\u0151s\u00e9g\u0171 p\u00e1ly\u00e1zatra sz\u00e1m\u00edtanak; a d\u00edj meghirdet\u00e9se \u00f3ta egyre \u00e9l\u00e9nkebb az \u00e9rdekl\u0151d\u00e9s a p\u00e1ly\u00e1z\u00f3k r\u00e9sz\u00e9r\u0151l.<\/p>\n","protected":false},"author":1,"featured_media":0,"comment_status":"open","ping_status":"closed","sticky":false,"template":"","format":"standard","meta":[],"categories":[19],"tags":[],"_links":{"self":[{"href":"https:\/\/gazdasagportal.hu\/index.php\/wp-json\/wp\/v2\/posts\/85951"}],"collection":[{"href":"https:\/\/gazdasagportal.hu\/index.php\/wp-json\/wp\/v2\/posts"}],"about":[{"href":"https:\/\/gazdasagportal.hu\/index.php\/wp-json\/wp\/v2\/types\/post"}],"author":[{"embeddable":true,"href":"https:\/\/gazdasagportal.hu\/index.php\/wp-json\/wp\/v2\/users\/1"}],"replies":[{"embeddable":true,"href":"https:\/\/gazdasagportal.hu\/index.php\/wp-json\/wp\/v2\/comments?post=85951"}],"version-history":[{"count":1,"href":"https:\/\/gazdasagportal.hu\/index.php\/wp-json\/wp\/v2\/posts\/85951\/revisions"}],"predecessor-version":[{"id":85952,"href":"https:\/\/gazdasagportal.hu\/index.php\/wp-json\/wp\/v2\/posts\/85951\/revisions\/85952"}],"wp:attachment":[{"href":"https:\/\/gazdasagportal.hu\/index.php\/wp-json\/wp\/v2\/media?parent=85951"}],"wp:term":[{"taxonomy":"category","embeddable":true,"href":"https:\/\/gazdasagportal.hu\/index.php\/wp-json\/wp\/v2\/categories?post=85951"},{"taxonomy":"post_tag","embeddable":true,"href":"https:\/\/gazdasagportal.hu\/index.php\/wp-json\/wp\/v2\/tags?post=85951"}],"curies":[{"name":"wp","href":"https:\/\/api.w.org\/{rel}","templated":true}]}}