{"id":85937,"date":"2016-10-25T08:34:16","date_gmt":"2016-10-25T06:34:16","guid":{"rendered":"http:\/\/gazdasagportal.hu\/?p=85937"},"modified":"2016-10-25T08:34:16","modified_gmt":"2016-10-25T06:34:16","slug":"europai-informatikai-csucstalalkozo-az-elte-n","status":"publish","type":"post","link":"https:\/\/gazdasagportal.hu\/index.php\/europai-informatikai-csucstalalkozo-az-elte-n\/","title":{"rendered":"Eur\u00f3pai informatikai cs\u00facstal\u00e1lkoz\u00f3 az ELTE-n"},"content":{"rendered":"<p><strong>Az eur\u00f3pai informatikai oktat\u00e1s-kutat\u00e1s meghat\u00e1roz\u00f3 szervezete, az Informatics Europe tizenkettedik \u00e9ves cs\u00facstal\u00e1lkoz\u00f3j\u00e1nak az E\u00f6tv\u00f6s Lor\u00e1nd Tudom\u00e1nyegyetem (ELTE) ad otthont &#8211; mondta az egyetem informatikai kar\u00e1nak d\u00e9k\u00e1nja az M1 aktu\u00e1lis csatorna m\u0171sor\u00e1ban h\u00e9tf\u0151 este.<\/strong><!--more--><\/p>\n<div class=\"ads-in-post1\"><div id=\"gazdasagportal.hu_fullbanner_wideboard\"><\/div>\r\n<\/div>\n<p>    Horv\u00e1th Zolt\u00e1n elmondta: el\u0151ad\u00f3ik k\u00f6z\u00f6tt lesz a brit korm\u00e1ny kiberbiztons\u00e1gi tan\u00e1csad\u00f3ja, Anthony Finkelstein \u00e9s az Eur\u00f3pai Uni\u00f3 innov\u00e1ci\u00f3s technol\u00f3giai programj\u00e1nak vezet\u0151je, Willem Jonker, a konferenci\u00e1t Palkovics L\u00e1szl\u00f3 oktat\u00e1si \u00e1llamtitk\u00e1r nyitja meg. Jelen lesznek a t\u00e1rsegyetemek d\u00e9k\u00e1njai huszon\u00f6t orsz\u00e1gb\u00f3l, az ipar k\u00e9pvisel\u0151i, a magyar \u00e9s k\u00fclf\u00f6ldi inform\u00e1ci\u00f3technol\u00f3giai nagyv\u00e1llalatok vezet\u0151i &#8211; tette hozz\u00e1.<br \/>\n    A konferencia t\u00e9m\u00e1ja a digitaliz\u00e1ci\u00f3 &#8211; ismertette Horv\u00e1th Zolt\u00e1n, hozz\u00e1t\u00e9ve: az emberek \u00e9let\u00e9t szoftverek, digit\u00e1lis szolg\u00e1ltat\u00e1sok \u00e9s gy\u00e1rt\u00e1si folyamatok veszik k\u00f6r\u00fcl, fontos, hogy ezek m\u00f6g\u00f6tt j\u00f3, megb\u00edzhat\u00f3 szoftverek \u00e9s kell\u0151 informatikai tud\u00e1s legyen.<br \/>\n    Jelezte: m\u00e1r nemcsak az informatikusoknak kell informatik\u00e1t tan\u00edtani, ez\u00e9rt az egyetemen felaj\u00e1nlottak egy &#8222;bels\u0151 tanulm\u00e1nyutat&#8221;, egy\u00e9ves k\u00e9pz\u00e9st az arra p\u00e1ly\u00e1z\u00f3 szociol\u00f3gus, b\u00f6lcs\u00e9sz, jog\u00e1sz vagy term\u00e9szettud\u00f3s hallgat\u00f3knak.<br \/>\n    Mint mondta, az ELTE-n t\u00f6bb mint sz\u00e1z hallgat\u00f3 vesz r\u00e9szt olyan kutat\u00e1si projektekben, amelyeket ipari partnereik hoztak, \u00e9s amelyekre m\u00e9g sehol a vil\u00e1gban nem ismerik a v\u00e1laszt.(MTI)<\/p>\n","protected":false},"excerpt":{"rendered":"<p>Az eur\u00f3pai informatikai oktat\u00e1s-kutat\u00e1s meghat\u00e1roz\u00f3 szervezete, az Informatics Europe tizenkettedik \u00e9ves cs\u00facstal\u00e1lkoz\u00f3j\u00e1nak az E\u00f6tv\u00f6s Lor\u00e1nd Tudom\u00e1nyegyetem (ELTE) ad otthont &#8211; mondta az egyetem informatikai kar\u00e1nak d\u00e9k\u00e1nja az M1 aktu\u00e1lis csatorna m\u0171sor\u00e1ban h\u00e9tf\u0151 este.<\/p>\n","protected":false},"author":1,"featured_media":0,"comment_status":"open","ping_status":"closed","sticky":false,"template":"","format":"standard","meta":[],"categories":[4],"tags":[],"_links":{"self":[{"href":"https:\/\/gazdasagportal.hu\/index.php\/wp-json\/wp\/v2\/posts\/85937"}],"collection":[{"href":"https:\/\/gazdasagportal.hu\/index.php\/wp-json\/wp\/v2\/posts"}],"about":[{"href":"https:\/\/gazdasagportal.hu\/index.php\/wp-json\/wp\/v2\/types\/post"}],"author":[{"embeddable":true,"href":"https:\/\/gazdasagportal.hu\/index.php\/wp-json\/wp\/v2\/users\/1"}],"replies":[{"embeddable":true,"href":"https:\/\/gazdasagportal.hu\/index.php\/wp-json\/wp\/v2\/comments?post=85937"}],"version-history":[{"count":1,"href":"https:\/\/gazdasagportal.hu\/index.php\/wp-json\/wp\/v2\/posts\/85937\/revisions"}],"predecessor-version":[{"id":85938,"href":"https:\/\/gazdasagportal.hu\/index.php\/wp-json\/wp\/v2\/posts\/85937\/revisions\/85938"}],"wp:attachment":[{"href":"https:\/\/gazdasagportal.hu\/index.php\/wp-json\/wp\/v2\/media?parent=85937"}],"wp:term":[{"taxonomy":"category","embeddable":true,"href":"https:\/\/gazdasagportal.hu\/index.php\/wp-json\/wp\/v2\/categories?post=85937"},{"taxonomy":"post_tag","embeddable":true,"href":"https:\/\/gazdasagportal.hu\/index.php\/wp-json\/wp\/v2\/tags?post=85937"}],"curies":[{"name":"wp","href":"https:\/\/api.w.org\/{rel}","templated":true}]}}