{"id":85933,"date":"2016-10-25T05:04:03","date_gmt":"2016-10-25T03:04:03","guid":{"rendered":"http:\/\/gazdasagportal.hu\/?p=85933"},"modified":"2016-10-24T20:27:32","modified_gmt":"2016-10-24T18:27:32","slug":"1956-kulfoldi-sajto-magyarorszagrol-berlin-bern-brusszel-parizs-2-resz","status":"publish","type":"post","link":"https:\/\/gazdasagportal.hu\/index.php\/1956-kulfoldi-sajto-magyarorszagrol-berlin-bern-brusszel-parizs-2-resz\/","title":{"rendered":"1956 &#8211; K\u00fclf\u00f6ldi sajt\u00f3 Magyarorsz\u00e1gr\u00f3l &#8211; Berlin, Bern, Br\u00fcsszel, P\u00e1rizs (2. r\u00e9sz)"},"content":{"rendered":"<p><a href=\"https:\/\/gazdasagportal.hu\/wp-content\/uploads\/2015\/05\/sajto6.jpg\"><img decoding=\"async\" loading=\"lazy\" src=\"https:\/\/gazdasagportal.hu\/wp-content\/uploads\/2015\/05\/sajto6.jpg\" alt=\"sajto6\" width=\"720\" height=\"480\" class=\"aligncenter size-full wp-image-60602\" srcset=\"https:\/\/gazdasagportal.hu\/wp-content\/uploads\/2015\/05\/sajto6.jpg 720w, https:\/\/gazdasagportal.hu\/wp-content\/uploads\/2015\/05\/sajto6-300x200.jpg 300w\" sizes=\"(max-width: 720px) 100vw, 720px\" \/><\/a><br \/>\n<strong>A Politico br\u00fcsszeli h\u00edrport\u00e1l cikke szerint Orb\u00e1n Viktor b\u00edr\u00e1l\u00f3i, valamint a t\u00fal\u00e9l\u0151 forradalm\u00e1rok k\u00f6z\u00fcl sokan a korm\u00e1ny 1956-os kamp\u00e1ny\u00e1t olyan t\u00f6rekv\u00e9snek tekintik, amely egyr\u00e9szt a nacionalista hangulatot fokozza, m\u00e1sr\u00e9szt elvonja a lakoss\u00e1g figyelm\u00e9t a s\u00fcrg\u0151sebb kih\u00edv\u00e1sokr\u00f3l. A szerz\u0151, Bayer Lili szerint a minisztereln\u00f6k okt\u00f3ber 23-i \u00fcnnepi besz\u00e9d\u00e9ben p\u00e1rhuzamot pr\u00f3b\u00e1lt vonni Magyarorsz\u00e1g Moszkva ellen ind\u00edtott harca \u00e9s az Eur\u00f3pai Uni\u00f3 ellen folytatott saj\u00e1t harca k\u00f6z\u00f6tt.<\/strong><!--more--><\/p>\n<div class=\"ads-in-post1\"><div id=\"gazdasagportal.hu_fullbanner_wideboard\"><\/div>\r\n<\/div>\n<p>Orb\u00e1n Viktor feladatk\u00e9nt jel\u00f6lte meg Br\u00fcsszel megment\u00e9s\u00e9t az &#8222;elszovjetesed\u00e9st\u0151l&#8221;. A cikk azt \u00e1ll\u00edtja, az Orb\u00e1n-korm\u00e1ny egyes tagjai elismert\u00e9k, tudatos v\u00e1lt\u00e1s volt arra vonatkoz\u00f3an, hogy hogyan t\u00e1rj\u00e1k a forradalom \u00f6r\u00f6ks\u00e9g\u00e9t a nyilv\u00e1noss\u00e1g el\u00e9. A b\u00edr\u00e1l\u00f3k egy r\u00e9sze szerint Orb\u00e1n Viktor p\u00e1rtja az\u00e9rt v\u00e1ltoztat a forradalom t\u00f6rt\u00e9net\u00e9n, hogy az a minisztereln\u00f6k politikai c\u00e9ljait szolg\u00e1lja.<br \/>\nA magyarok egy r\u00e9sze \u00fagy v\u00e9li, az Orb\u00e1n-korm\u00e1ny megs\u00e9rti az 1956-os forradalom \u00e1lmait, ahogy az 1848-t\u0151l 1956-ig tart\u00f3 id\u0151szak magyar szabads\u00e1gharcosok gener\u00e1ci\u00f3inak, valamint az 1989-es demokratikus \u00e1tmenet \u00e1lmait is &#8211; \u00edrta a h\u00edrport\u00e1l.<br \/>\n<a title=\"Hely megnyit\u00e1sa\" href=\"http:\/\/www.politico.eu\/article\/viktor-orbans-revision-of-the-1956-revolution\/\" target=\"_blank\" rel=\"noopener\">http:\/\/www.politico.eu\/article\/viktor-orbans-revision-of-the-1956-revolution\/<\/a><br \/>\nA Balatonn\u00e1l leteleped\u0151 n\u00e9metekr\u0151l k\u00f6z\u00f6lt helysz\u00edni riportot a Le Figaro. A francia konzervat\u00edv lap szerint ami\u00f3ta N\u00e9metorsz\u00e1g megnyitotta a hat\u00e1rait a migr\u00e1nsok el\u0151tt, egyre t\u00f6bb, olcs\u00f3bb, biztons\u00e1gosabb \u00e9s &#8222;migr\u00e1nsmentes&#8221; \u00e9letre v\u00e1gy\u00f3 n\u00e9met k\u00f6lt\u00f6zik Magyarorsz\u00e1gra \u00e9s tal\u00e1l m\u00e1sodik haz\u00e1ra &#8222;a nagyon konzervat\u00edv Orb\u00e1n Viktor orsz\u00e1g\u00e1ban&#8221;. Ottmar Heide ingatlan\u00fcgyn\u00f6k a lapnak elmondta: n\u00e9met \u00fcgyfeleinek 80 sz\u00e1zal\u00e9ka a migr\u00e1ns\u00e1radat miatt hagyja ott N\u00e9metorsz\u00e1got, &#8222;panaszkodnak (Angela) Merkel befogad\u00f3 politik\u00e1j\u00e1ra, nem akarnak f\u00e9lelemben, radik\u00e1lis muzulm\u00e1nok k\u00f6z\u00f6tt \u00e9lni&#8221;. G\u00fcnter Schwarz, a Balaton Immobilien \u00fcgyn\u00f6ks\u00e9g tulajdonosa napi 15-20 megkeres\u00e9st kap N\u00e9metorsz\u00e1gb\u00f3l, \u00f6tsz\u00f6r annyit mint egy \u00e9vvel ezel\u0151tt. Mindannyian az\u00e9rt akarnak elk\u00f6lt\u00f6zni, mert att\u00f3l tartanak, hogy N\u00e9metorsz\u00e1got el\u00e1rasztj\u00e1k a k\u00fclf\u00f6ldiek &#8211; mondta a f\u00e9rfi a lapnak.<br \/>\nA tud\u00f3s\u00edt\u00f3 St\u00e9phane Kovacs megjegyezte, hogy a Balaton k\u00f6rny\u00e9k\u00e9n jelent\u0151s n\u00e9met k\u00f6z\u00f6ss\u00e9g \u00e9l, saj\u00e1t lapjuk is van Balaton Zeitung c\u00edmmel. Az \u00e9v els\u0151 hat h\u00f3napj\u00e1n a helyi ingatlan\u00fcgyn\u00f6ks\u00e9gek szerint k\u00e9tszer annyi h\u00e1zat vettek n\u00e9metek, mint tavaly eg\u00e9sz \u00e9vben. Kiszely Zolt\u00e1n politol\u00f3gus szerint a tendencia figyelemrem\u00e9lt\u00f3, de nem lehet olyan t\u00f6meges jelens\u00e9gr\u0151l besz\u00e9lni, mint p\u00e9ld\u00e1ul Mallorc\u00e1n, ahova t\u00f6bb ezer n\u00e9met k\u00f6lt\u00f6z\u00f6tt.<br \/>\nA politol\u00f3gus \u00fagy l\u00e1tja, hogy a migr\u00e1nsv\u00e1ls\u00e1g \u00f3ta Magyarorsz\u00e1g im\u00e1zsa javult az eur\u00f3pai \u00e1llampolg\u00e1rok szem\u00e9ben. A konzervat\u00edvok sz\u00e1m\u00e1ra, akiknek az egyh\u00e1z \u00e9s a csal\u00e1d fontos \u00e9rt\u00e9keket jelent, Magyarorsz\u00e1g j\u00f3 v\u00e1laszt\u00e1s, mert \u00fagy \u00e9rezhetik magukat, mint harminc \u00e9vvel ezel\u0151tt N\u00e9metorsz\u00e1gban &#8211; id\u00e9zte a politol\u00f3gust a Le Figaro.<br \/>\n<a title=\"Hely megnyit\u00e1sa\" href=\"http:\/\/premium.lefigaro.fr\/international\/2016\/10\/23\/01003-20161023ARTFIG00110-ces-allemands-qui-fuient-leur-pays-pour-s-installer-en-hongrie.php\" target=\"_blank\" rel=\"noopener\">http:\/\/premium.lefigaro.fr\/international\/2016\/10\/23\/01003-20161023ARTFIG00110-ces-allemands-qui-fuient-leur-pays-pour-s-installer-en-hongrie.php<\/a><\/p>\n<p>&nbsp;<\/p><div id=\"gazda-1414148519\" class=\"gazda-tartalomban gazda-entity-placement\"><script async src=\"https:\/\/pagead2.googlesyndication.com\/pagead\/js\/adsbygoogle.js\"><\/script>\r\n<ins class=\"adsbygoogle\"\r\n     style=\"display:block\"\r\n     data-ad-format=\"fluid\"\r\n     data-ad-layout-key=\"-6t+ed+2i-1n-4w\"\r\n     data-ad-client=\"ca-pub-1959107119989764\"\r\n     data-ad-slot=\"4008251320\"><\/ins>\r\n<script>\r\n     (adsbygoogle = window.adsbygoogle || []).push({});\r\n<\/script><\/div>\n<p>(MTI)<\/p>\n<p>&nbsp;<\/p>\n","protected":false},"excerpt":{"rendered":"<p>A Politico br\u00fcsszeli h\u00edrport\u00e1l cikke szerint Orb\u00e1n Viktor b\u00edr\u00e1l\u00f3i, valamint a t\u00fal\u00e9l\u0151 forradalm\u00e1rok k\u00f6z\u00fcl sokan a korm\u00e1ny 1956-os kamp\u00e1ny\u00e1t olyan t\u00f6rekv\u00e9snek tekintik, amely egyr\u00e9szt a nacionalista hangulatot fokozza, m\u00e1sr\u00e9szt elvonja a lakoss\u00e1g figyelm\u00e9t a s\u00fcrg\u0151sebb kih\u00edv\u00e1sokr\u00f3l. A szerz\u0151, Bayer Lili szerint a minisztereln\u00f6k okt\u00f3ber 23-i \u00fcnnepi besz\u00e9d\u00e9ben p\u00e1rhuzamot pr\u00f3b\u00e1lt vonni Magyarorsz\u00e1g Moszkva ellen ind\u00edtott harca &#8230;<\/p>\n","protected":false},"author":1,"featured_media":60602,"comment_status":"open","ping_status":"closed","sticky":false,"template":"","format":"standard","meta":[],"categories":[403,146,4],"tags":[],"_links":{"self":[{"href":"https:\/\/gazdasagportal.hu\/index.php\/wp-json\/wp\/v2\/posts\/85933"}],"collection":[{"href":"https:\/\/gazdasagportal.hu\/index.php\/wp-json\/wp\/v2\/posts"}],"about":[{"href":"https:\/\/gazdasagportal.hu\/index.php\/wp-json\/wp\/v2\/types\/post"}],"author":[{"embeddable":true,"href":"https:\/\/gazdasagportal.hu\/index.php\/wp-json\/wp\/v2\/users\/1"}],"replies":[{"embeddable":true,"href":"https:\/\/gazdasagportal.hu\/index.php\/wp-json\/wp\/v2\/comments?post=85933"}],"version-history":[{"count":1,"href":"https:\/\/gazdasagportal.hu\/index.php\/wp-json\/wp\/v2\/posts\/85933\/revisions"}],"predecessor-version":[{"id":85934,"href":"https:\/\/gazdasagportal.hu\/index.php\/wp-json\/wp\/v2\/posts\/85933\/revisions\/85934"}],"wp:featuredmedia":[{"embeddable":true,"href":"https:\/\/gazdasagportal.hu\/index.php\/wp-json\/wp\/v2\/media\/60602"}],"wp:attachment":[{"href":"https:\/\/gazdasagportal.hu\/index.php\/wp-json\/wp\/v2\/media?parent=85933"}],"wp:term":[{"taxonomy":"category","embeddable":true,"href":"https:\/\/gazdasagportal.hu\/index.php\/wp-json\/wp\/v2\/categories?post=85933"},{"taxonomy":"post_tag","embeddable":true,"href":"https:\/\/gazdasagportal.hu\/index.php\/wp-json\/wp\/v2\/tags?post=85933"}],"curies":[{"name":"wp","href":"https:\/\/api.w.org\/{rel}","templated":true}]}}