{"id":85931,"date":"2016-10-25T04:44:17","date_gmt":"2016-10-25T02:44:17","guid":{"rendered":"http:\/\/gazdasagportal.hu\/?p=85931"},"modified":"2016-10-24T20:22:25","modified_gmt":"2016-10-24T18:22:25","slug":"1956-kulfoldi-sajto-magyarorszagrol-berlin-bern-brusszel-parizs-1-resz","status":"publish","type":"post","link":"https:\/\/gazdasagportal.hu\/index.php\/1956-kulfoldi-sajto-magyarorszagrol-berlin-bern-brusszel-parizs-1-resz\/","title":{"rendered":"1956 &#8211; K\u00fclf\u00f6ldi sajt\u00f3 Magyarorsz\u00e1gr\u00f3l &#8211; Berlin, Bern, Br\u00fcsszel, P\u00e1rizs (1. r\u00e9sz)"},"content":{"rendered":"<p><a href=\"https:\/\/gazdasagportal.hu\/wp-content\/uploads\/2014\/11\/sajto1.jpg\"><img decoding=\"async\" loading=\"lazy\" src=\"https:\/\/gazdasagportal.hu\/wp-content\/uploads\/2014\/11\/sajto1.jpg\" alt=\"sajto1\" width=\"481\" height=\"302\" class=\"aligncenter size-full wp-image-49053\" srcset=\"https:\/\/gazdasagportal.hu\/wp-content\/uploads\/2014\/11\/sajto1.jpg 481w, https:\/\/gazdasagportal.hu\/wp-content\/uploads\/2014\/11\/sajto1-300x188.jpg 300w\" sizes=\"(max-width: 481px) 100vw, 481px\" \/><\/a><\/p>\n<p><strong>N\u00e9metorsz\u00e1gban a S\u00fcddeutsche Zeitung c\u00edm\u0171 liber\u00e1lis lap, a Spiegel Online h\u00edrport\u00e1l \u00e9s a ZDF k\u00f6zszolg\u00e1lati telev\u00edzi\u00f3 az 1956-os forradalom 60. \u00e9vfordul\u00f3j\u00e1val, a Der Spiegel c\u00edm\u0171 h\u00edrmagazin pedig a populizmussal kapcsolatban foglalkozott Magyarorsz\u00e1ggal. A sv\u00e1jci Neue Z\u00fcrcher Zeitung \u00e9s a Politico br\u00fcsszeli h\u00edrport\u00e1l szint\u00e9n a vas\u00e1rnapi 1956-os \u00e9vfordul\u00f3s megeml\u00e9kez\u00e9st komment\u00e1lta, a Le Figaro c\u00edm\u0171 francia konzervat\u00edv lap pedig a Magyarorsz\u00e1gra telep\u00fcl\u0151 n\u00e9metek motiv\u00e1ci\u00f3ir\u00f3l \u00edrt.<\/strong><!--more--><\/p>\n<div class=\"ads-in-post1\"><div id=\"gazdasagportal.hu_fullbanner_wideboard\"><\/div>\r\n<\/div>\n<p>A S\u00fcddeutsche Zeitung V\u00e9letlent\u0151l mentesen c\u00edmmel k\u00f6z\u00f6lte Cathrin Kahlweit \u00edr\u00e1s\u00e1t, aki kiemelte, hogy Orb\u00e1n Viktor korm\u00e1nya &#8222;kisaj\u00e1t\u00edtja&#8221; 1956 h\u0151seit, s azt demonstr\u00e1lja, hogy a Fidesz a h\u0151s\u00f6k &#8222;egyed\u00fcli jogos \u00f6r\u00f6k\u00f6se&#8221;. Hozz\u00e1tette, hogy korm\u00e1ny \u00e9s ellenz\u00e9k ugyan soha nem szeretett egy\u00fctt \u00fcnnepelni, de m\u00e9g soha nem volt annyira m\u00e9ly a szakad\u00e9k, mint a 60. \u00e9vfordul\u00f3n. A budapesti Kossuth t\u00e9ren vas\u00e1rnap tartott \u00fcnneps\u00e9gr\u0151l a t\u00f6bbi k\u00f6z\u00f6tt kifejtette, hogy a korm\u00e1ny \u00e1ltal azonnal m\u00e9ltatlannak b\u00e9lyegzett s\u00edpos tiltakoz\u00e1s n\u00e9lk\u00fcl &#8222;t\u00f6k\u00e9letes&#8221; lett volna a Kossuth t\u00e9ren szervezett \u00e1llami \u00fcnneps\u00e9g, mert &#8222;semmit nem b\u00edztak a v\u00e9letlenre&#8221;.<br \/>\n<a title=\"Hely megnyit\u00e1sa\" href=\"http:\/\/www.sueddeutsche.de\/politik\/geschichtspolitik-in-ungarn-frei-von-zufall-1.3218177\" target=\"_blank\" rel=\"noopener\">http:\/\/www.sueddeutsche.de\/politik\/geschichtspolitik-in-ungarn-frei-von-zufall-1.3218177<\/a><br \/>\nA Spiegel Online h\u00edrport\u00e1l az Orb\u00e1n Eur\u00f3pa &#8222;szovjetiz\u00e1l\u00f3d\u00e1s\u00e1t\u00f3l&#8221; \u00f3v c\u00edm\u0171 besz\u00e1mol\u00f3j\u00e1ban kiemelte: a t\u00fcntet\u0151k a k\u00f6rnyezet\u00fckben s\u00edpjaikkal elnyomt\u00e1k a korm\u00e1nyf\u0151 \u00e9s Andrzej Duda lengyel \u00e1llamf\u0151 besz\u00e9d\u00e9nek hangj\u00e1t, viszont a t\u0151l\u00fck csaknem 100 m\u00e9terre fekv\u0151 sz\u00ednpadn\u00e1l val\u00f3sz\u00edn\u0171leg sokkal kev\u00e9sb\u00e9 lehetett hallani tiltakoz\u00e1sukat, de ahhoz \u00e9ppen el\u00e9gg\u00e9, hogy az \u00fcnnepi besz\u00e9d\u00e9t &#8222;enerv\u00e1ltan&#8221; kezd\u0151 Orb\u00e1n Viktor egyre hangosabban besz\u00e9ljen, hogy &#8222;t\u00falharsogja&#8221; a demonstr\u00e1l\u00f3kat.<br \/>\n<a title=\"Hely megnyit\u00e1sa\" href=\"http:\/\/www.spiegel.de\/politik\/ausland\/ungarn-orban-warnt-vor-sowjetisierung-europas-a-1117918.html\" target=\"_blank\" rel=\"noopener\">http:\/\/www.spiegel.de\/politik\/ausland\/ungarn-orban-warnt-vor-sowjetisierung-europas-a-1117918.html<\/a><br \/>\nA ZDF a heute.de c\u00edm\u0171 h\u00edrport\u00e1lj\u00e1n A guly\u00e1skommunist\u00e1k elhalv\u00e1nyult imidzse c\u00edmmel k\u00f6z\u00f6lte vas\u00e1rnap Felicitas Eva Lindner \u00edr\u00e1s\u00e1t, aki kiemelte: a mai Magyarorsz\u00e1g nem hasonl\u00edt a rendszerv\u00e1lt\u00e1s korabeli Magyarorsz\u00e1gra, az optimista hangulatot nacionalizmus v\u00e1ltotta fel, \u00e9s az egykori &#8222;liber\u00e1lis di\u00e1kvez\u00e9r&#8221;, Orb\u00e1n Viktor is politikai v\u00e1ltoz\u00e1son ment kereszt\u00fcl, ma m\u00e1r olyan &#8222;szocialista korm\u00e1nyokat&#8221; tart p\u00e9ldak\u00e9pnek, mint az oroszorsz\u00e1gi, a t\u00f6r\u00f6korsz\u00e1gi vagy a k\u00ednai.<br \/>\nAz uni\u00f3s menek\u00fcltkv\u00f3t\u00e1kkal kapcsolatban hozz\u00e1tette, hogy Orb\u00e1n &#8222;okosan&#8221; politiz\u00e1l, ism\u00e9t \u00e1ldozatk\u00e9nt mutatja be a magyarokat. Az \u00e9vfordul\u00f3s megeml\u00e9kez\u00e9sr\u0151l kiemelte: a korm\u00e1nyf\u0151 &#8222;s\u00fctk\u00e9rezni&#8221; akar a r\u00e9g\u00f3ta tervezett \u00e9s nagy r\u00e1ford\u00edt\u00e1ssal megrendezett \u00fcnneps\u00e9g f\u00e9ny\u00e9ben, &#8222;de a l\u00e1tszat csal&#8221;, a nemzeti \u00fcnnepen sz\u00e1mos t\u00fcntet\u00e9st tartanak, p\u00e9ld\u00e1ul a sajt\u00f3szabads\u00e1g\u00e9rt, \u00e9s &#8222;a hangulat fesz\u00fclt az orsz\u00e1gban&#8221;, ami &#8222;\u00e1rny\u00e9kot vet Orb\u00e1n \u00fcnnep\u00e9re&#8221;.<br \/>\n<a title=\"Hely megnyit\u00e1sa\" href=\"http:\/\/www.heute.de\/ungarn-feiert-60-jahre-volksaufstand-45718244.html\" target=\"_blank\" rel=\"noopener\">http:\/\/www.heute.de\/ungarn-feiert-60-jahre-volksaufstand-45718244.html<\/a><br \/>\nA Der Spiegel Ki tartozik k\u00f6z\u00e9nk? c\u00edmmel k\u00f6z\u00f6lt interj\u00fat Jan-Werner M\u00fcllerrel, az amerikai Princeton Egyetem politol\u00f3gus\u00e1val, aki Magyarorsz\u00e1ggal kapcsolatban kiemelte: &#8222;botr\u00e1ny&#8221;, hogy az Eur\u00f3pai N\u00e9pp\u00e1rt m\u00e9g nem z\u00e1rta ki a Fideszt, ezt legk\u00e9s\u0151bb 2015-ben meg kellett volna tennie, amikor Orb\u00e1n Viktor elkezdett gondolkodni a hal\u00e1lb\u00fcntet\u00e9s vissza\u00e1ll\u00edt\u00e1s\u00e1r\u00f3l.<br \/>\nArra a k\u00e9rd\u00e9sre, hogy Orb\u00e1n vajon egyfajta \u00fatt\u00f6r\u0151-e az eur\u00f3pai populista p\u00e1rtvezet\u0151k sz\u00e1m\u00e1ra, azt mondta: Orb\u00e1n eg\u00e9sz &#8222;k\u00e9zik\u00f6nyvet&#8221; \u00edrhatna azzal a c\u00edmmel, hogy &#8222;Mik\u00e9nt szerezzem meg \u00e9s tartsam meg a hatalmat populistak\u00e9nt&#8221;, vagy azzal, hogy &#8222;H\u00e9t l\u00e9p\u00e9s, amelyekkel kitr\u00fckk\u00f6zheti az EU-t&#8221;. Megjegyezte: Orb\u00e1n 2010-es gy\u0151zelme \u00f3ta &#8222;\u00fagy tesz, mintha a v\u00e1laszt\u00f3k kategorikusan felhatalmazt\u00e1k volna egy \u00faj alkotm\u00e1ny \u00e9s egy \u00faj politikai rendszer megalkot\u00e1s\u00e1ra&#8221;.<br \/>\nHozz\u00e1tette: Magyarorsz\u00e1g &#8222;a demokr\u00e1cia \u00e9s a diktat\u00fara k\u00f6z\u00f6tti sz\u00fcrke z\u00f3n\u00e1ban&#8221; helyezkedik el, nem tartja be az eur\u00f3pai szab\u00e1lyokat \u00e9s alap\u00e9rt\u00e9keket, a korm\u00e1ny t\u00e1madja a hatalmi \u00e1gak sz\u00e9tv\u00e1laszt\u00e1s\u00e1t, \u00e9s al\u00e1\u00e1s olyan alapvet\u0151 \u00e9rt\u00e9keket, mint a v\u00e9lem\u00e9ny \u00e9s a gy\u00fclekez\u00e9s szabads\u00e1ga. Kiemelte: nem kiz\u00e1rt, hogy a mai &#8222;Kelet-Eur\u00f3p\u00e1ban lehet tanulm\u00e1nyozni a Nyugat politikai j\u00f6v\u0151j\u00e9t&#8221;.<br \/>\nA Neue Z\u00fcrcher Zeitung c\u00edm\u0171 sv\u00e1jci lap h\u00e9tf\u0151i komment\u00e1rj\u00e1ban felid\u00e9zte, hogy 2006-ban az 1956-os forradalom 50. \u00e9vfordul\u00f3j\u00e1t &#8222;s\u00falyos zavarg\u00e1sok&#8221; \u00e1rny\u00e9kolt\u00e1k be. A cikk\u00edr\u00f3 szerint a t\u00edz \u00e9v m\u00falt\u00e1n tartott megeml\u00e9kez\u00e9sb\u0151l l\u00e1tszott, hogy az \u00e1rkokat m\u00e9g nem temett\u00e9k be.<br \/>\nMeret Baumann, a lap budapesti tud\u00f3s\u00edt\u00f3ja azt \u00edrja, m\u00e9g a Magyarorsz\u00e1g sz\u00e1m\u00e1ra annyira jelent\u0151s, a h\u0151sies szabads\u00e1gharcot illet\u0151 b\u00fcszkes\u00e9g sem tudta egy napra egyes\u00edteni a nemzetet. Eml\u00e9keztetett: a p\u00e1rtok k\u00e9pvisel\u0151i k\u00fcl\u00f6nb\u00f6z\u0151 helyekre h\u00edvt\u00e1k t\u00e1mogat\u00f3ikat, m\u00edg a hivatalos \u00fcnneps\u00e9gre korl\u00e1tozt\u00e1k a bel\u00e9p\u00e9st.<br \/>\nBaumann megeml\u00edti, hogy a kv\u00f3tareferendum &#8222;k\u00e9tes&#8221; eredm\u00e9ny\u00e9t Orb\u00e1n Viktor a megeml\u00e9kez\u00e9sen \u00faj egys\u00e9g l\u00e9trej\u00f6ttek\u00e9nt hangs\u00falyozta. Az \u00fcnnep azonban \u00e9pp ennek ellenkez\u0151j\u00e9t mutatta.<br \/>\n<a title=\"Hely megnyit\u00e1sa\" href=\"http:\/\/www.nzz.ch\/international\/europa\/60-jahrestag-des-volksaufstands-nicht-einmal-der-stolz-auf-1956-vermag-ungarn-zu-einen-ld.123692\" target=\"_blank\" rel=\"noopener\">http:\/\/www.nzz.ch\/international\/europa\/60-jahrestag-des-volksaufstands-nicht-einmal-der-stolz-auf-1956-vermag-ungarn-zu-einen-ld.123692<\/a><\/p>\n<p>&nbsp;<\/p><div id=\"gazda-306495707\" class=\"gazda-tartalomban gazda-entity-placement\"><script async src=\"https:\/\/pagead2.googlesyndication.com\/pagead\/js\/adsbygoogle.js\"><\/script>\r\n<ins class=\"adsbygoogle\"\r\n     style=\"display:block\"\r\n     data-ad-format=\"fluid\"\r\n     data-ad-layout-key=\"-6t+ed+2i-1n-4w\"\r\n     data-ad-client=\"ca-pub-1959107119989764\"\r\n     data-ad-slot=\"4008251320\"><\/ins>\r\n<script>\r\n     (adsbygoogle = window.adsbygoogle || []).push({});\r\n<\/script><\/div>\n<p>(MTI)<\/p>\n<p>&nbsp;<\/p>\n","protected":false},"excerpt":{"rendered":"<p>N\u00e9metorsz\u00e1gban a S\u00fcddeutsche Zeitung c\u00edm\u0171 liber\u00e1lis lap, a Spiegel Online h\u00edrport\u00e1l \u00e9s a ZDF k\u00f6zszolg\u00e1lati telev\u00edzi\u00f3 az 1956-os forradalom 60. \u00e9vfordul\u00f3j\u00e1val, a Der Spiegel c\u00edm\u0171 h\u00edrmagazin pedig a populizmussal kapcsolatban foglalkozott Magyarorsz\u00e1ggal. A sv\u00e1jci Neue Z\u00fcrcher Zeitung \u00e9s a Politico br\u00fcsszeli h\u00edrport\u00e1l szint\u00e9n a vas\u00e1rnapi 1956-os \u00e9vfordul\u00f3s megeml\u00e9kez\u00e9st komment\u00e1lta, a Le Figaro c\u00edm\u0171 francia konzervat\u00edv &#8230;<\/p>\n","protected":false},"author":1,"featured_media":49053,"comment_status":"open","ping_status":"closed","sticky":false,"template":"","format":"standard","meta":[],"categories":[403,146,4],"tags":[],"_links":{"self":[{"href":"https:\/\/gazdasagportal.hu\/index.php\/wp-json\/wp\/v2\/posts\/85931"}],"collection":[{"href":"https:\/\/gazdasagportal.hu\/index.php\/wp-json\/wp\/v2\/posts"}],"about":[{"href":"https:\/\/gazdasagportal.hu\/index.php\/wp-json\/wp\/v2\/types\/post"}],"author":[{"embeddable":true,"href":"https:\/\/gazdasagportal.hu\/index.php\/wp-json\/wp\/v2\/users\/1"}],"replies":[{"embeddable":true,"href":"https:\/\/gazdasagportal.hu\/index.php\/wp-json\/wp\/v2\/comments?post=85931"}],"version-history":[{"count":1,"href":"https:\/\/gazdasagportal.hu\/index.php\/wp-json\/wp\/v2\/posts\/85931\/revisions"}],"predecessor-version":[{"id":85932,"href":"https:\/\/gazdasagportal.hu\/index.php\/wp-json\/wp\/v2\/posts\/85931\/revisions\/85932"}],"wp:featuredmedia":[{"embeddable":true,"href":"https:\/\/gazdasagportal.hu\/index.php\/wp-json\/wp\/v2\/media\/49053"}],"wp:attachment":[{"href":"https:\/\/gazdasagportal.hu\/index.php\/wp-json\/wp\/v2\/media?parent=85931"}],"wp:term":[{"taxonomy":"category","embeddable":true,"href":"https:\/\/gazdasagportal.hu\/index.php\/wp-json\/wp\/v2\/categories?post=85931"},{"taxonomy":"post_tag","embeddable":true,"href":"https:\/\/gazdasagportal.hu\/index.php\/wp-json\/wp\/v2\/tags?post=85931"}],"curies":[{"name":"wp","href":"https:\/\/api.w.org\/{rel}","templated":true}]}}