{"id":85925,"date":"2016-10-24T19:10:47","date_gmt":"2016-10-24T17:10:47","guid":{"rendered":"http:\/\/gazdasagportal.hu\/?p=85925"},"modified":"2016-10-24T19:10:47","modified_gmt":"2016-10-24T17:10:47","slug":"nyugodtan-folyik-a-migranstabor-felszamolasa-az-eszak-franciaorszagi-calais-ban","status":"publish","type":"post","link":"https:\/\/gazdasagportal.hu\/index.php\/nyugodtan-folyik-a-migranstabor-felszamolasa-az-eszak-franciaorszagi-calais-ban\/","title":{"rendered":"Nyugodtan folyik a migr\u00e1nst\u00e1bor felsz\u00e1mol\u00e1sa az \u00e9szak-franciaorsz\u00e1gi Calais-ban"},"content":{"rendered":"<p><strong>Nyugodtan folyt h\u00e9tf\u0151n az \u00e9szak-franciaorsz\u00e1gi Calais-ban a dzsungel n\u00e9ven is ismert migr\u00e1nst\u00e1bor aznap reggel kezd\u0151d\u00f6tt hat\u00f3s\u00e1gi felsz\u00e1mol\u00e1sa a francia bel\u00fcgyminiszter \u00e9s egy seg\u00e9lyszervezet \u00e9rt\u00e9kel\u00e9se szerint.<\/strong><!--more--><\/p>\n<div class=\"ads-in-post1\"><div id=\"gazdasagportal.hu_fullbanner_wideboard\"><\/div>\r\n<\/div>\n<p>    Az els\u0151 csoport &#8211; 50 szud\u00e1ni bev\u00e1ndorl\u00f3 &#8211; reggel f\u00e9l 9 ut\u00e1n hagyta el busszal el a telepet, ahonnan este 8 \u00f3r\u00e1ig negyed\u00f3r\u00e1nk\u00e9nt indulnak a k\u00fcl\u00f6nj\u00e1ratok az orsz\u00e1g k\u00fcl\u00f6nb\u00f6z\u0151 pontjain tal\u00e1lhat\u00f3 t\u00f6bb mint n\u00e9gysz\u00e1z \u00e1tmeneti befogad\u00f3 k\u00f6zpontba.<br \/>\n    A kora d\u00e9lut\u00e1ni \u00f3r\u00e1kig 25 busszal t\u00f6bb mint ezren hagyt\u00e1k el a dzsungelt, \u00e9s a hat\u00f3s\u00e1gok rem\u00e9nyei szerint estig t\u00f6bb mint k\u00e9tezren indulnak el.<br \/>\n    A v\u00e1rhat\u00f3an egy h\u00e9tig tart\u00f3 ki\u00fcr\u00edt\u00e9s els\u0151 napj\u00e1n a nagy sz\u00e1mban kirendelt rend\u0151r\u00f6knek els\u0151sorban az\u00e9rt volt dolguk, mert a m\u0171velet lebonyol\u00edt\u00e1s\u00e1nak k\u00f6zpontj\u00e1ul szolg\u00e1l\u00f3 hang\u00e1r el\u0151tt az \u00f6nk\u00e9ntes t\u00e1voz\u00f3k m\u00e1r a hajnali \u00f3r\u00e1kt\u00f3l k\u00edgy\u00f3z\u00f3 sorokban v\u00e1rakoztak.<br \/>\n    A kik\u00f6t\u0151v\u00e1ros t\u0151szomsz\u00e9ds\u00e1g\u00e1ban tal\u00e1lhat\u00f3 telepen a buld\u00f3zerek kedden reggel kezdik meg a s\u00e1trak \u00e9s barakkok led\u00f3zerol\u00e1s\u00e1t.<br \/>\n    Hivatalos becsl\u00e9sek szerint a h\u00e9tv\u00e9g\u00e9n mintegy 6400, els\u0151sorban szud\u00e1ni, eritreai \u00e9s afg\u00e1n \u00e1llampolg\u00e1r tart\u00f3zkodott a t\u00e1borban, akik h\u00f3napok \u00f3ta az\u00e9rt v\u00e1rakoztak a kik\u00f6t\u0151v\u00e1rosban, hogy embercsemp\u00e9szek seg\u00edts\u00e9g\u00e9vel kamionokban elb\u00fajva pr\u00f3b\u00e1ljanak meg \u00e1tjutni Nagy-Britanni\u00e1ba.<br \/>\n    Sokan k\u00f6z\u00fcl\u00fck azonban lemondtak arr\u00f3l, hogy az egyre hermetikusabban lez\u00e1rt francia-brit hat\u00e1ron \u00e1tjussanak, \u00e9s magukt\u00f3l jelentkeztek reggel a francia hat\u00f3s\u00e1gokn\u00e1l az\u00e9rt, hogy a felaj\u00e1nlott \u00e1tmeneti sz\u00e1ll\u00e1sokon beny\u00fajts\u00e1k a mened\u00e9kk\u00e9relmet Franciaorsz\u00e1gban. A hat\u00f3s\u00e1gok k\u00fcl\u00f6nb\u00f6z\u0151 seg\u00e9lyszervezetekkel egy\u00fctt m\u00e1r r\u00e9g\u00f3ta dolgoznak azon, hogy az embereket meggy\u0151zz\u00e9k a t\u00e1bor \u00f6nk\u00e9ntes elhagy\u00e1s\u00e1r\u00f3l.<br \/>\n       A tolakod\u00e1sok \u00e9s a kisebb vit\u00e1k ellen\u00e9re a ki\u00fcr\u00edt\u00e9si m\u0171velet nyugalomban \u00e9s rendezetten folyik &#8211; mondta h\u00e9tf\u0151n Bernard Cazeneuve bel\u00fcgyminiszter.<br \/>\n    Christian Salom\u00e9, a l,Auberge des migrants nev\u0171 seg\u00e9lyszervezet vezet\u0151je is \u00fcdv\u00f6z\u00f6lte, hogy nyugalomban kezd\u0151d\u00f6tt a ki\u00fcr\u00edt\u00e9s. Ugyanakkor sokkal nyugtalanabb amiatt, hogy mi fog t\u00f6rt\u00e9nni a h\u00e9t m\u00e1sodik fel\u00e9ben, amikor m\u00e1r csak azok az emberek lesznek a k\u00f6rny\u00e9ken, akik minden\u00e1ron Angli\u00e1ba szeretn\u00e9nek \u00e1tjutni \u00e9s nem hajland\u00f3k a befogad\u00f3 k\u00f6zpontokba elutazni. Sz\u00e1mukat a seg\u00e9lyszervezetek 2 ezerre becs\u00fclik.<br \/>\n    A Calais-ban \u00e9s k\u00f6rny\u00e9k\u00e9n h\u00f3napok \u00f3ta szolg\u00e1latot teljes\u00edt\u0151 2 ezer rend\u0151r \u00e9s csend\u0151r mell\u00e9 a rendbont\u00e1sok elker\u00fcl\u00e9s\u00e9re tov\u00e1bbi 1250 embert rendelt ki a bel\u00fcgyminiszt\u00e9rium a ki\u00fcr\u00edt\u00e9s lebonyol\u00edt\u00e1s\u00e1nak idej\u00e9re.<br \/>\n    H\u00e9tf\u0151re virrad\u00f3 \u00e9jjel \u00f6sszecsap\u00e1s t\u00f6rt ki, mik\u00f6zben egyes t\u00e1borlak\u00f3k megpr\u00f3b\u00e1ltak eljutni egy k\u00f6zeli aut\u00f3p\u00e1ly\u00e1ra. A rend\u0151rs\u00e9g visszaszor\u00edtotta \u0151ket, \u00e9s k\u00f6nnyg\u00e1zt is bevetett. A zavarg\u00e1sokban senki nem sebes\u00fclt meg. A migr\u00e1nsok \u00e9jjel kuk\u00e1kat is felgy\u00fajtottak a t\u00e1borban.<br \/>\n    A calais-i migr\u00e1nst\u00e1bor n\u00e9h\u00e1ny h\u00f3nappal a francia eln\u00f6kv\u00e1laszt\u00e1s el\u0151tt a francia bev\u00e1ndorl\u00e1si politika \u00e9s a migr\u00e1nsv\u00e1ls\u00e1g eur\u00f3pai kezel\u00e9s\u00e9nek sz\u00e9gyenfoltja lett, valamint egyre nagyobb diplom\u00e1ciai fesz\u00fclts\u00e9get okozott P\u00e1rizs \u00e9s London k\u00f6z\u00f6tt.<br \/>\n    Miut\u00e1n a francia korm\u00e1ny szeptemberben bejelentette a dzsungel v\u00e9gleges felsz\u00e1mol\u00e1s\u00e1t \u00e9s a migr\u00e1nsok sz\u00e9toszt\u00e1s\u00e1t \u00fcres \u00e1llami int\u00e9zm\u00e9nyekben, sz\u00e1mos telep\u00fcl\u00e9sen tiltakoz\u00f3 megmozdul\u00e1sok kezd\u0151dtek. H\u00e9tf\u0151re virrad\u00f3 \u00e9jjel ismeretlenek t\u00fczet okoztak egy k\u00f6z\u00e9p-franciaorsz\u00e1gi kis faluban, Loubeyrat-ban kialak\u00edtott \u00e1tmeneti sz\u00e1ll\u00e1son, ahova j\u00f6v\u0151 h\u00e9ten \u00e9rkeznek az els\u0151 migr\u00e1nsok. A gy\u00fajtogat\u00e1sban senki nem s\u00e9r\u00fclt meg.<br \/>\n    Emmanuelle Cosse lakhat\u00e1si miniszter h\u00e9tf\u0151n azt mondta, hogy 7500 befogad\u00f3 helyet siker\u00fclt a hat\u00f3s\u00e1goknak orsz\u00e1gszerte kialak\u00edtaniuk, \u00e9s azokra a telep\u00fcl\u00e9sekre nem k\u00fcldenek migr\u00e1nsokat, ahol a legnagyobb ellen\u00e1ll\u00e1sba \u00fctk\u00f6ztek a helyi \u00f6nkorm\u00e1nyzatok r\u00e9sz\u00e9r\u0151l.(MTI)<\/p>\n","protected":false},"excerpt":{"rendered":"<p>Nyugodtan folyt h\u00e9tf\u0151n az \u00e9szak-franciaorsz\u00e1gi Calais-ban a dzsungel n\u00e9ven is ismert migr\u00e1nst\u00e1bor aznap reggel kezd\u0151d\u00f6tt hat\u00f3s\u00e1gi felsz\u00e1mol\u00e1sa a francia bel\u00fcgyminiszter \u00e9s egy seg\u00e9lyszervezet \u00e9rt\u00e9kel\u00e9se szerint.<\/p>\n","protected":false},"author":1,"featured_media":0,"comment_status":"open","ping_status":"closed","sticky":false,"template":"","format":"standard","meta":[],"categories":[12],"tags":[],"_links":{"self":[{"href":"https:\/\/gazdasagportal.hu\/index.php\/wp-json\/wp\/v2\/posts\/85925"}],"collection":[{"href":"https:\/\/gazdasagportal.hu\/index.php\/wp-json\/wp\/v2\/posts"}],"about":[{"href":"https:\/\/gazdasagportal.hu\/index.php\/wp-json\/wp\/v2\/types\/post"}],"author":[{"embeddable":true,"href":"https:\/\/gazdasagportal.hu\/index.php\/wp-json\/wp\/v2\/users\/1"}],"replies":[{"embeddable":true,"href":"https:\/\/gazdasagportal.hu\/index.php\/wp-json\/wp\/v2\/comments?post=85925"}],"version-history":[{"count":1,"href":"https:\/\/gazdasagportal.hu\/index.php\/wp-json\/wp\/v2\/posts\/85925\/revisions"}],"predecessor-version":[{"id":85926,"href":"https:\/\/gazdasagportal.hu\/index.php\/wp-json\/wp\/v2\/posts\/85925\/revisions\/85926"}],"wp:attachment":[{"href":"https:\/\/gazdasagportal.hu\/index.php\/wp-json\/wp\/v2\/media?parent=85925"}],"wp:term":[{"taxonomy":"category","embeddable":true,"href":"https:\/\/gazdasagportal.hu\/index.php\/wp-json\/wp\/v2\/categories?post=85925"},{"taxonomy":"post_tag","embeddable":true,"href":"https:\/\/gazdasagportal.hu\/index.php\/wp-json\/wp\/v2\/tags?post=85925"}],"curies":[{"name":"wp","href":"https:\/\/api.w.org\/{rel}","templated":true}]}}