{"id":85923,"date":"2016-10-24T17:44:57","date_gmt":"2016-10-24T15:44:57","guid":{"rendered":"http:\/\/gazdasagportal.hu\/?p=85923"},"modified":"2016-10-24T17:44:57","modified_gmt":"2016-10-24T15:44:57","slug":"nemetorszagban-tovabb-terjed-a-horrorbohoc-jelenseg-egyre-tobb-embert-zaklatnak","status":"publish","type":"post","link":"https:\/\/gazdasagportal.hu\/index.php\/nemetorszagban-tovabb-terjed-a-horrorbohoc-jelenseg-egyre-tobb-embert-zaklatnak\/","title":{"rendered":"N\u00e9metorsz\u00e1gban tov\u00e1bb terjed a horrorboh\u00f3c jelens\u00e9g, egyre t\u00f6bb embert zaklatnak"},"content":{"rendered":"<p><strong>N\u00e9metorsz\u00e1gban tov\u00e1bb terjed az \u00fagynevezett horrorboh\u00f3c jelens\u00e9g, egyre t\u00f6bb embert zaklatnak  boh\u00f3cjelemzbe \u00f6lt\u00f6z\u00f6tt ismeretlenek.<\/strong><!--more--><\/p>\n<div class=\"ads-in-post1\"><div id=\"gazdasagportal.hu_fullbanner_wideboard\"><\/div>\r\n<\/div>\n<p>    H\u00e9tf\u0151i sajt\u00f3jelent\u00e9sek szerint az orsz\u00e1g t\u00f6bb ter\u00fclet\u00e9n szinte t\u00f6megess\u00e9 v\u00e1ltak a gyermekek \u00e9s feln\u0151ttek elleni, nem ritk\u00e1n fegyveres boh\u00f3ct\u00e1mad\u00e1sok. \u00c9szak-Rajna-Vesztf\u00e1lia tartom\u00e1nyban egy h\u00e9t alatt 110 esetr\u0151l tettek bejelent\u00e9st a rend\u0151rs\u00e9gen, 86 eset a h\u00e9tv\u00e9g\u00e9n t\u00f6rt\u00e9nt.<br \/>\n    A horrorboh\u00f3coknak is nevezett ismeretlenek k\u00f6zter\u00fcleten rontanak r\u00e1 emberekre, \u00e1ltal\u00e1ban megijesztik \u0151ket \u00e9s elfutnak, de rabl\u00e1si k\u00eds\u00e9rletre is volt m\u00e1r p\u00e9lda; a h\u00e9tv\u00e9g\u00e9n Berlinben \u00e9s Br\u00e9m\u00e1ban is megpr\u00f3b\u00e1ltak kirabolni boh\u00f3cruh\u00e1s ismeretlenek egy-egy embert. A kiszemelt \u00e1ldozatok v\u00e9dekeztek \u00e9s menek\u00fcl\u00e9sre k\u00e9nyszer\u00edtett\u00e9k a t\u00e1mad\u00f3kat.<br \/>\n    Az ut\u00f3bbi napokban csup\u00e1n egy horrorboh\u00f3cot fogtak el: Saar-vid\u00e9k tartom\u00e1nyban egy vonaton k\u00e9ssel a kez\u00e9ben ijesztgette az utasokat egy boh\u00f3c\u00e1larcos f\u00e9rfi, rend\u0151rs\u00e9gi adatok szerint egy 26 \u00e9ves n\u00e9met \u00e1llampolg\u00e1r, aki ittas \u00e1llapotban gar\u00e1zd\u00e1lkodott \u00e9s kor\u00e1bban is volt m\u00e1r dolga a hat\u00f3s\u00e1gokkal. K\u00e9nyszer\u00edt\u00e9s miatt  elj\u00e1r\u00e1st ind\u00edtottak ellene.<br \/>\n    Az \u00e9szak-rajna-vesztf\u00e1liai tartom\u00e1nyi korm\u00e1ny igazs\u00e1g\u00fcgyi minisztere, Thomas Kutschaty kem\u00e9ny fell\u00e9p\u00e9st \u00edg\u00e9r a horrorboh\u00f3cok ellen. Aki &#8222;sz\u00f3 szerint hal\u00e1lra r\u00e9miszt embereket, az nem vicces, hanem b\u0171nelk\u00f6vet\u0151&#8221; &#8211; mondta a miniszter a Bild c\u00edm\u0171 lapnak, r\u00e1mutatva, hogy az ijesztget\u00e9s fenyeget\u00e9snek min\u0151s\u00fclhet, akkor is, ha az \u00e1ldozatnak nem t\u00f6rt\u00e9nik b\u00e1nt\u00f3d\u00e1sa, \u00e9s ak\u00e1r egy \u00e9v szabads\u00e1gveszt\u00e9s b\u00fcntet\u00e9s is j\u00e1rhat \u00e9rte.<br \/>\n    A horrorboh\u00f3c-jelens\u00e9g az Egyes\u00fclt \u00c1llamokban t\u0171nt fel az ut\u00f3bbi h\u00f3napokban. A N\u00e9met Rend\u0151rszakszervezet (DPolG) eln\u00f6ke, Rainer Wendt szerint f\u00e9l\u0151, hogy az ugyancsak az angolsz\u00e1sz vil\u00e1gb\u00f3l sz\u00e1rmaz\u00f3 Halloween \u00fcnnephez (okt\u00f3ber 31.) k\u00f6zeledve mind gyakoribb\u00e1 v\u00e1lik, egy &#8222;nagyon-nagyon cs\u00fanya trendd\u00e9 tereb\u00e9lyesedik&#8221; N\u00e9metorsz\u00e1gban.(MTI)<\/p>\n","protected":false},"excerpt":{"rendered":"<p>N\u00e9metorsz\u00e1gban tov\u00e1bb terjed az \u00fagynevezett horrorboh\u00f3c jelens\u00e9g, egyre t\u00f6bb embert zaklatnak boh\u00f3cjelemzbe \u00f6lt\u00f6z\u00f6tt ismeretlenek.<\/p>\n","protected":false},"author":1,"featured_media":0,"comment_status":"open","ping_status":"closed","sticky":false,"template":"","format":"standard","meta":[],"categories":[12],"tags":[],"_links":{"self":[{"href":"https:\/\/gazdasagportal.hu\/index.php\/wp-json\/wp\/v2\/posts\/85923"}],"collection":[{"href":"https:\/\/gazdasagportal.hu\/index.php\/wp-json\/wp\/v2\/posts"}],"about":[{"href":"https:\/\/gazdasagportal.hu\/index.php\/wp-json\/wp\/v2\/types\/post"}],"author":[{"embeddable":true,"href":"https:\/\/gazdasagportal.hu\/index.php\/wp-json\/wp\/v2\/users\/1"}],"replies":[{"embeddable":true,"href":"https:\/\/gazdasagportal.hu\/index.php\/wp-json\/wp\/v2\/comments?post=85923"}],"version-history":[{"count":1,"href":"https:\/\/gazdasagportal.hu\/index.php\/wp-json\/wp\/v2\/posts\/85923\/revisions"}],"predecessor-version":[{"id":85924,"href":"https:\/\/gazdasagportal.hu\/index.php\/wp-json\/wp\/v2\/posts\/85923\/revisions\/85924"}],"wp:attachment":[{"href":"https:\/\/gazdasagportal.hu\/index.php\/wp-json\/wp\/v2\/media?parent=85923"}],"wp:term":[{"taxonomy":"category","embeddable":true,"href":"https:\/\/gazdasagportal.hu\/index.php\/wp-json\/wp\/v2\/categories?post=85923"},{"taxonomy":"post_tag","embeddable":true,"href":"https:\/\/gazdasagportal.hu\/index.php\/wp-json\/wp\/v2\/tags?post=85923"}],"curies":[{"name":"wp","href":"https:\/\/api.w.org\/{rel}","templated":true}]}}