{"id":85917,"date":"2016-10-24T15:21:26","date_gmt":"2016-10-24T13:21:26","guid":{"rendered":"http:\/\/gazdasagportal.hu\/?p=85917"},"modified":"2016-10-24T15:21:26","modified_gmt":"2016-10-24T13:21:26","slug":"veszelyes-illuziokat-hozott-letre-a-jegybanki-politika-az-ultralaza-kamatokkal","status":"publish","type":"post","link":"https:\/\/gazdasagportal.hu\/index.php\/veszelyes-illuziokat-hozott-letre-a-jegybanki-politika-az-ultralaza-kamatokkal\/","title":{"rendered":"Vesz\u00e9lyes ill\u00fazi\u00f3kat hozott l\u00e9tre a jegybanki politika az ultralaza kamatokkal"},"content":{"rendered":"<p><a href=\"https:\/\/gazdasagportal.hu\/wp-content\/uploads\/2015\/09\/gdp.jpg\"><img decoding=\"async\" loading=\"lazy\" src=\"https:\/\/gazdasagportal.hu\/wp-content\/uploads\/2015\/09\/gdp-1024x576.jpg\" alt=\"gdp\" width=\"620\" height=\"349\" class=\"aligncenter size-large wp-image-68020\" srcset=\"https:\/\/gazdasagportal.hu\/wp-content\/uploads\/2015\/09\/gdp-1024x576.jpg 1024w, https:\/\/gazdasagportal.hu\/wp-content\/uploads\/2015\/09\/gdp-300x168.jpg 300w, https:\/\/gazdasagportal.hu\/wp-content\/uploads\/2015\/09\/gdp.jpg 1280w\" sizes=\"(max-width: 620px) 100vw, 620px\" \/><\/a><\/p>\n<div class=\"ads-in-post1\"><div id=\"gazdasagportal.hu_fullbanner_wideboard\"><\/div>\r\n<\/div><strong>A v\u00e1ls\u00e1g ut\u00e1ni bankment\u00e9s sokba ker\u00fclt a fejlett \u00e1llamoknak. Ez emelte a GDP-hez m\u00e9rt ad\u00f3ss\u00e1got, de v\u00e1ls\u00e1gkezel\u0151 l\u00e9p\u00e9sek miatt kialak\u00edtott z\u00e9r\u00f3-kamatos k\u00f6rnyezetb\u0151l ak\u00e1r \u00e9p\u00edtkezni is lehetne. Csakhogy ez a helyzet eltorz\u00edtja a val\u00f3s probl\u00e9m\u00e1kat. Sarkadi-Szab\u00f3 Korn\u00e9l elemz\u00e9se.<\/strong><!--more--><\/p>\n<p><iframe loading=\"lazy\" width=\"509\" height=\"319\" src=\"http:\/\/gazdasagtv.hu\/iframe.php?id=10693\" style=\"border: none; overflow: hidden\" scrolling=\"no\"><\/iframe><br \/>Forr\u00e1s: <a href=\"http:\/\/gazdasagtv.hu\" style=\"color: #df1100; font-weight: bold; text-decoration: none;\" target=\"_blank\" rel=\"noopener\">Gazdas\u00e1gTV.hu<\/a><\/p>\n","protected":false},"excerpt":{"rendered":"<p>A v\u00e1ls\u00e1g ut\u00e1ni bankment\u00e9s sokba ker\u00fclt a fejlett \u00e1llamoknak. Ez emelte a GDP-hez m\u00e9rt ad\u00f3ss\u00e1got, de v\u00e1ls\u00e1gkezel\u0151 l\u00e9p\u00e9sek miatt kialak\u00edtott z\u00e9r\u00f3-kamatos k\u00f6rnyezetb\u0151l ak\u00e1r \u00e9p\u00edtkezni is lehetne. Csakhogy ez a helyzet eltorz\u00edtja a val\u00f3s probl\u00e9m\u00e1kat. Sarkadi-Szab\u00f3 Korn\u00e9l elemz\u00e9se.<\/p>\n","protected":false},"author":1,"featured_media":68020,"comment_status":"open","ping_status":"closed","sticky":false,"template":"","format":"standard","meta":[],"categories":[403,146,246],"tags":[],"_links":{"self":[{"href":"https:\/\/gazdasagportal.hu\/index.php\/wp-json\/wp\/v2\/posts\/85917"}],"collection":[{"href":"https:\/\/gazdasagportal.hu\/index.php\/wp-json\/wp\/v2\/posts"}],"about":[{"href":"https:\/\/gazdasagportal.hu\/index.php\/wp-json\/wp\/v2\/types\/post"}],"author":[{"embeddable":true,"href":"https:\/\/gazdasagportal.hu\/index.php\/wp-json\/wp\/v2\/users\/1"}],"replies":[{"embeddable":true,"href":"https:\/\/gazdasagportal.hu\/index.php\/wp-json\/wp\/v2\/comments?post=85917"}],"version-history":[{"count":1,"href":"https:\/\/gazdasagportal.hu\/index.php\/wp-json\/wp\/v2\/posts\/85917\/revisions"}],"predecessor-version":[{"id":85918,"href":"https:\/\/gazdasagportal.hu\/index.php\/wp-json\/wp\/v2\/posts\/85917\/revisions\/85918"}],"wp:featuredmedia":[{"embeddable":true,"href":"https:\/\/gazdasagportal.hu\/index.php\/wp-json\/wp\/v2\/media\/68020"}],"wp:attachment":[{"href":"https:\/\/gazdasagportal.hu\/index.php\/wp-json\/wp\/v2\/media?parent=85917"}],"wp:term":[{"taxonomy":"category","embeddable":true,"href":"https:\/\/gazdasagportal.hu\/index.php\/wp-json\/wp\/v2\/categories?post=85917"},{"taxonomy":"post_tag","embeddable":true,"href":"https:\/\/gazdasagportal.hu\/index.php\/wp-json\/wp\/v2\/tags?post=85917"}],"curies":[{"name":"wp","href":"https:\/\/api.w.org\/{rel}","templated":true}]}}