{"id":85915,"date":"2016-10-24T14:46:57","date_gmt":"2016-10-24T12:46:57","guid":{"rendered":"http:\/\/gazdasagportal.hu\/?p=85915"},"modified":"2016-10-24T14:46:57","modified_gmt":"2016-10-24T12:46:57","slug":"bbc-sziriai-menekultgyerekek-dolgoznak-torokorszagban-brit-aruhazaknak","status":"publish","type":"post","link":"https:\/\/gazdasagportal.hu\/index.php\/bbc-sziriai-menekultgyerekek-dolgoznak-torokorszagban-brit-aruhazaknak\/","title":{"rendered":"BBC: sz\u00edriai menek\u00fcltgyerekek dolgoznak T\u00f6r\u00f6korsz\u00e1gban brit \u00e1ruh\u00e1zaknak"},"content":{"rendered":"<p><strong>Sz\u00edriai menek\u00fcltgyerekek dolgoznak illeg\u00e1lisan t\u00f6r\u00f6korsz\u00e1gi ruhak\u00e9sz\u00edt\u0151 \u00fczemekben brit \u00e1ruh\u00e1zl\u00e1ncoknak a BBC telev\u00edzi\u00f3 riportm\u0171sora szerint.<\/strong><!--more--><\/p>\n<div class=\"ads-in-post1\"><div id=\"gazdasagportal.hu_fullbanner_wideboard\"><\/div>\r\n<\/div>\n<p>    A Panorama c\u00edm\u0171 t\u00e9nyfelt\u00e1r\u00f3 politikai magazinm\u0171sor h\u00e9tf\u0151 esti ad\u00e1sa szerint &#8211; amelyb\u0151l a BBC el\u0151zetesen r\u00e9szleteket ismertetett &#8211; a riporterek \u00e1ltal t\u00f6r\u00f6k \u00fczemekben tal\u00e1lt sz\u00edriai gyerekek az ig\u00e9nyes ruh\u00e1zati term\u00e9keir\u0151l ismert Marks and Spencer \u00e1ruh\u00e1zh\u00e1l\u00f3zat, illetve az Asos online kiskereskedelmi forgalmaz\u00f3 c\u00e9g sz\u00e1m\u00e1ra dolgoztak, mostoha k\u00f6r\u00fclm\u00e9nyek k\u00f6z\u00f6tt, a t\u00f6r\u00f6korsz\u00e1gi minim\u00e1lb\u00e9rn\u00e9l is sokkal kevesebb\u00e9rt.<br \/>\n    A BBC riporterei a Marks and Spencer legnagyobb t\u00f6r\u00f6korsz\u00e1gi \u00fczem\u00e9ben h\u00e9t sz\u00edriai gyerekkel tal\u00e1lkoztak. Egyik\u00fck elmondta, hogy rosszul b\u00e1nnak vel\u00fck, &#8222;ha egy sz\u00edriaival b\u00e1rmi t\u00f6rt\u00e9nik, kidobj\u00e1k, mint egy rongydarabot&#8221;.<br \/>\n    A m\u0171sor k\u00e9sz\u00edt\u0151i szerint a gy\u00e1rban dolgoz\u00f3 sz\u00edriai gyerekek k\u00f6z\u00fcl a legfiatalabb 15 \u00e9ves volt, \u00e9s napi 12 \u00f3r\u00e1n\u00e1l is hosszabb m\u0171szakokban vasalt ruh\u00e1kat, amelyeket azut\u00e1n Nagy-Britanni\u00e1ba sz\u00e1ll\u00edtottak.<br \/>\n    A Panorama st\u00e1bja az egyik \u00fczemben t\u00edz \u00e9v k\u00f6r\u00fcli t\u00f6r\u00f6k gyerekeket is tal\u00e1lt a munkapadok mellett.<br \/>\n    A Marks and Spencer sz\u00f3viv\u0151je h\u00e9tf\u0151n k\u00f6z\u00f6lte a BBC-vel, hogy a c\u00e9g &#8222;rendk\u00edv\u00fcl s\u00falyosnak&#8221; \u00e9s &#8222;elfogadhatatlannak&#8221; tartja a m\u0171sorban felt\u00e1rtakat. A sz\u00f3viv\u0151 szerint az M&#038;S minden besz\u00e1ll\u00edt\u00f3j\u00e1t szerz\u0151d\u00e9s k\u00f6telezi a c\u00e9g \u00e1ltal glob\u00e1lisan el\u0151\u00edrt norm\u00e1k betart\u00e1s\u00e1ra, amelyek kiterjednek a munk\u00e1sokkal szembeni b\u00e1n\u00e1sm\u00f3dra is.<br \/>\n    A Marks and Spencer illet\u00e9kese szerint az \u00e1ruh\u00e1zl\u00e1nc jogi seg\u00edts\u00e9get aj\u00e1nl a m\u0171sorban azonos\u00edtott, t\u00f6rv\u00e9nys\u00e9rt\u0151 m\u00f3don foglalkoztatott sz\u00edriai menek\u00fclteknek, \u00e9s minden t\u0151le telhet\u0151t megtesz annak \u00e9rdek\u00e9ben, hogy ilyesmi ne fordulhasson el\u0151 m\u00e9g egyszer.<br \/>\n    Az Asos sz\u00f3viv\u0151je azt mondta a BBC-nek, hogy j\u00f3llehet a m\u0171sorban bemutatott t\u00f6r\u00f6korsz\u00e1gi \u00fczemmel nincs k\u00f6zvetlen szerz\u0151d\u00e9ses kapcsolata, az ott k\u00e9sz\u00fclt ruh\u00e1zati term\u00e9kekb\u0151l azonban val\u00f3ban v\u00e1s\u00e1rolt. A c\u00e9g anyagi seg\u00edts\u00e9gben r\u00e9szes\u00edti az \u00fczemben tal\u00e1lt sz\u00edriai gyerekeket, hogy visszat\u00e9rhessenek az iskol\u00e1ba, \u00e9s a sz\u00edriai feln\u0151tt munk\u00e1sokat is t\u00e1mogatja, am\u00edg nem tal\u00e1lnak leg\u00e1lis munkalehet\u0151s\u00e9get.(MTI)<\/p>\n","protected":false},"excerpt":{"rendered":"<p>Sz\u00edriai menek\u00fcltgyerekek dolgoznak illeg\u00e1lisan t\u00f6r\u00f6korsz\u00e1gi ruhak\u00e9sz\u00edt\u0151 \u00fczemekben brit \u00e1ruh\u00e1zl\u00e1ncoknak a BBC telev\u00edzi\u00f3 riportm\u0171sora szerint.<\/p>\n","protected":false},"author":1,"featured_media":0,"comment_status":"open","ping_status":"closed","sticky":false,"template":"","format":"standard","meta":[],"categories":[12],"tags":[],"_links":{"self":[{"href":"https:\/\/gazdasagportal.hu\/index.php\/wp-json\/wp\/v2\/posts\/85915"}],"collection":[{"href":"https:\/\/gazdasagportal.hu\/index.php\/wp-json\/wp\/v2\/posts"}],"about":[{"href":"https:\/\/gazdasagportal.hu\/index.php\/wp-json\/wp\/v2\/types\/post"}],"author":[{"embeddable":true,"href":"https:\/\/gazdasagportal.hu\/index.php\/wp-json\/wp\/v2\/users\/1"}],"replies":[{"embeddable":true,"href":"https:\/\/gazdasagportal.hu\/index.php\/wp-json\/wp\/v2\/comments?post=85915"}],"version-history":[{"count":1,"href":"https:\/\/gazdasagportal.hu\/index.php\/wp-json\/wp\/v2\/posts\/85915\/revisions"}],"predecessor-version":[{"id":85916,"href":"https:\/\/gazdasagportal.hu\/index.php\/wp-json\/wp\/v2\/posts\/85915\/revisions\/85916"}],"wp:attachment":[{"href":"https:\/\/gazdasagportal.hu\/index.php\/wp-json\/wp\/v2\/media?parent=85915"}],"wp:term":[{"taxonomy":"category","embeddable":true,"href":"https:\/\/gazdasagportal.hu\/index.php\/wp-json\/wp\/v2\/categories?post=85915"},{"taxonomy":"post_tag","embeddable":true,"href":"https:\/\/gazdasagportal.hu\/index.php\/wp-json\/wp\/v2\/tags?post=85915"}],"curies":[{"name":"wp","href":"https:\/\/api.w.org\/{rel}","templated":true}]}}