{"id":85909,"date":"2016-10-24T11:51:38","date_gmt":"2016-10-24T09:51:38","guid":{"rendered":"http:\/\/gazdasagportal.hu\/?p=85909"},"modified":"2016-10-24T11:51:38","modified_gmt":"2016-10-24T09:51:38","slug":"tobb-mint-ketszaz-hatarsertot-tartoztattak-fol-a-hetvegen","status":"publish","type":"post","link":"https:\/\/gazdasagportal.hu\/index.php\/tobb-mint-ketszaz-hatarsertot-tartoztattak-fol-a-hetvegen\/","title":{"rendered":"T\u00f6bb mint k\u00e9tsz\u00e1z hat\u00e1rs\u00e9rt\u0151t tart\u00f3ztattak f\u00f6l a h\u00e9tv\u00e9g\u00e9n"},"content":{"rendered":"<p><strong>P\u00e9ntekt\u0151l vas\u00e1rnapig 237 hat\u00e1rs\u00e9rt\u0151t tart\u00f3ztattak f\u00f6l az orsz\u00e1g ter\u00fclet\u00e9n &#8211; t\u00e1j\u00e9koztatta az Orsz\u00e1gos Rend\u0151r-f\u0151kapit\u00e1nys\u00e1g h\u00e9tf\u0151n az MTI-t.<\/strong><!--more--><\/p>\n<div class=\"ads-in-post1\"><div id=\"gazdasagportal.hu_fullbanner_wideboard\"><\/div>\r\n<\/div>\n<p>    A rend\u0151rs\u00e9g honlapj\u00e1n olvashat\u00f3 statisztika szerint p\u00e9nteken 46, szombaton 132, vas\u00e1rnap 33 embert tart\u00f3ztattak f\u00f6l, \u00e9s k\u00eds\u00e9rtek vissza az ideiglenes biztons\u00e1gi hat\u00e1rz\u00e1ron a szerb-magyar hat\u00e1rn\u00e1l szolg\u00e1latot teljes\u00edt\u0151 rend\u0151r\u00f6k \u00e9s katon\u00e1k. Az orsz\u00e1g ter\u00fclet\u00e9n m\u00e9lys\u00e9gben \u00e9s m\u00e1s k\u00fcls\u0151 hat\u00e1rszakaszokon 26 hat\u00e1rs\u00e9rt\u0151t fogtak el, embercsemp\u00e9szet miatt egy gyan\u00fas\u00edtott miatt indult elj\u00e1r\u00e1s a h\u00e9tv\u00e9g\u00e9n.<br \/>\n    A j\u00falius 5-\u00e9n hat\u00e1lyba l\u00e9pett \u00faj szab\u00e1lyok szerint azokat a migr\u00e1nsokat, akiket a szerb vagy a horv\u00e1t hat\u00e1rt\u00f3l sz\u00e1m\u00edtott nyolc kilom\u00e9teres t\u00e1vols\u00e1gon bel\u00fcl f\u00f6ltart\u00f3ztatnak, visszak\u00eds\u00e9rik a ker\u00edt\u00e9sen tal\u00e1lhat\u00f3 kapukig, \u00e9s \u00fatbaigaz\u00edtj\u00e1k a legk\u00f6zelebbi tranzitz\u00f3na fel\u00e9. Azok ellen, akik eset\u00e9ben bizony\u00edthat\u00f3, hogy \u00e1tl\u00e9pt\u00e9k vagy megrong\u00e1lt\u00e1k a hat\u00e1rz\u00e1rat, illetve embercsemp\u00e9szettel gyan\u00fas\u00edthat\u00f3k, tov\u00e1bbra is b\u00fcntet\u0151elj\u00e1r\u00e1s, a rom\u00e1n \u00e9s ukr\u00e1n hat\u00e1rszakaszon elfogottak eset\u00e9ben idegenrend\u00e9szeti elj\u00e1r\u00e1s indul.<br \/>\n    Az elm\u00falt h\u00e9ten a szerb-magyar hat\u00e1r t\u00e9rs\u00e9g\u00e9ben \u00f6sszesen 359 bev\u00e1ndorl\u00f3t tart\u00f3ztattak f\u00f6l \u00e9s k\u00eds\u00e9rtek vissza, a megel\u0151z\u0151 h\u00e9ten &#8211; okt\u00f3ber 10-t\u0151l 16-ig &#8211; ez a sz\u00e1m 317 volt. M\u00e1s k\u00fcls\u0151 hat\u00e1rszakaszon \u00e9s m\u00e9lys\u00e9gben a h\u00e9ten 47 hat\u00e1rs\u00e9rt\u0151t fogtak el &#8211; der\u00fcl ki a rend\u0151rs\u00e9gi \u00f6sszes\u00edt\u00e9sb\u0151l.(MTI)<\/p>\n","protected":false},"excerpt":{"rendered":"<p>P\u00e9ntekt\u0151l vas\u00e1rnapig 237 hat\u00e1rs\u00e9rt\u0151t tart\u00f3ztattak f\u00f6l az orsz\u00e1g ter\u00fclet\u00e9n &#8211; t\u00e1j\u00e9koztatta az Orsz\u00e1gos Rend\u0151r-f\u0151kapit\u00e1nys\u00e1g h\u00e9tf\u0151n az MTI-t.<\/p>\n","protected":false},"author":1,"featured_media":0,"comment_status":"open","ping_status":"closed","sticky":false,"template":"","format":"standard","meta":[],"categories":[4],"tags":[],"_links":{"self":[{"href":"https:\/\/gazdasagportal.hu\/index.php\/wp-json\/wp\/v2\/posts\/85909"}],"collection":[{"href":"https:\/\/gazdasagportal.hu\/index.php\/wp-json\/wp\/v2\/posts"}],"about":[{"href":"https:\/\/gazdasagportal.hu\/index.php\/wp-json\/wp\/v2\/types\/post"}],"author":[{"embeddable":true,"href":"https:\/\/gazdasagportal.hu\/index.php\/wp-json\/wp\/v2\/users\/1"}],"replies":[{"embeddable":true,"href":"https:\/\/gazdasagportal.hu\/index.php\/wp-json\/wp\/v2\/comments?post=85909"}],"version-history":[{"count":1,"href":"https:\/\/gazdasagportal.hu\/index.php\/wp-json\/wp\/v2\/posts\/85909\/revisions"}],"predecessor-version":[{"id":85910,"href":"https:\/\/gazdasagportal.hu\/index.php\/wp-json\/wp\/v2\/posts\/85909\/revisions\/85910"}],"wp:attachment":[{"href":"https:\/\/gazdasagportal.hu\/index.php\/wp-json\/wp\/v2\/media?parent=85909"}],"wp:term":[{"taxonomy":"category","embeddable":true,"href":"https:\/\/gazdasagportal.hu\/index.php\/wp-json\/wp\/v2\/categories?post=85909"},{"taxonomy":"post_tag","embeddable":true,"href":"https:\/\/gazdasagportal.hu\/index.php\/wp-json\/wp\/v2\/tags?post=85909"}],"curies":[{"name":"wp","href":"https:\/\/api.w.org\/{rel}","templated":true}]}}