{"id":85847,"date":"2016-10-21T14:57:43","date_gmt":"2016-10-21T12:57:43","guid":{"rendered":"http:\/\/gazdasagportal.hu\/?p=85847"},"modified":"2016-10-21T14:54:35","modified_gmt":"2016-10-21T12:54:35","slug":"nemetorszagbol-248-menedekkerot-kuldtek-vissza-magyarorszagra-az-iden","status":"publish","type":"post","link":"https:\/\/gazdasagportal.hu\/index.php\/nemetorszagbol-248-menedekkerot-kuldtek-vissza-magyarorszagra-az-iden\/","title":{"rendered":"N\u00e9metorsz\u00e1gb\u00f3l 248 mened\u00e9kk\u00e9r\u0151t k\u00fcldtek vissza Magyarorsz\u00e1gra az id\u00e9n"},"content":{"rendered":"<p><strong>N\u00e9metorsz\u00e1gb\u00f3l az id\u00e9n szeptember v\u00e9g\u00e9ig 10 082 mened\u00e9kk\u00e9r\u0151t akartak visszak\u00fcldeni Magyarorsz\u00e1gra az uni\u00f3s menek\u00fclt\u00fcgyi szab\u00e1lyok alapj\u00e1n, \u00e9s 248 esetben volt sikeres az elj\u00e1r\u00e1s &#8211; \u00edrta p\u00e9nteken a Die Welt c\u00edm\u0171 n\u00e9met lap a sz\u00f6vets\u00e9gi bev\u00e1ndorl\u00e1si \u00e9s menek\u00fclt\u00fcgyi hivatal (BAMF) kimutat\u00e1sa alapj\u00e1n.<\/strong><!--more--><\/p>\n<div class=\"ads-in-post1\"><div id=\"gazdasagportal.hu_fullbanner_wideboard\"><\/div>\r\n<\/div>\n<p>    A BAMF janu\u00e1rt\u00f3l szeptember v\u00e9g\u00e9ig pontosan 40 ezer mened\u00e9kk\u00e9r\u0151 visszak\u00fcld\u00e9s\u00e9t kezdem\u00e9nyezte a dublini rendelet alapj\u00e1n, amely f\u0151szab\u00e1lyk\u00e9nt el\u0151\u00edrja, hogy abban a tag\u00e1llamban kell lefolytatni a menek\u00fclt\u00fcgyi elj\u00e1r\u00e1st, amelyben regisztr\u00e1lt\u00e1k a k\u00e9relmez\u0151 bel\u00e9p\u00e9s\u00e9t az EU ter\u00fclet\u00e9re.<br \/>\n    A 40 ezer ember k\u00f6z\u00fcl 2860-at siker\u00fclt visszak\u00fcldeni az illet\u00e9kes tag\u00e1llamba, ami azt jelenti, hogy 7,15 sz\u00e1zal\u00e9kban vezetett eredm\u00e9nyre az igen hosszadalmas elj\u00e1r\u00e1s. A legt\u00f6bb embert Magyarorsz\u00e1gra pr\u00f3b\u00e1lt\u00e1k visszak\u00fcldeni, a sikeres elj\u00e1r\u00e1sok ar\u00e1nya 2,45 sz\u00e1zal\u00e9k.<br \/>\n    A BAMF kiemelte, hogy t\u00f6bbnyire nem az adott tag\u00e1llam ellen\u00e1ll\u00e1sa miatt bukik el a kezdem\u00e9nyez\u00e9s, ugyanis sok mened\u00e9kk\u00e9r\u0151 megt\u00e1madja az \u00e1tad\u00e1sr\u00f3l sz\u00f3l\u00f3 hat\u00e1rozatot b\u00edr\u00f3s\u00e1gon, amely felf\u00fcggesztheti vagy meg is sz\u00fcntetheti az elj\u00e1r\u00e1st. Sokan pedig elt\u0171nnek a hat\u00f3s\u00e1gok el\u0151l, ami az\u00e9rt gond, mert f\u00e9l\u00e9ves &#8211; egyes esetekben m\u00e1sf\u00e9l \u00e9ves &#8211; n\u00e9metorsz\u00e1gi tart\u00f3zkod\u00e1s ut\u00e1n automatikusan N\u00e9metorsz\u00e1gra sz\u00e1ll a k\u00e9relem megvizsg\u00e1l\u00e1s\u00e1nak felel\u0151ss\u00e9ge, vagyis m\u00e1r nem lehet visszak\u00fcldeni \u0151ket abba a tagorsz\u00e1gba, ahol az EU ter\u00fclet\u00e9re l\u00e9ptek.<br \/>\n    M\u00e1s tag\u00e1llamok az id\u00e9n szeptember v\u00e9g\u00e9ig 24 435 mened\u00e9kk\u00e9r\u0151 N\u00e9metorsz\u00e1gba k\u00fcld\u00e9s\u00e9t kezdem\u00e9nyezt\u00e9k, \u00e9s 9688-at siker\u00fclt is \u00e1tadni, ami csaknem 40 sz\u00e1zal\u00e9kos ar\u00e1nyt jelent. A legt\u00f6bb ember &#8211; 4351 mened\u00e9kk\u00e9r\u0151 &#8211; \u00e1tad\u00e1s\u00e1t Sv\u00e9dorsz\u00e1g kezdem\u00e9nyezte, k\u00f6z\u00fcl\u00fck 3254 vissza is ker\u00fclt N\u00e9metorsz\u00e1gba.<br \/>\n    A BAMF r\u00e1mutatott: id\u00e9n fordul el\u0151 els\u0151 alkalommal, hogy a t\u00e1rsorsz\u00e1gok t\u00f6bb mened\u00e9kk\u00e9r\u0151t k\u00fcldenek vissza N\u00e9metorsz\u00e1gba, mint N\u00e9metorsz\u00e1g m\u00e1s uni\u00f3s tag\u00e1llamokba.(MTI)<\/p>\n","protected":false},"excerpt":{"rendered":"<p>N\u00e9metorsz\u00e1gb\u00f3l az id\u00e9n szeptember v\u00e9g\u00e9ig 10 082 mened\u00e9kk\u00e9r\u0151t akartak visszak\u00fcldeni Magyarorsz\u00e1gra az uni\u00f3s menek\u00fclt\u00fcgyi szab\u00e1lyok alapj\u00e1n, \u00e9s 248 esetben volt sikeres az elj\u00e1r\u00e1s &#8211; \u00edrta p\u00e9nteken a Die Welt c\u00edm\u0171 n\u00e9met lap a sz\u00f6vets\u00e9gi bev\u00e1ndorl\u00e1si \u00e9s menek\u00fclt\u00fcgyi hivatal (BAMF) kimutat\u00e1sa alapj\u00e1n.<\/p>\n","protected":false},"author":1,"featured_media":0,"comment_status":"open","ping_status":"closed","sticky":false,"template":"","format":"standard","meta":[],"categories":[4,12],"tags":[],"_links":{"self":[{"href":"https:\/\/gazdasagportal.hu\/index.php\/wp-json\/wp\/v2\/posts\/85847"}],"collection":[{"href":"https:\/\/gazdasagportal.hu\/index.php\/wp-json\/wp\/v2\/posts"}],"about":[{"href":"https:\/\/gazdasagportal.hu\/index.php\/wp-json\/wp\/v2\/types\/post"}],"author":[{"embeddable":true,"href":"https:\/\/gazdasagportal.hu\/index.php\/wp-json\/wp\/v2\/users\/1"}],"replies":[{"embeddable":true,"href":"https:\/\/gazdasagportal.hu\/index.php\/wp-json\/wp\/v2\/comments?post=85847"}],"version-history":[{"count":1,"href":"https:\/\/gazdasagportal.hu\/index.php\/wp-json\/wp\/v2\/posts\/85847\/revisions"}],"predecessor-version":[{"id":85848,"href":"https:\/\/gazdasagportal.hu\/index.php\/wp-json\/wp\/v2\/posts\/85847\/revisions\/85848"}],"wp:attachment":[{"href":"https:\/\/gazdasagportal.hu\/index.php\/wp-json\/wp\/v2\/media?parent=85847"}],"wp:term":[{"taxonomy":"category","embeddable":true,"href":"https:\/\/gazdasagportal.hu\/index.php\/wp-json\/wp\/v2\/categories?post=85847"},{"taxonomy":"post_tag","embeddable":true,"href":"https:\/\/gazdasagportal.hu\/index.php\/wp-json\/wp\/v2\/tags?post=85847"}],"curies":[{"name":"wp","href":"https:\/\/api.w.org\/{rel}","templated":true}]}}