{"id":85845,"date":"2016-10-21T15:49:44","date_gmt":"2016-10-21T13:49:44","guid":{"rendered":"http:\/\/gazdasagportal.hu\/?p=85845"},"modified":"2016-10-21T14:53:01","modified_gmt":"2016-10-21T12:53:01","slug":"az-50-000-latogatot-koszontotte-a-kecskemeti-mercedes-benz-gyar","status":"publish","type":"post","link":"https:\/\/gazdasagportal.hu\/index.php\/az-50-000-latogatot-koszontotte-a-kecskemeti-mercedes-benz-gyar\/","title":{"rendered":"Az 50.000. l\u00e1togat\u00f3t k\u00f6sz\u00f6nt\u00f6tte a kecskem\u00e9ti Mercedes-Benz Gy\u00e1r"},"content":{"rendered":"<p><strong>Szolda J\u00f3zsef lett az 50.000. regisztr\u00e1lt l\u00e1togat\u00f3ja a Mercedes-Benz Gy\u00e1rnak. A v\u00e1llalat 2013 szeptember\u00e9ben nyitotta meg kapuit a nagyk\u00f6z\u00f6ns\u00e9g el\u0151tt, hogy \u00e1t\u00e9lhess\u00e9k testk\u00f6zelb\u0151l, hogyan gy\u00e1rtj\u00e1k a legmodernebb technol\u00f3gi\u00e1val k\u00e9sz\u00fcl\u0151 Mercedes-Benz aut\u00f3kat Kecskem\u00e9ten.<\/strong><!--more--><\/p>\n<div class=\"ads-in-post1\"><div id=\"gazdasagportal.hu_fullbanner_wideboard\"><\/div>\r\n<\/div>\n<p>Kecskem\u00e9t &#8211; Az ingyenes gy\u00e1rl\u00e1togat\u00e1si program keret\u00e9ben naponta h\u00e1rom, legfeljebb 40 f\u0151s csoportot fogad a kecskem\u00e9ti Mercedes-Benz Gy\u00e1r 2013 szeptembere \u00f3ta a \u201enyitott gy\u00e1r\u201d koncepci\u00f3 jegy\u00e9ben, amely hagyom\u00e1ny a Mercedes-Benz \u00e9let\u00e9ben. A n\u00e9met aut\u00f3gy\u00e1rt\u00f3 c\u00e9lkit\u0171z\u00e9se, hogy a pr\u00e9mium min\u0151s\u00e9get garant\u00e1l\u00f3 cs\u00facstechnol\u00f3gia b\u00e1rki sz\u00e1m\u00e1ra megtapasztalhat\u00f3 \u00e9s \u00e1t\u00e9lhet\u0151 legyen vil\u00e1gszerte. Az 50.000. kecskem\u00e9ti l\u00e1togat\u00f3 Szolda J\u00f3zsef lett, aki egy zentai csoport tagjak\u00e9nt \u00e9rkezett a Mercedes-Benz Gy\u00e1rba.<\/p>\n<p>\u201e A gy\u00e1rl\u00e1togat\u00e1sok sor\u00e1n l\u00e1togat\u00f3ink nemcsak a Mercedes-Benz B-oszt\u00e1ly, illetve a vil\u00e1gon kiz\u00e1r\u00f3lag Kecskem\u00e9ten gy\u00e1rtott CLA \u00e9s CLA Shooting Brake gy\u00e1rt\u00e1si folyamatait ismerhetik meg, hanem bepillant\u00e1st nyerhetnek Magyarorsz\u00e1g egyik legvonz\u00f3bb munkahely\u00e9re is\u201d \u2013 mondta Christian Wolff, a Mercedes-Benz Manufacturing Hungary Kft. \u00fcgyvezet\u00e9s\u00e9nek eln\u00f6ke, aki szem\u00e9lyesen k\u00f6sz\u00f6nt\u00f6tte a jubileumi vend\u00e9get.<\/p><div id=\"gazda-2563918616\" class=\"gazda-tartalomban gazda-entity-placement\"><script async src=\"https:\/\/pagead2.googlesyndication.com\/pagead\/js\/adsbygoogle.js\"><\/script>\r\n<ins class=\"adsbygoogle\"\r\n     style=\"display:block\"\r\n     data-ad-format=\"fluid\"\r\n     data-ad-layout-key=\"-6t+ed+2i-1n-4w\"\r\n     data-ad-client=\"ca-pub-1959107119989764\"\r\n     data-ad-slot=\"4008251320\"><\/ins>\r\n<script>\r\n     (adsbygoogle = window.adsbygoogle || []).push({});\r\n<\/script><\/div>\n<p>A mintegy 2 \u00f3r\u00e1s l\u00e1togat\u00e1s az adminisztr\u00e1ci\u00f3s \u00e9p\u00fcleten k\u00edv\u00fcl \u00e9rinti a pr\u00e9s\u00fczemet, majd a karossz\u00e9ria- \u00e9s az \u00f6sszeszerel\u0151 \u00fczemet.\u00a0 A vend\u00e9gek magyar, angol \u00e9s n\u00e9met nyelv\u0171 vezet\u00e9sre is tudnak regisztr\u00e1lni.<\/p>\n<p>Az elm\u00falt h\u00e1rom \u00e9vben a termel\u00e9si munk\u00e1latokat t\u00f6bbek k\u00f6z\u00f6tt tov\u00e1bbtanul\u00e1s el\u0151tt \u00e1ll\u00f3 di\u00e1kcsoportok, egyetemi \u00e9s szakmai csoportok l\u00e1togatt\u00e1k, de sz\u00e1mos c\u00e9g \u00e9s non-profit szervezet v\u00e1lasztja rendhagy\u00f3 programk\u00e9nt munkat\u00e1rsai, k\u00f6z\u00f6ss\u00e9gei sz\u00e1m\u00e1ra. A gy\u00e1rl\u00e1togat\u00e1sra a Mercedes-Benz honlapj\u00e1n lehet regisztr\u00e1lni. A l\u00e1togat\u00f3i program ir\u00e1nt a kezdetek \u00f3ta \u00f3ri\u00e1si az \u00e9rdekl\u0151d\u00e9s, az idei \u00e9vre p\u00e9ld\u00e1ul m\u00e1r nincsenek szabad helyek. A j\u00f6v\u0151 \u00e9vi id\u0151pontok decembert\u0151l lesznek el\u00e9rhet\u0151ek a gy\u00e1r honlapj\u00e1n.<\/p>\n<p><strong>\u00a0<\/strong><strong>Mercedes-Benz Manufacturing Hungary Kft.<\/strong><\/p>\n<p>A Mercedes-Benz Manufacturing Hungary Kft. k\u00f6zel 4.000 munkav\u00e1llal\u00f3 sz\u00e1m\u00e1ra biztos\u00edt munkahelyet. 2015-ben a kecskem\u00e9ti gy\u00e1r t\u00f6bb mint 180.000 kompakt aut\u00f3t gy\u00e1rtott. Az els\u0151 Magyarorsz\u00e1gon is gy\u00e1rtott term\u00e9k a B-oszt\u00e1ly volt; m\u00edg 2013-ban a n\u00e9gyajt\u00f3s CLA coup\u00e9, illetve 2015 janu\u00e1rj\u00e1ban a CLA Shooting Brake gy\u00e1rt\u00e1s\u00e1t is megkezdte a kecskem\u00e9ti gy\u00e1r. K\u00fcl\u00f6n b\u00fcszkes\u00e9g, hogy ez ut\u00f3bbi k\u00e9t t\u00edpust kiz\u00e1r\u00f3lag itt Magyarorsz\u00e1gon gy\u00e1rtj\u00e1k az eg\u00e9sz vil\u00e1g &#8211; t\u00f6bb mint 180 orsz\u00e1ga \u2013 r\u00e9sz\u00e9re. A kecskem\u00e9ti Mercedes-Benz Gy\u00e1r ma Magyarorsz\u00e1g egyik legattrakt\u00edvabb munk\u00e1ltat\u00f3ja, a v\u00e1llalat 2015-ben elnyerte a Randstad \u201eMagyarorsz\u00e1g legvonz\u00f3bb munk\u00e1ltat\u00f3ja\u201d d\u00edjat.<\/p>\n","protected":false},"excerpt":{"rendered":"<p>Szolda J\u00f3zsef lett az 50.000. regisztr\u00e1lt l\u00e1togat\u00f3ja a Mercedes-Benz Gy\u00e1rnak. A v\u00e1llalat 2013 szeptember\u00e9ben nyitotta meg kapuit a nagyk\u00f6z\u00f6ns\u00e9g el\u0151tt, hogy \u00e1t\u00e9lhess\u00e9k testk\u00f6zelb\u0151l, hogyan gy\u00e1rtj\u00e1k a legmodernebb technol\u00f3gi\u00e1val k\u00e9sz\u00fcl\u0151 Mercedes-Benz aut\u00f3kat Kecskem\u00e9ten.<\/p>\n","protected":false},"author":1,"featured_media":0,"comment_status":"open","ping_status":"closed","sticky":false,"template":"","format":"standard","meta":[],"categories":[19],"tags":[],"_links":{"self":[{"href":"https:\/\/gazdasagportal.hu\/index.php\/wp-json\/wp\/v2\/posts\/85845"}],"collection":[{"href":"https:\/\/gazdasagportal.hu\/index.php\/wp-json\/wp\/v2\/posts"}],"about":[{"href":"https:\/\/gazdasagportal.hu\/index.php\/wp-json\/wp\/v2\/types\/post"}],"author":[{"embeddable":true,"href":"https:\/\/gazdasagportal.hu\/index.php\/wp-json\/wp\/v2\/users\/1"}],"replies":[{"embeddable":true,"href":"https:\/\/gazdasagportal.hu\/index.php\/wp-json\/wp\/v2\/comments?post=85845"}],"version-history":[{"count":1,"href":"https:\/\/gazdasagportal.hu\/index.php\/wp-json\/wp\/v2\/posts\/85845\/revisions"}],"predecessor-version":[{"id":85846,"href":"https:\/\/gazdasagportal.hu\/index.php\/wp-json\/wp\/v2\/posts\/85845\/revisions\/85846"}],"wp:attachment":[{"href":"https:\/\/gazdasagportal.hu\/index.php\/wp-json\/wp\/v2\/media?parent=85845"}],"wp:term":[{"taxonomy":"category","embeddable":true,"href":"https:\/\/gazdasagportal.hu\/index.php\/wp-json\/wp\/v2\/categories?post=85845"},{"taxonomy":"post_tag","embeddable":true,"href":"https:\/\/gazdasagportal.hu\/index.php\/wp-json\/wp\/v2\/tags?post=85845"}],"curies":[{"name":"wp","href":"https:\/\/api.w.org\/{rel}","templated":true}]}}