{"id":85792,"date":"2016-10-20T07:16:39","date_gmt":"2016-10-20T05:16:39","guid":{"rendered":"http:\/\/gazdasagportal.hu\/?p=85792"},"modified":"2016-10-20T07:16:39","modified_gmt":"2016-10-20T05:16:39","slug":"aleppo-elestevel-nem-er-veget-a-sziriai-haboru","status":"publish","type":"post","link":"https:\/\/gazdasagportal.hu\/index.php\/aleppo-elestevel-nem-er-veget-a-sziriai-haboru\/","title":{"rendered":"Alepp\u00f3 elest\u00e9vel nem \u00e9r v\u00e9get a sz\u00edriai h\u00e1bor\u00fa"},"content":{"rendered":"<p><strong>John Kerry amerikai k\u00fcl\u00fcgyminiszter szerint Alepp\u00f3 elest\u00e9vel nem \u00e9r v\u00e9get a sz\u00edriai h\u00e1bor\u00fa.<\/strong><!--more--><\/p>\n<div class=\"ads-in-post1\"><div id=\"gazdasagportal.hu_fullbanner_wideboard\"><\/div>\r\n<\/div>\n<p>    John Kerry szerd\u00e1n d\u00e9lut\u00e1n el\u0151sz\u00f6r tartott sajt\u00f3\u00e9rtekezletet Washingtonban, mi\u00f3ta visszat\u00e9rt sokadik k\u00f6r\u00fatj\u00e1r\u00f3l Eur\u00f3p\u00e1b\u00f3l, ahol h\u00e9tf\u0151n \u00fajabb javaslatokkal \u00e1llt el\u0151 a tart\u00f3s sz\u00edriai b\u00e9ke megteremt\u00e9se \u00e9rdek\u00e9ben. Az amerikai diplom\u00e1cia vezet\u0151je szerd\u00e1n ism\u00e9t k\u00e9rte Oroszorsz\u00e1got, hogy hagyjon fel Alepp\u00f3 bomb\u00e1z\u00e1s\u00e1val.<br \/>\n    Az amerikai k\u00fcl\u00fcgyminiszter szerd\u00e1n r\u00f6gt\u00f6n csillap\u00edtotta is az \u00faj sz\u00edriai t\u0171zsz\u00fcnethez f\u0171z\u00f6tt rem\u00e9nyeket. Amikor a szerd\u00e1n Genfben amerikai, orosz, sza\u00fadi, katari \u00e9s t\u00f6r\u00f6k katonai vezet\u0151k megbesz\u00e9l\u00e9seir\u0151l k\u00e9rdezt\u00e9k &#8211; amelyeken arr\u00f3l volt sz\u00f3, hogy hogyan lehetne elk\u00fcl\u00f6n\u00edteni az al-Kaid\u00e1hoz k\u00f6thet\u0151 terrorist\u00e1kat az ellenz\u00e9ki harcosokt\u00f3l az ostromlott Alepp\u00f3 v\u00e1ros\u00e1ban &#8211; a miniszter bor\u00fal\u00e1t\u00f3an nyilatkozott.<br \/>\n    &#8222;Nem k\u00f6zel\u00edtek nagy v\u00e1rakoz\u00e1ssal e t\u0171zsz\u00fcnethez&#8221; &#8211; fogalmazott, s lesz\u00f6gezte, hogy szerinte nincs meg a k\u00f6lcs\u00f6n\u00f6s bizalom a t\u0171zsz\u00fcneti meg\u00e1llapod\u00e1shoz. Ism\u00e9t Oroszorsz\u00e1got figyelmeztette, mondv\u00e1n: &#8222;minden egyes bomba, amelyet Oroszorsz\u00e1g \u00e9s az Aszad-rezsim ledob, csak tov\u00e1bb radikaliz\u00e1lja az embereket&#8221;. Hozz\u00e1tette, Moszkv\u00e1nak meg kell \u00e9rtenie, hogy a  bomb\u00e1z\u00e1sok nem oldj\u00e1k meg, csak s\u00falyosb\u00edtj\u00e1k a helyzetet. Kerry hangs\u00falyozta, hogy ha &#8222;Oroszorsz\u00e1g \u00e9s Aszad sikeresen be is veszi Alepp\u00f3t, ett\u0151l m\u00e9g a h\u00e1bor\u00fa alapvet\u0151 dinamik\u00e1ja nem v\u00e1ltozik meg&#8221;.<br \/>\n    Az amerikai diplom\u00e1cia ir\u00e1ny\u00edt\u00f3ja egy\u00fattal s\u00fcrgette, hogy Oroszorsz\u00e1g t\u00e9rjen vissza a genfi t\u00e1rgyal\u00f3asztalhoz.<br \/>\n    Az ENSZ sz\u00e9kh\u00e1z\u00e1ban New Yorkban szerd\u00e1n d\u00e9lut\u00e1n az Amnesty International munkat\u00e1rsai \u00faj m\u0171holdas felv\u00e9teleket mutattak be Alepp\u00f3r\u00f3l, s ezekb\u0151l j\u00f3l l\u00e1tszik, hogy a sz\u00edriai v\u00e1rost 110 helyen \u00e9rte bombatal\u00e1lat. Az emberi jogi szervezet \u00e1ll\u00e1spontja szerint az intenz\u00edv bomb\u00e1z\u00e1sok c\u00e9lja &#8222;a v\u00e1ros ki\u00fcr\u00edt\u00e9se \u00e9s ellen\u0151rz\u00e9s al\u00e1 von\u00e1sa&#8221;.(MTI)<\/p>\n","protected":false},"excerpt":{"rendered":"<p>John Kerry amerikai k\u00fcl\u00fcgyminiszter szerint Alepp\u00f3 elest\u00e9vel nem \u00e9r v\u00e9get a sz\u00edriai h\u00e1bor\u00fa.<\/p>\n","protected":false},"author":1,"featured_media":0,"comment_status":"open","ping_status":"closed","sticky":false,"template":"","format":"standard","meta":[],"categories":[16],"tags":[],"_links":{"self":[{"href":"https:\/\/gazdasagportal.hu\/index.php\/wp-json\/wp\/v2\/posts\/85792"}],"collection":[{"href":"https:\/\/gazdasagportal.hu\/index.php\/wp-json\/wp\/v2\/posts"}],"about":[{"href":"https:\/\/gazdasagportal.hu\/index.php\/wp-json\/wp\/v2\/types\/post"}],"author":[{"embeddable":true,"href":"https:\/\/gazdasagportal.hu\/index.php\/wp-json\/wp\/v2\/users\/1"}],"replies":[{"embeddable":true,"href":"https:\/\/gazdasagportal.hu\/index.php\/wp-json\/wp\/v2\/comments?post=85792"}],"version-history":[{"count":1,"href":"https:\/\/gazdasagportal.hu\/index.php\/wp-json\/wp\/v2\/posts\/85792\/revisions"}],"predecessor-version":[{"id":85793,"href":"https:\/\/gazdasagportal.hu\/index.php\/wp-json\/wp\/v2\/posts\/85792\/revisions\/85793"}],"wp:attachment":[{"href":"https:\/\/gazdasagportal.hu\/index.php\/wp-json\/wp\/v2\/media?parent=85792"}],"wp:term":[{"taxonomy":"category","embeddable":true,"href":"https:\/\/gazdasagportal.hu\/index.php\/wp-json\/wp\/v2\/categories?post=85792"},{"taxonomy":"post_tag","embeddable":true,"href":"https:\/\/gazdasagportal.hu\/index.php\/wp-json\/wp\/v2\/tags?post=85792"}],"curies":[{"name":"wp","href":"https:\/\/api.w.org\/{rel}","templated":true}]}}