{"id":8566,"date":"2013-05-18T08:45:44","date_gmt":"2013-05-18T06:45:44","guid":{"rendered":"http:\/\/stockportal.hu\/?p=8566"},"modified":"2013-05-18T08:45:44","modified_gmt":"2013-05-18T06:45:44","slug":"amerikai-penzugyminiszteriumi-vezetok-a-valasztas-eveben-tudtak-az-adohatosagnal-folyatott-vizsgalatrol","status":"publish","type":"post","link":"https:\/\/gazdasagportal.hu\/index.php\/amerikai-penzugyminiszteriumi-vezetok-a-valasztas-eveben-tudtak-az-adohatosagnal-folyatott-vizsgalatrol\/","title":{"rendered":"Amerikai p\u00e9nz\u00fcgyminiszt\u00e9riumi vezet\u0151k a v\u00e1laszt\u00e1s \u00e9v\u00e9ben tudtak az ad\u00f3hat\u00f3s\u00e1gn\u00e1l folyatott vizsg\u00e1latr\u00f3l"},"content":{"rendered":"<p><strong>Az amerikai p\u00e9nz\u00fcgyminiszt\u00e9rium t\u00f6bb vezet\u0151j\u00e9nek tudom\u00e1sa volt arr\u00f3l, hogy az amerikai ad\u00f3hivataln\u00e1l (IRS) bels\u0151 vizsg\u00e1lat folyik politikailag akt\u00edv szervezetek ad\u00f3mentess\u00e9g\u00e9nek c\u00e9lzott \u00e9s fokozott ellen\u0151rz\u00e9s\u00e9nek \u00fcgy\u00e9ben &#8211; jelentette ki p\u00e9nteki kongresszusi meghallgat\u00e1s\u00e1n J. Russell George, a p\u00e9nz\u00fcgyi t\u00e1rca ad\u00f3\u00fcgyi f\u0151ellen\u0151re.<!--more--><\/strong><\/p>\n<p>George vallom\u00e1sa az els\u0151 konkr\u00e9t utal\u00e1s arra, hogy az Obama-korm\u00e1ny magasabb beoszt\u00e1s\u00fa vezet\u0151inek is tudom\u00e1sa volt az \u00fcgyr\u0151l az eln\u00f6kv\u00e1laszt\u00e1s \u00e9v\u00e9ben. A f\u0151ellen\u0151r 2012. j\u00fanius 4-\u00e9n a t\u00e1rca f\u0151 jogtan\u00e1csos\u00e1t, nem sokkal k\u00e9s\u0151bb pedig Neal Wollin miniszterhelyettest t\u00e1j\u00e9koztatta a folyamatban l\u00e9v\u0151 audit \u00e1ll\u00e1s\u00e1r\u00f3l.<br \/>\nAzt George a rutinbesz\u00e1mol\u00f3i alkalm\u00e1b\u00f3l egyik vezet\u0151vel sem k\u00f6z\u00f6lte, hogy arra a meg\u00e1llap\u00edt\u00e1sra jutott: az ad\u00f3hivataln\u00e1l helytelen\u00fcl j\u00e1rtak el. A f\u0151ellen\u0151rnek a kongresszus el\u0151tt elmondott tan\u00favallom\u00e1sa nyom\u00e1n republik\u00e1nus honaty\u00e1k ennek ellen\u00e9re azt \u00e1ll\u00edtott\u00e1k, hogy az \u00fajrav\u00e1laszt\u00e1s\u00e1\u00e9rt harcol\u00f3 Obama-korm\u00e1nyzat a kamp\u00e1nyid\u0151szakban megpr\u00f3b\u00e1lta sz\u0151nyeg al\u00e1 s\u00f6p\u00f6rni az \u00fcgyet.<br \/>\nAz ad\u00f3hivatalban az\u00e9rt indult vizsg\u00e1lat, mert 2010-t\u0151l kezd\u0151d\u0151en p\u00f3tl\u00f3lagos ellen\u0151rz\u00e9st rendeltek el olyan konzervat\u00edv nonprofit csoportokn\u00e1l, amelyek ad\u00f3mentess\u00e9g\u00e9rt folyamodtak. Az \u00e9rintett szervezetek sz\u00e1ma csaknem 300 volt. Az esetekr\u0151l el\u0151sz\u00f6r 2012-ben jelentek meg cikkek az amerikai sajt\u00f3ban, \u00e1m a George vezette vizsg\u00e1lat eredm\u00e9nyeit hivatalosan csak a h\u00e9ten hozt\u00e1k nyilv\u00e1noss\u00e1gra.<br \/>\nDave Camp republik\u00e1nus k\u00e9pvisel\u0151 &#8211; utalva arra, hogy vizsg\u00e1lat folyik a beng\u00e1zi terrort\u00e1mad\u00e1s er\u0151sen vitatott korm\u00e1nyzati kommunik\u00e1ci\u00f3j\u00e1val kapcsolatban is &#8211; a p\u00e9nteki meghallgat\u00e1son arr\u00f3l besz\u00e9lt: az ad\u00f3hat\u00f3s\u00e1gi \u00fcgy \u00fajabb p\u00e9lda a korm\u00e1nyzat &#8222;eltussol\u00e1si kult\u00far\u00e1j\u00e1ra&#8221; \u00e9s a &#8222;politikai megf\u00e9leml\u00edt\u00e9sre&#8221;. Szerinte az elhallgat\u00e1s c\u00e9lja az volt, hogy a korm\u00e1nyzat \u00e1tv\u00e9szelje a v\u00e1laszt\u00e1sokat.<br \/>\nA nap folyam\u00e1n kor\u00e1bban meghallgatt\u00e1k Steven Millert, az IRS lemondatott megb\u00edzott vezet\u0151j\u00e9t is, aki szerint az elv\u00e9gzend\u0151 munka hirtelen megn\u00f6vekedett mennyis\u00e9ge, nem pedig sz\u00e1nd\u00e9koss\u00e1g vezetett a konzervat\u00edv csoportok elleni p\u00f3tl\u00f3lagos vizsg\u00e1lathoz. Miller &#8222;buta hib\u00e1knak&#8221; nevezte a t\u00f6rt\u00e9nteket, \u00e9s bocs\u00e1natot k\u00e9rt \u00e9rt\u00fck.<br \/>\nAz ad\u00f3mentess\u00e9gre jogosult \u00faj nonprofit szervezetek sz\u00e1ma ugr\u00e1sszer\u0171en megn\u0151tt azt k\u00f6vet\u0151en, hogy a legfels\u0151bb b\u00edr\u00f3s\u00e1g 2010-ben hat\u00e1rozatot hozott az \u00fagynevezett Citizens United-\u00fcgyben. A test\u00fclet enged\u00e9lyezte az ilyen csoportoknak, hogy korl\u00e1tlanul k\u00f6lthessenek politikai hirdet\u00e9sekre a v\u00e1laszt\u00e1si kamp\u00e1nyok idej\u00e9n. A megk\u00f6t\u00e9s mind\u00f6ssze annyi, hogy konkr\u00e9t jel\u00f6ltek vagy p\u00e1rtok mellett nem kamp\u00e1nyolhatnak, a &#8222;t\u00e1rsadalmi j\u00f3l\u00e9t \u00fcgyei&#8221; mellett azonban igen. A p\u00e9nteki kongresszusi meghallgat\u00e1son republik\u00e1nus \u00e9s demokrata k\u00e9pvisel\u0151k egyar\u00e1nt hangot adtak felh\u00e1borod\u00e1suknak. A korm\u00e1nyp\u00e1rti honaty\u00e1k ugyanakkor r\u00e1mutattak, hogy 2010-ben, vagyis akkor, amikor az IRS-n\u00e9l megkezd\u0151dtek az inkrimin\u00e1lt szigor\u00edtott vizsg\u00e1latok, a hivatal \u00e9l\u00e9n Douglas Shulman \u00e1llt, akit m\u00e9g George W. Bush eln\u00f6k nevezett ki a hivatal \u00e9l\u00e9re. Miller csak tavaly novemberben v\u00e1ltotta \u0151t a biztosi sz\u00e9kben.<br \/>\nA demokrat\u00e1k azt is igyekeztek kiemelni, hogy George, az \u00fcgyben illet\u00e9kes p\u00e9nz\u00fcgyminiszt\u00e9riumi f\u0151ellen\u0151r \u00e1ltal v\u00e9grehajtott bels\u0151 vizsg\u00e1lat nem tal\u00e1lt bizony\u00edt\u00e9kot politikai motiv\u00e1lts\u00e1gra.<br \/>\nMiller visszautas\u00edtott minden olyan v\u00e1dat, amely szerint az ad\u00f3hivatal \u00e1tpolitiz\u00e1l\u00f3dott volna. Republik\u00e1nus k\u00e9pvisel\u0151k ezzel szemben az\u00e9rt tettek szemreh\u00e1ny\u00e1st neki, mert noha 2012 m\u00e1rciusa \u00f3ta tudom\u00e1sa volt a vissza\u00e9l\u00e9sekr\u0151l, kifejezett k\u00e9r\u00e9s\u00fck ellen\u00e9re sem t\u00e1j\u00e9koztatta \u0151ket a probl\u00e9m\u00e1kr\u00f3l.<br \/>\nAz ad\u00f3hat\u00f3s\u00e1gn\u00e1l leleplezett vissza\u00e9l\u00e9sek \u00fcgy\u00e9ben a j\u00f6v\u0151 h\u00e9ten \u00fajabb k\u00e9t kongresszusi meghallgat\u00e1st fognak tartani.<br \/>\nA p\u00e9nz\u00fcgyminiszt\u00e9rium p\u00e9nteken k\u00f6z\u00f6lte, hogy az IRS \u00e9l\u00e9re megb\u00edzottk\u00e9nt kinevezett \u00faj biztos, Daniel Werfel feladatul kapta, hogy 30 napon bel\u00fcl t\u00fczetesen vizsg\u00e1lja fel\u00fcl az int\u00e9zm\u00e9ny m\u0171k\u00f6d\u00e9s\u00e9t, \u00e9s tegyen jelent\u00e9st Barack Obama eln\u00f6knek. Werfelnek egyebek k\u00f6z\u00f6tt az IRS-n\u00e9l vissza\u00e9l\u00e9seket elk\u00f6vetett munkat\u00e1rsak felel\u0151ss\u00e9gre von\u00e1s\u00e1r\u00f3l \u00e9s a botr\u00e1nyhoz vezet\u0151 hib\u00e1k elh\u00e1r\u00edt\u00e1s\u00e1r\u00f3l kell majd besz\u00e1molnia, valamint fel kell v\u00e1zolnia a rendszer j\u00f6v\u0151beni m\u0171k\u00f6d\u00e9s\u00e9vel kapcsolatos elk\u00e9pzel\u00e9seit. (MTI)<\/p>\n","protected":false},"excerpt":{"rendered":"<p>Az amerikai p\u00e9nz\u00fcgyminiszt\u00e9rium t\u00f6bb vezet\u0151j\u00e9nek tudom\u00e1sa volt arr\u00f3l, hogy az amerikai ad\u00f3hivataln\u00e1l (IRS) bels\u0151 vizsg\u00e1lat folyik politikailag akt\u00edv szervezetek ad\u00f3mentess\u00e9g\u00e9nek c\u00e9lzott \u00e9s fokozott ellen\u0151rz\u00e9s\u00e9nek \u00fcgy\u00e9ben &#8211; jelentette ki p\u00e9nteki kongresszusi meghallgat\u00e1s\u00e1n J. Russell George, a p\u00e9nz\u00fcgyi t\u00e1rca ad\u00f3\u00fcgyi f\u0151ellen\u0151re.<\/p>\n","protected":false},"author":1,"featured_media":0,"comment_status":"open","ping_status":"closed","sticky":false,"template":"","format":"standard","meta":[],"categories":[13],"tags":[],"_links":{"self":[{"href":"https:\/\/gazdasagportal.hu\/index.php\/wp-json\/wp\/v2\/posts\/8566"}],"collection":[{"href":"https:\/\/gazdasagportal.hu\/index.php\/wp-json\/wp\/v2\/posts"}],"about":[{"href":"https:\/\/gazdasagportal.hu\/index.php\/wp-json\/wp\/v2\/types\/post"}],"author":[{"embeddable":true,"href":"https:\/\/gazdasagportal.hu\/index.php\/wp-json\/wp\/v2\/users\/1"}],"replies":[{"embeddable":true,"href":"https:\/\/gazdasagportal.hu\/index.php\/wp-json\/wp\/v2\/comments?post=8566"}],"version-history":[{"count":1,"href":"https:\/\/gazdasagportal.hu\/index.php\/wp-json\/wp\/v2\/posts\/8566\/revisions"}],"predecessor-version":[{"id":8567,"href":"https:\/\/gazdasagportal.hu\/index.php\/wp-json\/wp\/v2\/posts\/8566\/revisions\/8567"}],"wp:attachment":[{"href":"https:\/\/gazdasagportal.hu\/index.php\/wp-json\/wp\/v2\/media?parent=8566"}],"wp:term":[{"taxonomy":"category","embeddable":true,"href":"https:\/\/gazdasagportal.hu\/index.php\/wp-json\/wp\/v2\/categories?post=8566"},{"taxonomy":"post_tag","embeddable":true,"href":"https:\/\/gazdasagportal.hu\/index.php\/wp-json\/wp\/v2\/tags?post=8566"}],"curies":[{"name":"wp","href":"https:\/\/api.w.org\/{rel}","templated":true}]}}