{"id":85658,"date":"2016-10-14T13:01:58","date_gmt":"2016-10-14T11:01:58","guid":{"rendered":"http:\/\/gazdasagportal.hu\/?p=85658"},"modified":"2016-10-14T13:01:58","modified_gmt":"2016-10-14T11:01:58","slug":"varga-mihaly-a-magyar-gazdasagban-szemleletvaltasra-van-szukseg","status":"publish","type":"post","link":"https:\/\/gazdasagportal.hu\/index.php\/varga-mihaly-a-magyar-gazdasagban-szemleletvaltasra-van-szukseg\/","title":{"rendered":"Varga Mih\u00e1ly: a magyar gazdas\u00e1gban szeml\u00e9letv\u00e1lt\u00e1sra van sz\u00fcks\u00e9g"},"content":{"rendered":"<p><strong>A magyar gazdas\u00e1gban szeml\u00e9letv\u00e1lt\u00e1sra van sz\u00fcks\u00e9g, a t\u00e1mogat\u00e1soknak a j\u00f6v\u0151ben a hozz\u00e1adott \u00e9rt\u00e9kl\u00e1ncot kell jav\u00edtaniuk &#8211; hangs\u00falyozta Varga Mih\u00e1ly nemzetgazdas\u00e1gi miniszter p\u00e9nteken a SAP Hungary Kft. szoftverfejleszt\u0151 c\u00e9g 4 milli\u00e1rd forintos beruh\u00e1z\u00e1s\u00e1t bemutat\u00f3 rendezv\u00e9nyen Budapesten.<\/strong><!--more--><\/p>\n<div class=\"ads-in-post1\"><div id=\"gazdasagportal.hu_fullbanner_wideboard\"><\/div>\r\n<\/div>\n<p>    Kifejtette: a paradigmav\u00e1lt\u00e1s r\u00e9szek\u00e9nt a k\u00e9pz\u00e9si rendszert a gazdas\u00e1g ig\u00e9nyeihez igaz\u00edtj\u00e1k, a munkav\u00e1llal\u00f3k megtart\u00e1s\u00e1hoz pedig b\u00e9rfelz\u00e1rk\u00f3ztat\u00e1s mellett sz\u00fcks\u00e9g van vonz\u00f3 karrierp\u00e1ly\u00e1ra is, hogy a fiatal szakemberek a magyar gazdas\u00e1gban tal\u00e1lj\u00e1k meg sz\u00e1m\u00edt\u00e1saikat.<br \/>\n    Varga Mih\u00e1ly r\u00e1mutatott: a magyar b\u00e9rsz\u00ednvonalat k\u00f6zel\u00edteni kell a nyugat-eur\u00f3paihoz, ezt seg\u00edti, hogy az id\u00e9n az els\u0151 f\u00e9l \u00e9vben 7 sz\u00e1zal\u00e9kkal emelkedett a magyar re\u00e1lkereset.<br \/>\n    Jelezte: a szakt\u00e1rca hamarosan javaslatot tesz a korm\u00e1nynak a k\u00f6zterhek cs\u00f6kkent\u00e9s\u00e9re, amely \u00fagy teszi lehet\u0151v\u00e9 a b\u00e9rfelz\u00e1rk\u00f3ztat\u00e1st, hogy ez nem rontja a magyar gazdas\u00e1g hat\u00e9konys\u00e1g\u00e1t \u00e9s versenyk\u00e9pess\u00e9g\u00e9t.<br \/>\n    A nemzetgazdas\u00e1gi miniszter hangs\u00falyozta: a t\u00e1mogat\u00e1st ny\u00fajt\u00f3 p\u00e1ly\u00e1zatokn\u00e1l a j\u00f6v\u0151ben els\u0151dleges szempont lesz a kapacit\u00e1sb\u0151v\u00edt\u00e9s, a technol\u00f3giav\u00e1lt\u00e1s, a hozz\u00e1adott \u00e9rt\u00e9kn\u00f6vel\u00e9s, m\u00edg a munkahelyteremt\u00e9s m\u00e1sodlagos szempont.<br \/>\n    Varga Mih\u00e1ly elmondta: a paradigmav\u00e1lt\u00e1s seg\u00edti a gazdas\u00e1g fejleszt\u00e9s\u00e9nek lehets\u00e9ges ir\u00e1nyait kijel\u00f6l\u0151 Irinyi tervet, illetve az elektromobilit\u00e1s elterjed\u00e9s\u00e9t \u00f6szt\u00f6nz\u0151 Jedlik \u00c1nyos tervet.<br \/>\n    Ablonczy Bal\u00e1zs, a SAP Hungary Kft. \u00fcgyvezet\u0151je kiemelte: a nemzetk\u00f6zi szoftver c\u00e9g j\u00f3 befektet\u00e9si ter\u00fcletnek tartja Magyarorsz\u00e1got, az \u00e9v elej\u00e9n ind\u00edtott 4 milli\u00e1rd forintos \u00faj beruh\u00e1z\u00e1suk er\u0151s\u00edti az SAP 3 milli\u00e1rd forintos kor\u00e1bbi befektet\u00e9s\u00e9t, a glob\u00e1lis felh\u0151informatikai t\u00e1mogat\u00f3 k\u00f6zpont l\u00e9trehoz\u00e1s\u00e1t Budapesten.<br \/>\n    Az SAP Hungary Kft. az elm\u00falt h\u00e1rom \u00e9vben megdupl\u00e1zta magyarorsz\u00e1gi alkalmazottainak sz\u00e1m\u00e1t, \u00e9s t\u00f6bb mint 900 magasan k\u00e9pzett munkav\u00e1llal\u00f3t foglalkoztat. A Graphisoft Parkban megl\u00e9v\u0151 8800 n\u00e9gyzetm\u00e9ter iroda mell\u00e9 \u00e9p\u00fcl\u0151 5500 n\u00e9gyzetm\u00e9teres \u00faj irodah\u00e1z 2017 elej\u00e9re k\u00e9sz\u00fcl el, \u00e9s a 4 milli\u00e1rd forintos beruh\u00e1z\u00e1ssal 250 \u00faj munkahely j\u00f6n l\u00e9tre, amelynek egy r\u00e9sz\u00e9t m\u00e1r bet\u00f6lt\u00f6tt\u00e9k &#8211; mondta Ablonczy Bal\u00e1zs.(MTI)<\/p>\n","protected":false},"excerpt":{"rendered":"<p>A magyar gazdas\u00e1gban szeml\u00e9letv\u00e1lt\u00e1sra van sz\u00fcks\u00e9g, a t\u00e1mogat\u00e1soknak a j\u00f6v\u0151ben a hozz\u00e1adott \u00e9rt\u00e9kl\u00e1ncot kell jav\u00edtaniuk &#8211; hangs\u00falyozta Varga Mih\u00e1ly nemzetgazdas\u00e1gi miniszter p\u00e9nteken a SAP Hungary Kft. szoftverfejleszt\u0151 c\u00e9g 4 milli\u00e1rd forintos beruh\u00e1z\u00e1s\u00e1t bemutat\u00f3 rendezv\u00e9nyen Budapesten.<\/p>\n","protected":false},"author":1,"featured_media":0,"comment_status":"open","ping_status":"closed","sticky":false,"template":"","format":"standard","meta":[],"categories":[19],"tags":[],"_links":{"self":[{"href":"https:\/\/gazdasagportal.hu\/index.php\/wp-json\/wp\/v2\/posts\/85658"}],"collection":[{"href":"https:\/\/gazdasagportal.hu\/index.php\/wp-json\/wp\/v2\/posts"}],"about":[{"href":"https:\/\/gazdasagportal.hu\/index.php\/wp-json\/wp\/v2\/types\/post"}],"author":[{"embeddable":true,"href":"https:\/\/gazdasagportal.hu\/index.php\/wp-json\/wp\/v2\/users\/1"}],"replies":[{"embeddable":true,"href":"https:\/\/gazdasagportal.hu\/index.php\/wp-json\/wp\/v2\/comments?post=85658"}],"version-history":[{"count":1,"href":"https:\/\/gazdasagportal.hu\/index.php\/wp-json\/wp\/v2\/posts\/85658\/revisions"}],"predecessor-version":[{"id":85659,"href":"https:\/\/gazdasagportal.hu\/index.php\/wp-json\/wp\/v2\/posts\/85658\/revisions\/85659"}],"wp:attachment":[{"href":"https:\/\/gazdasagportal.hu\/index.php\/wp-json\/wp\/v2\/media?parent=85658"}],"wp:term":[{"taxonomy":"category","embeddable":true,"href":"https:\/\/gazdasagportal.hu\/index.php\/wp-json\/wp\/v2\/categories?post=85658"},{"taxonomy":"post_tag","embeddable":true,"href":"https:\/\/gazdasagportal.hu\/index.php\/wp-json\/wp\/v2\/tags?post=85658"}],"curies":[{"name":"wp","href":"https:\/\/api.w.org\/{rel}","templated":true}]}}