{"id":85656,"date":"2016-10-14T12:28:27","date_gmt":"2016-10-14T10:28:27","guid":{"rendered":"http:\/\/gazdasagportal.hu\/?p=85656"},"modified":"2016-10-14T12:28:27","modified_gmt":"2016-10-14T10:28:27","slug":"augusztusban-nott-az-euroovezet-kulkereskedelmi-tobblete","status":"publish","type":"post","link":"https:\/\/gazdasagportal.hu\/index.php\/augusztusban-nott-az-euroovezet-kulkereskedelmi-tobblete\/","title":{"rendered":"Augusztusban n\u0151tt az eur\u00f3\u00f6vezet k\u00fclkereskedelmi t\u00f6bblete"},"content":{"rendered":"<p><a href=\"https:\/\/gazdasagportal.hu\/wp-content\/uploads\/2013\/02\/euro.jpg\"><img decoding=\"async\" loading=\"lazy\" src=\"https:\/\/gazdasagportal.hu\/wp-content\/uploads\/2013\/02\/euro.jpg\" alt=\"euro\" width=\"480\" height=\"300\" class=\"aligncenter size-full wp-image-2068\" srcset=\"https:\/\/gazdasagportal.hu\/wp-content\/uploads\/2013\/02\/euro.jpg 480w, https:\/\/gazdasagportal.hu\/wp-content\/uploads\/2013\/02\/euro-300x187.jpg 300w\" sizes=\"(max-width: 480px) 100vw, 480px\" \/><\/a><br \/>\n<strong>Augusztusban az egy \u00e9vvel kor\u00e1bbihoz k\u00e9pest az eur\u00f3\u00f6vezetnek a t\u00f6bblete, az Eur\u00f3pai Uni\u00f3nak pedig a hi\u00e1nya n\u00f6vekedett a vil\u00e1g t\u00f6bbi r\u00e9sz\u00e9vel folytatott \u00e1ruforgalomban &#8211; der\u00fcl ki az Eur\u00f3pai Uni\u00f3 statisztikai hivatala, az Eurostat p\u00e9nteken k\u00f6zz\u00e9tett kimutat\u00e1s\u00e1b\u00f3l.<\/strong><!--more--><\/p>\n<div class=\"ads-in-post1\"><div id=\"gazdasagportal.hu_fullbanner_wideboard\"><\/div>\r\n<\/div>\n<p>    Az Eurostat els\u0151 becsl\u00e9se szerint augusztusban az eur\u00f3\u00f6vezet 19 tag\u00e1llam\u00e1nak \u00e1ruexportja az egy \u00e9vvel kor\u00e1bbihoz k\u00e9pest 8 sz\u00e1zal\u00e9kkal 160,3 milli\u00e1rd eur\u00f3ra emelkedett, az import pedig 4 sz\u00e1zal\u00e9kkal 141,9 milli\u00e1rd eur\u00f3ra.<br \/>\n    Az eur\u00f3\u00f6vezetnek a vil\u00e1g t\u00f6bbi r\u00e9sz\u00e9vel folytatott \u00e1ruforgalm\u00e1nak a m\u00e9rlege 18,4 milli\u00e1rd eur\u00f3 t\u00f6bbletet mutatott az id\u00e9n augusztusban a 2015 augusztusi 11,2 milli\u00e1rd eur\u00f3 t\u00f6bblet ut\u00e1n.<br \/>\n    Az eur\u00f3\u00f6vezeti orsz\u00e1gok k\u00f6z\u00f6tti kereskedelmi forgalom 121,6 milli\u00e1rd eur\u00f3 volt az id\u00e9n augusztusban, 6 sz\u00e1zal\u00e9kkal magasabb a tavalyin\u00e1l.<br \/>\n    A janu\u00e1r-augusztusi peri\u00f3dusban az eur\u00f3\u00f6vezet exportja az el\u0151z\u0151 \u00e9vihez k\u00e9pest egy sz\u00e1zal\u00e9kkal 1335,3 milli\u00e1rd eur\u00f3ra, az import pedig h\u00e1rom sz\u00e1zal\u00e9kkal 1156,6 milli\u00e1rd eur\u00f3ra cs\u00f6kkent. Az eur\u00f3\u00f6vezeti orsz\u00e1gok k\u00f6z\u00f6tti kereskedelmi forgalom az el\u0151z\u0151 \u00e9vivel k\u00f6zel megegyez\u0151 1117,4 milli\u00e1rd eur\u00f3 volt.<br \/>\n    Az Eur\u00f3pai Uni\u00f3 28 tag\u00e1llama augusztusban 136,5 milli\u00e1rd eur\u00f3 \u00e9rt\u00e9kben export\u00e1lt javakat a vil\u00e1g t\u00f6bbi r\u00e9sz\u00e9be, 3 sz\u00e1zal\u00e9kkal nagyobb \u00e9rt\u00e9kben az egy \u00e9vvel kor\u00e1bbin\u00e1l. Az import augusztusban \u00e9ves b\u00e1zison 8 sz\u00e1zal\u00e9kkal 143,9 milli\u00e1rd eur\u00f3ra emelkedett.<br \/>\n    Az Eur\u00f3pai Uni\u00f3 augusztusi k\u00fclkereskedelmi m\u00e9rlege 7,4 milli\u00e1rd eur\u00f3 deficitet mutatott az egy \u00e9vvel kor\u00e1bbi 1,7 milli\u00e1rd eur\u00f3 deficit ut\u00e1n. Az EU 28 tag\u00e1llama k\u00f6z\u00f6tti \u00e1rukereskedelmi forgalom augusztusban 228,5 milli\u00e1rd eur\u00f3 volt, hat sz\u00e1zal\u00e9kkal magasabb a 2015 augusztusin\u00e1l.<br \/>\n    A janu\u00e1r-augusztusi peri\u00f3dusban 1130,2 milli\u00e1rd eur\u00f3 \u00e1ruexportot bonyol\u00edtott az Eur\u00f3pai Uni\u00f3 a k\u00fclvil\u00e1ggal, 4 sz\u00e1zal\u00e9kkal kisebb \u00e9rt\u00e9kben az egy \u00e9vvel kor\u00e1bbin\u00e1l. Az import pedig 3 sz\u00e1zal\u00e9kkal 1117,3 milli\u00e1rd eur\u00f3ra cs\u00f6kkent. Az EU \u00edgy 12,9 milli\u00e1rd eur\u00f3 kereskedelmi m\u00e9rlegt\u00f6bbletre tett szert az \u00e9v els\u0151 nyolc h\u00f3napj\u00e1ban, kisebbre az egy \u00e9vvel kor\u00e1bbi 29,1 milli\u00e1rd eur\u00f3s t\u00f6bbletn\u00e9l. Az Eur\u00f3pai Uni\u00f3 28 tag\u00e1llama janu\u00e1r-augusztusban 2035,1 milli\u00e1rd eur\u00f3 \u00e1rukereskedelmi forgalmat bonyol\u00edtott egym\u00e1ssal, egy sz\u00e1zal\u00e9kkal t\u00f6bbet az el\u0151z\u0151 \u00e9vin\u00e9l.<br \/>\n    Az Eur\u00f3pai Uni\u00f3 Egyes\u00fclt \u00c1llamokkal folytatott \u00e1rukereskedelm\u00e9nek m\u00e9rlegt\u00f6bblete az id\u00e9n janu\u00e1r-augusztusban 74,2 milli\u00e1rd eur\u00f3 volt, kevesebb az egy \u00e9vvel kor\u00e1bbi 80,2 milli\u00e1rd eur\u00f3n\u00e1l. Az export 3 sz\u00e1zal\u00e9kkal 238,3 milli\u00e1rd eur\u00f3ra, az import 1 sz\u00e1zal\u00e9kkal 164,1 milli\u00e1rd eur\u00f3ra cs\u00f6kkent.<br \/>\n    K\u00edn\u00e1val szemben janu\u00e1r-augusztusban 113,2 milli\u00e1rd eur\u00f3 hi\u00e1ny alakult ki az \u00e1rukereskedelmi forgalomban, kisebb az egy \u00e9vvel kor\u00e1bbi 114,4 milli\u00e1rd eur\u00f3 hi\u00e1nyn\u00e1l. Az uni\u00f3s kivitel 3 sz\u00e1zal\u00e9kkal 109,0 milli\u00e1rd eur\u00f3ra, az export 2 sz\u00e1zal\u00e9kkal 222,2 milli\u00e1rd eur\u00f3ra cs\u00f6kkent.<br \/>\n    Oroszorsz\u00e1ggal az \u00e9v els\u0151 nyolc h\u00f3napj\u00e1ban 29,1 milli\u00e1rd hi\u00e1ny alakult ki a k\u00fclkereskedelmi forgalomban a 2015 megfelel\u0151 id\u0151szak\u00e1ban l\u00e9trej\u00f6tt 46,8 milli\u00e1rd eur\u00f3 hi\u00e1nnyal szemben. Az EU az id\u00e9n 46,0 milli\u00e1rd eur\u00f3 \u00e9rt\u00e9kben export\u00e1lt \u00e9s 75,1 milli\u00e1rd eur\u00f3 \u00e9rt\u00e9kben import\u00e1lt javakat oroszorsz\u00e1gi viszonylatban. Az export 5 sz\u00e1zal\u00e9kkal,  az import 21 sz\u00e1zal\u00e9kkal cs\u00f6kkent az el\u0151z\u0151 \u00e9vihez k\u00e9pest.<br \/>\n    Az Eurostat adatai szerint Magyarorsz\u00e1g janu\u00e1r-augusztusban 60,1 milli\u00e1rd eur\u00f3 \u00e9rt\u00e9kben export\u00e1lt \u00e9s 55,1 milli\u00e1rd eur\u00f3 \u00e9rt\u00e9kben import\u00e1lt javakat. Az export h\u00e1rom sz\u00e1zal\u00e9kkal, az import k\u00e9t sz\u00e1zal\u00e9kkal n\u00f6vekedett a jelzett id\u0151szakban az egy \u00e9vvel kor\u00e1bbihoz k\u00e9pest.<br \/>\n    Az \u00e1rucikkek k\u00fclkereskedelmi m\u00e9rlege \u00edgy 4,9 milli\u00e1rd eur\u00f3 t\u00f6bbletet mutatott az egy \u00e9vvel kor\u00e1bbi 3,8 milli\u00e1rd eur\u00f3 t\u00f6bblet ut\u00e1n. Az EU-tagorsz\u00e1gokkal folytatott \u00e1rukereskedelem t\u00f6bblete az \u00e9v els\u0151 nyolc h\u00f3napj\u00e1ban 6,3 milli\u00e1rd eur\u00f3ra emelkedett az egy \u00e9vvel kor\u00e1bbi 5,5 milli\u00e1rd eur\u00f3r\u00f3l, m\u00edg a vil\u00e1g t\u00f6bbi r\u00e9sz\u00e9vel folytatott k\u00fclkereskedelm\u00e9ben Magyarorsz\u00e1g 1,4 milli\u00e1rd eur\u00f3 deficitet \u00e9rt el az id\u00e9n \u00e9s 1,7 milli\u00e1rd eur\u00f3 deficitet 2015 els\u0151 nyolc h\u00f3napj\u00e1ban.(MTI)<\/p>\n","protected":false},"excerpt":{"rendered":"<p>Augusztusban az egy \u00e9vvel kor\u00e1bbihoz k\u00e9pest az eur\u00f3\u00f6vezetnek a t\u00f6bblete, az Eur\u00f3pai Uni\u00f3nak pedig a hi\u00e1nya n\u00f6vekedett a vil\u00e1g t\u00f6bbi r\u00e9sz\u00e9vel folytatott \u00e1ruforgalomban &#8211; der\u00fcl ki az Eur\u00f3pai Uni\u00f3 statisztikai hivatala, az Eurostat p\u00e9nteken k\u00f6zz\u00e9tett kimutat\u00e1s\u00e1b\u00f3l.<\/p>\n","protected":false},"author":1,"featured_media":0,"comment_status":"open","ping_status":"closed","sticky":false,"template":"","format":"standard","meta":[],"categories":[246],"tags":[],"_links":{"self":[{"href":"https:\/\/gazdasagportal.hu\/index.php\/wp-json\/wp\/v2\/posts\/85656"}],"collection":[{"href":"https:\/\/gazdasagportal.hu\/index.php\/wp-json\/wp\/v2\/posts"}],"about":[{"href":"https:\/\/gazdasagportal.hu\/index.php\/wp-json\/wp\/v2\/types\/post"}],"author":[{"embeddable":true,"href":"https:\/\/gazdasagportal.hu\/index.php\/wp-json\/wp\/v2\/users\/1"}],"replies":[{"embeddable":true,"href":"https:\/\/gazdasagportal.hu\/index.php\/wp-json\/wp\/v2\/comments?post=85656"}],"version-history":[{"count":1,"href":"https:\/\/gazdasagportal.hu\/index.php\/wp-json\/wp\/v2\/posts\/85656\/revisions"}],"predecessor-version":[{"id":85657,"href":"https:\/\/gazdasagportal.hu\/index.php\/wp-json\/wp\/v2\/posts\/85656\/revisions\/85657"}],"wp:attachment":[{"href":"https:\/\/gazdasagportal.hu\/index.php\/wp-json\/wp\/v2\/media?parent=85656"}],"wp:term":[{"taxonomy":"category","embeddable":true,"href":"https:\/\/gazdasagportal.hu\/index.php\/wp-json\/wp\/v2\/categories?post=85656"},{"taxonomy":"post_tag","embeddable":true,"href":"https:\/\/gazdasagportal.hu\/index.php\/wp-json\/wp\/v2\/tags?post=85656"}],"curies":[{"name":"wp","href":"https:\/\/api.w.org\/{rel}","templated":true}]}}