{"id":85654,"date":"2016-10-14T12:26:11","date_gmt":"2016-10-14T10:26:11","guid":{"rendered":"http:\/\/gazdasagportal.hu\/?p=85654"},"modified":"2016-10-14T12:26:11","modified_gmt":"2016-10-14T10:26:11","slug":"egyre-tobbe-kerul-a-nemeteknek-az-energiaipari-fordulat","status":"publish","type":"post","link":"https:\/\/gazdasagportal.hu\/index.php\/egyre-tobbe-kerul-a-nemeteknek-az-energiaipari-fordulat\/","title":{"rendered":"Egyre t\u00f6bbe ker\u00fcl a n\u00e9meteknek az energiaipari fordulat"},"content":{"rendered":"<p><strong>J\u00f6v\u0151re emelkedik az \u00f6ko\u00e1ram-termel\u00e9si kapacit\u00e1s n\u00f6vel\u00e9s\u00e9nek  finansz\u00edroz\u00e1s\u00e1ra kivetett \u00e1ram-p\u00f3td\u00edj N\u00e9metorsz\u00e1gban. <\/strong><!--more--><\/p>\n<div class=\"ads-in-post1\"><div id=\"gazdasagportal.hu_fullbanner_wideboard\"><\/div>\r\n<\/div>\n<p>    Az 50Hertz Transmission GmbH, Amprion, Tennez \u00e9s TransnetBW \u00e1rameloszt\u00f3 h\u00e1l\u00f3zatok p\u00e9nteki k\u00f6zlem\u00e9nye szerint az elektromos \u00e1ram fogyaszt\u00f3i \u00e1r\u00e1t n\u00f6vel\u0151 p\u00f3td\u00edj (EEG-Umlage) 2017 janu\u00e1rj\u00e1t\u00f3l kilowatt\u00f3r\u00e1nk\u00e9nt 6,35 centr\u0151l 6,88 centre emelkedik.<br \/>\n    A n\u00e9met iparsz\u00f6vets\u00e9g, a BDI (Bundesverband der Deutschen Industrie e.V.) eln\u00f6ke Ulrich Grillo aggaszt\u00f3 jelnek tekinti az \u00f6ko\u00e1ram-termel\u00e9s k\u00f6lts\u00e9geinek a n\u00f6veked\u00e9s\u00e9t. &#8222;A p\u00f3td\u00edj n\u00f6veked\u00e9se n\u00e9gyszerese a gazdas\u00e1g\u00e9nak. A t\u00e1mogat\u00e1si rendszer kezd kics\u00faszni az ellen\u0151rz\u00e9s al\u00f3l&#8221; &#8211; figyelmeztetett, hozz\u00e1t\u00e9ve, hogy a gazdas\u00e1gi miniszt\u00e9riumnak a k\u00f6lts\u00e9gn\u00f6veked\u00e9s korl\u00e1toz\u00e1s\u00e1ra tett \u00edg\u00e9rete a jelek szerint csak v\u00e1gynak bizonyult. &#8222;Az energia\u00e1rak m\u00e1r komoly telephely-h\u00e1tr\u00e1nyt kezdenek jelenteni a n\u00e9met iparnak&#8221; &#8211; mutatott r\u00e1.(MTI)<\/p>\n","protected":false},"excerpt":{"rendered":"<p>J\u00f6v\u0151re emelkedik az \u00f6ko\u00e1ram-termel\u00e9si kapacit\u00e1s n\u00f6vel\u00e9s\u00e9nek finansz\u00edroz\u00e1s\u00e1ra kivetett \u00e1ram-p\u00f3td\u00edj N\u00e9metorsz\u00e1gban.<\/p>\n","protected":false},"author":1,"featured_media":0,"comment_status":"open","ping_status":"closed","sticky":false,"template":"","format":"standard","meta":[],"categories":[246],"tags":[],"_links":{"self":[{"href":"https:\/\/gazdasagportal.hu\/index.php\/wp-json\/wp\/v2\/posts\/85654"}],"collection":[{"href":"https:\/\/gazdasagportal.hu\/index.php\/wp-json\/wp\/v2\/posts"}],"about":[{"href":"https:\/\/gazdasagportal.hu\/index.php\/wp-json\/wp\/v2\/types\/post"}],"author":[{"embeddable":true,"href":"https:\/\/gazdasagportal.hu\/index.php\/wp-json\/wp\/v2\/users\/1"}],"replies":[{"embeddable":true,"href":"https:\/\/gazdasagportal.hu\/index.php\/wp-json\/wp\/v2\/comments?post=85654"}],"version-history":[{"count":1,"href":"https:\/\/gazdasagportal.hu\/index.php\/wp-json\/wp\/v2\/posts\/85654\/revisions"}],"predecessor-version":[{"id":85655,"href":"https:\/\/gazdasagportal.hu\/index.php\/wp-json\/wp\/v2\/posts\/85654\/revisions\/85655"}],"wp:attachment":[{"href":"https:\/\/gazdasagportal.hu\/index.php\/wp-json\/wp\/v2\/media?parent=85654"}],"wp:term":[{"taxonomy":"category","embeddable":true,"href":"https:\/\/gazdasagportal.hu\/index.php\/wp-json\/wp\/v2\/categories?post=85654"},{"taxonomy":"post_tag","embeddable":true,"href":"https:\/\/gazdasagportal.hu\/index.php\/wp-json\/wp\/v2\/tags?post=85654"}],"curies":[{"name":"wp","href":"https:\/\/api.w.org\/{rel}","templated":true}]}}