{"id":8562,"date":"2013-05-18T07:24:12","date_gmt":"2013-05-18T05:24:12","guid":{"rendered":"http:\/\/stockportal.hu\/?p=8562"},"modified":"2013-05-18T07:25:25","modified_gmt":"2013-05-18T05:25:25","slug":"megvonta-az-elsorendu-a-osztalyzatot-szloveniatol-a-fitch","status":"publish","type":"post","link":"https:\/\/gazdasagportal.hu\/index.php\/megvonta-az-elsorendu-a-osztalyzatot-szloveniatol-a-fitch\/","title":{"rendered":"Megvonta az els\u0151rend\u0171 &#8222;A&#8221; oszt\u00e1lyzatot Szlov\u00e9ni\u00e1t\u00f3l a Fitch"},"content":{"rendered":"<p><strong>Megvonta az els\u0151rend\u0171 &#8222;A&#8221; kateg\u00f3ri\u00e1s ad\u00f3soszt\u00e1lyzatot Szlov\u00e9ni\u00e1t\u00f3l p\u00e9nteken a Fitch Ratings, a roml\u00f3 makrogazdas\u00e1gi \u00e9s k\u00f6lts\u00e9gvet\u00e9si kil\u00e1t\u00e1sokkal indokolva a d\u00f6nt\u00e9st. A c\u00e9g az idei \u00e9s a j\u00f6v\u0151 \u00e9vre is recesszi\u00f3t j\u00f3sol a szlov\u00e9n gazdas\u00e1gban.<!--more--><\/strong><\/p>\n<p>A nemzetk\u00f6zi hitelmin\u0151s\u00edt\u0151 p\u00e9ntek este Londonban bejelentette, hogy az eddigi &#8222;A m\u00ednusz&#8221;-r\u00f3l egy fokozattal &#8222;BBB plusz&#8221;-ra rontotta Szlov\u00e9nia hossz\u00fa futamidej\u0171 hazai \u00e9s k\u00fcls\u0151 \u00e1llamad\u00f3ss\u00e1g\u00e1nak besorol\u00e1s\u00e1t.<br \/>\nA &#8222;BBB&#8221; kateg\u00f3ria is m\u00e9g befektet\u00e9si aj\u00e1nl\u00e1s\u00fa oszt\u00e1lyzati s\u00e1v, de az els\u0151rend\u0171 &#8222;A&#8221; besorol\u00e1si szintn\u00e9l sz\u00e1mottev\u0151en nagyobb ad\u00f3skock\u00e1zatokra h\u00edvja fel a befektet\u0151k figyelm\u00e9t.<br \/>\nA Fitch Ratings a rontott szlov\u00e9n oszt\u00e1lyzatra is tov\u00e1bbi lemin\u0151s\u00edt\u00e9s lehet\u0151s\u00e9g\u00e9re utal\u00f3 negat\u00edv kil\u00e1t\u00e1st hagyott \u00e9rv\u00e9nyben.<br \/>\n\u00c1prilis v\u00e9g\u00e9n egy m\u00e1sik nagy nemzetk\u00f6zi hitelmin\u0151s\u00edt\u0151, a Moody&#8217;s Investors Service a befektet\u00e9si aj\u00e1nl\u00e1s\u00fa oszt\u00e1lyzatot is megvonta Szlov\u00e9ni\u00e1t\u00f3l, az addigi &#8222;Baa2&#8221;-r\u0151l k\u00e9t fokozattal &#8211; a k\u00f6ztes &#8222;Baa3&#8221; kihagy\u00e1s\u00e1val &#8211; &#8222;Ba1&#8221; szintre rontva a szlov\u00e9n \u00e1llamk\u00f6tv\u00e9ny-k\u00f6telezetts\u00e9gek besorol\u00e1s\u00e1t. A Moody&#8217;s arra a v\u00e9lem\u00e9ny\u00e9re hivatkozva min\u0151s\u00edtette le Szlov\u00e9ni\u00e1t, hogy mark\u00e1nsan romlik a szlov\u00e9n korm\u00e1ny p\u00e9nz\u00fcgyi helyzete, amelyet v\u00e1rhat\u00f3an a bankrendszer k\u00e9nyszer\u0171 kiseg\u00edt\u00e9se is tov\u00e1bb terhel majd, \u00e9s n\u00f6vekszik a val\u00f3sz\u00edn\u0171s\u00e9ge annak, hogy az orsz\u00e1g v\u00e9g\u00fcl k\u00fcls\u0151 p\u00e9nz\u00fcgyi seg\u00edts\u00e9gre szorul.<br \/>\nA Moody&#8217;s &#8222;Ba1&#8221; szint\u0171 jelenlegi oszt\u00e1lyzat\u00e1n\u00e1l a Fitch rontott szlov\u00e9n besorol\u00e1sa is m\u00e9g h\u00e1rom fokozattal jobb.<br \/>\nA Fitch Ratings a p\u00e9nteki lemin\u0151s\u00edt\u00e9shez f\u0171z\u00f6tt indokl\u00e1s\u00e1ban kiemelte azt a v\u00e9lem\u00e9ny\u00e9t, hogy Szlov\u00e9nia makrogazdas\u00e1gi \u00e9s k\u00f6lts\u00e9gvet\u00e9si kil\u00e1t\u00e1sai jelent\u0151sen romlottak a c\u00e9g legut\u00f3bbi, tavaly augusztusban elv\u00e9gzett szuver\u00e9n oszt\u00e1lyzati fel\u00fclvizsg\u00e1lata \u00f3ta.<br \/>\nA Fitch londoni elemz\u0151i k\u00f6z\u00f6lt\u00e9k, hogy az idei \u00e9vre \u00e9s 2014 eg\u00e9sz\u00e9re is recesszi\u00f3t v\u00e1rnak a szlov\u00e9n gazdas\u00e1gban. A h\u00e1z jelenlegi progn\u00f3zisa szerint a szlov\u00e9n hazai \u00f6sszterm\u00e9k (GDP) 2013-ban 2 sz\u00e1zal\u00e9kkal, j\u00f6v\u0151re 0,3 sz\u00e1zal\u00e9kkal esik vissza re\u00e1l\u00e9rt\u00e9ken.<br \/>\nA hitelmin\u0151s\u00edt\u0151 el\u0151rejelz\u00e9se szerint ebben a k\u00f6rnyezetben &#8211; a hivatalos c\u00e9lkit\u0171z\u00e9ssel ellent\u00e9tben &#8211; nem cs\u00f6kken, hanem n\u00f6vekszik az id\u00e9n a GDP-ar\u00e1nyos szlov\u00e9n \u00e1llamh\u00e1ztart\u00e1si hi\u00e1ny. A Fitch azzal sz\u00e1mol, hogy a deficit az id\u00e9n a hazai \u00f6sszterm\u00e9k 5 sz\u00e1zal\u00e9k\u00e1ra emelkedik a tavaly m\u00e9rt 4 sz\u00e1zal\u00e9kr\u00f3l, j\u00f3llehet a 2012 v\u00e9g\u00e9n elfogadott k\u00f6lts\u00e9gvet\u00e9si t\u00f6rv\u00e9nyben 2,8 sz\u00e1zal\u00e9kos deficitc\u00e9l szerepel az idei \u00e9vre.<br \/>\nA Fitch Ratings p\u00e9nteki progn\u00f3zisa szerint a v\u00e1rtn\u00e1l magasabb \u00e1llamh\u00e1ztart\u00e1si hi\u00e1ny, a gyenge makrogazdas\u00e1gi kil\u00e1t\u00e1sok \u00e9s a bankrendszer felt\u0151k\u00e9s\u00edt\u00e9s\u00e9nek k\u00f6lts\u00e9gei miatt a brutt\u00f3 \u00e1llamad\u00f3ss\u00e1g is nagyobb lesz a c\u00e9g \u00e1ltal kor\u00e1bban v\u00e1rtn\u00e1l, \u00e9s 2013-2014-ben val\u00f3sz\u00edn\u0171leg el\u00e9ri a GDP-\u00e9rt\u00e9k 72 sz\u00e1zal\u00e9k\u00e1t.<br \/>\nA Fitch kiemeli p\u00e9nteki elemz\u00e9s\u00e9ben, hogy Szlov\u00e9nia brutt\u00f3 \u00e1llamad\u00f3ss\u00e1g-r\u00e1t\u00e1ja 2008-ban mind\u00f6ssze 22 sz\u00e1zal\u00e9k volt. A hitelmin\u0151s\u00edt\u0151 a szlov\u00e9n ad\u00f3sbesorol\u00e1s tavaly augusztusi fel\u00fclvizsg\u00e1lat\u00e1nak idej\u00e9n m\u00e9g 63 sz\u00e1zal\u00e9kos \u00e1llamad\u00f3ss\u00e1g-r\u00e1t\u00e1val sz\u00e1molt 2014-re.<br \/>\nA c\u00e9g alapeseti becsl\u00e9se az, hogy a szlov\u00e9n bankszektornak 2,8 milli\u00e1rd eur\u00f3 tov\u00e1bbi t\u0151keinjekci\u00f3ra lesz sz\u00fcks\u00e9ge; ez a GDP-\u00e9rt\u00e9k 8 sz\u00e1zal\u00e9k\u00e1val egyenl\u0151. A Fitch v\u00e1rakoz\u00e1sa szerint a k\u00f6lts\u00e9gvet\u00e9sb\u0151l csak a h\u00e1rom legnagyobb &#8211; j\u00f3r\u00e9szt \u00e1llami tulajdon\u00fa &#8211; szlov\u00e9n banknak 2 milli\u00e1rd eur\u00f3 t\u0151kep\u00f3tl\u00e1st kell juttatni. A hitelmin\u0151s\u00edt\u0151 kiemeli p\u00e9nteki londoni elemz\u00e9s\u00e9ben, hogy ez az \u00f6sszeg t\u00f6bb mint a k\u00e9tszerese a legut\u00f3bbi hivatalos becsl\u00e9snek.<br \/>\nSzlov\u00e9nia kil\u00e1t\u00e1sair\u00f3l m\u00e1s nagy londoni h\u00e1zak is komor \u00e9rt\u00e9kel\u00e9seket adtak.<br \/>\nAz egyik legnagyobb citybeli p\u00e9nz\u00fcgyi-gazdas\u00e1gi elemz\u0151h\u00e1z, a Capital Economics k\u00f6zgazd\u00e1szainak legut\u00f3bbi el\u0151rejelz\u00e9se szerint a legnagyobb val\u00f3sz\u00edn\u0171s\u00e9ggel Szlov\u00e9nia lesz a k\u00f6vetkez\u0151 olyan eur\u00f3gazdas\u00e1g, amelyik k\u00fcls\u0151 p\u00e9nz\u00fcgyi seg\u00edts\u00e9gre szorul.<br \/>\nA Commerzbank &#8211; az egyik legnagyobb eur\u00f3pai p\u00e9nz\u00fcgyi szolg\u00e1ltat\u00f3 csoport &#8211; befektet\u0151knek \u00f6ssze\u00e1ll\u00edtott, nemr\u00e9giben Londonban ismertetett helyzet\u00e9rt\u00e9kel\u00e9se szerint Szlov\u00e9nia most m\u00e1r ugyanolyan probl\u00e9m\u00e1kkal k\u00fcszk\u00f6dik, mint az eur\u00f3\u00f6vezeti perif\u00e9ria orsz\u00e1gai: gazdas\u00e1ga \u00e9s bankjai az ingatlanpiaci \u00e1rbubor\u00e9k kipukkad\u00e1s\u00e1nak k\u00f6vetkezm\u00e9nyeit\u0151l szenvednek, romlik a szlov\u00e9n gazdas\u00e1g versenyk\u00e9pess\u00e9ge, az \u00e1llamh\u00e1ztart\u00e1s pedig &#8222;kics\u00faszott az ellen\u0151rz\u00e9s al\u00f3l&#8221;.<br \/>\nA Commerzbank elemz\u0151i k\u00f6z\u00f6lt\u00e9k: k\u00e9tlik, hogy Szlov\u00e9nia k\u00e9pes lesz egyed\u00fcl gy\u00f3gy\u00edrt tal\u00e1lni probl\u00e9m\u00e1ira, \u00e9s azt val\u00f3sz\u00edn\u0171s\u00edtik, hogy az orsz\u00e1g az idei m\u00e1sodik f\u00e9l\u00e9vben k\u00fcls\u0151 p\u00e9nz\u00fcgyi seg\u00edts\u00e9get k\u00e9r. (MTI)<\/p>\n","protected":false},"excerpt":{"rendered":"<p>Megvonta az els\u0151rend\u0171 &#8222;A&#8221; kateg\u00f3ri\u00e1s ad\u00f3soszt\u00e1lyzatot Szlov\u00e9ni\u00e1t\u00f3l p\u00e9nteken a Fitch Ratings, a roml\u00f3 makrogazdas\u00e1gi \u00e9s k\u00f6lts\u00e9gvet\u00e9si kil\u00e1t\u00e1sokkal indokolva a d\u00f6nt\u00e9st. A c\u00e9g az idei \u00e9s a j\u00f6v\u0151 \u00e9vre is recesszi\u00f3t j\u00f3sol a szlov\u00e9n gazdas\u00e1gban.<\/p>\n","protected":false},"author":1,"featured_media":0,"comment_status":"open","ping_status":"closed","sticky":false,"template":"","format":"standard","meta":[],"categories":[12],"tags":[],"_links":{"self":[{"href":"https:\/\/gazdasagportal.hu\/index.php\/wp-json\/wp\/v2\/posts\/8562"}],"collection":[{"href":"https:\/\/gazdasagportal.hu\/index.php\/wp-json\/wp\/v2\/posts"}],"about":[{"href":"https:\/\/gazdasagportal.hu\/index.php\/wp-json\/wp\/v2\/types\/post"}],"author":[{"embeddable":true,"href":"https:\/\/gazdasagportal.hu\/index.php\/wp-json\/wp\/v2\/users\/1"}],"replies":[{"embeddable":true,"href":"https:\/\/gazdasagportal.hu\/index.php\/wp-json\/wp\/v2\/comments?post=8562"}],"version-history":[{"count":3,"href":"https:\/\/gazdasagportal.hu\/index.php\/wp-json\/wp\/v2\/posts\/8562\/revisions"}],"predecessor-version":[{"id":8564,"href":"https:\/\/gazdasagportal.hu\/index.php\/wp-json\/wp\/v2\/posts\/8562\/revisions\/8564"}],"wp:attachment":[{"href":"https:\/\/gazdasagportal.hu\/index.php\/wp-json\/wp\/v2\/media?parent=8562"}],"wp:term":[{"taxonomy":"category","embeddable":true,"href":"https:\/\/gazdasagportal.hu\/index.php\/wp-json\/wp\/v2\/categories?post=8562"},{"taxonomy":"post_tag","embeddable":true,"href":"https:\/\/gazdasagportal.hu\/index.php\/wp-json\/wp\/v2\/tags?post=8562"}],"curies":[{"name":"wp","href":"https:\/\/api.w.org\/{rel}","templated":true}]}}