{"id":85582,"date":"2016-10-12T14:02:52","date_gmt":"2016-10-12T12:02:52","guid":{"rendered":"http:\/\/gazdasagportal.hu\/?p=85582"},"modified":"2016-10-12T14:02:52","modified_gmt":"2016-10-12T12:02:52","slug":"javult-az-uzleti-hangulat-svajcban-oktoberben","status":"publish","type":"post","link":"https:\/\/gazdasagportal.hu\/index.php\/javult-az-uzleti-hangulat-svajcban-oktoberben\/","title":{"rendered":"Javult az \u00fczleti hangulat Sv\u00e1jcban okt\u00f3berben"},"content":{"rendered":"<p><strong>Enyh\u00e9n javult az \u00fczleti hangulat Sv\u00e1jcban okt\u00f3berben a n\u00e9met ZEW gazdas\u00e1gkutat\u00f3 int\u00e9zet \u00e9s a Cr\u00e9dit Suisse (CS) bankcsoport \u00e1ltal k\u00f6z\u00f6sen k\u00e9sz\u00edtett, szok\u00e1sos havi felm\u00e9r\u00e9s tan\u00fas\u00e1ga szerint.<\/strong><!--more--><\/p>\n<div class=\"ads-in-post1\"><div id=\"gazdasagportal.hu_fullbanner_wideboard\"><\/div>\r\n<\/div>\n<p>    A szerd\u00e1n k\u00f6z\u00f6lt adatok szerint a k\u00f6vetkez\u0151 hat h\u00f3napra vonatkoz\u00f3 v\u00e1rakoz\u00e1sokat t\u00fckr\u00f6z\u0151 \u00fczletihangulat-index 5,2 pontra emelkedett a szeptemberi 2,7 pontr\u00f3l. Tavaly okt\u00f3berben 18,3 ponton \u00e1llt az index \u00e9rt\u00e9ke.<br \/>\n    Az aktu\u00e1lis \u00fczleti k\u00f6rnyezet meg\u00edt\u00e9l\u00e9s\u00e9t jelz\u0151 mutat\u00f3 is javult, 9,9 ponttal 17,9 pontra ugrott. Egy \u00e9ve m\u00e9g m\u00ednusz 5,3 ponton \u00e1llt ez az \u00e9rt\u00e9k.<br \/>\n    A mutat\u00f3 0 pont feletti \u00e9rt\u00e9ke a gazdas\u00e1gi kil\u00e1t\u00e1sok javul\u00e1s\u00e1t, 0 pont alatti \u00e9rt\u00e9ke pedig roml\u00e1s\u00e1t jelzi. Az el\u0151z\u0151n\u00e9l alacsonyabb \u00e9rt\u00e9k arra utal, hogy a felm\u00e9r\u00e9sben megk\u00e9rdezett sv\u00e1jci p\u00e9nz\u00fcgyi elemz\u0151k v\u00e9lem\u00e9nye kedvez\u0151tlenebb\u00e9 v\u00e1lt.<br \/>\n    A sv\u00e1jci \u00fczletihangulat-index \u00e9rt\u00e9ke er\u0151s kileng\u00e9seket mutatott az\u00f3ta, hogy a sv\u00e1jci nemzeti bank tavaly janu\u00e1rban v\u00e1ratlanul elt\u00f6r\u00f6lte a frank 1,20 eur\u00f3ban r\u00f6gz\u00edtett \u00e1rfolyamk\u00fcsz\u00f6b\u00e9t. Az index \u00e9rt\u00e9ke m\u00ednusz 73 ponton tavaly febru\u00e1rban \u00e9rte el m\u00e9lypontj\u00e1t, a maximum\u00e1t pedig a j\u00faniusi 19,4 ponton, amelyn\u00e9l nagyobb \u00e9rt\u00e9ket utolj\u00e1ra 2014 febru\u00e1rj\u00e1ban m\u00e9rtek, akkor 28,7 ponton \u00e1llt a mutat\u00f3.<br \/>\n    A Cr\u00e9dit Suisse \u00e1ltal okt\u00f3berben megk\u00e9rdezett elemz\u0151k t\u00falnyom\u00f3 t\u00f6bbs\u00e9ge arra sz\u00e1m\u00edt, hogy a sv\u00e1jci gazdas\u00e1g helyzete nem v\u00e1ltozik a k\u00f6vetkez\u0151 f\u00e9l \u00e9v sor\u00e1n. Optimist\u00e1bbak viszont az eur\u00f3\u00f6vezet \u00e9s az Egyes\u00fclt \u00c1llamok kil\u00e1t\u00e1sait illet\u0151en.<br \/>\n    Az infl\u00e1ci\u00f3t illet\u0151en 2011 m\u00e1jusa \u00f3ta el\u0151sz\u00f6r az elemz\u0151knek m\u00e1r t\u00f6bb mint fele sz\u00e1m\u00edt arra, hogy n\u00f6vekedni fognak az \u00e1rak Sv\u00e1jcban. Rendk\u00edv\u00fcl pesszimist\u00e1k viszont a z\u00fcrichi t\u0151zsde kil\u00e1t\u00e1saival kapcsolatban: az elemz\u0151k mind\u00f6ssze 37 sz\u00e1zal\u00e9ka gondolja azt, hogy a k\u00f6vetkez\u0151 hat h\u00f3nap alatt emelkedni fog az ir\u00e1nyad\u00f3 t\u0151zsdeindex (SMI) \u00e9rt\u00e9ke. A felm\u00e9r\u00e9s 2006-ban indult t\u00f6rt\u00e9nete sor\u00e1n soha nem voltak ilyen kevesen, akik rossz teljes\u00edtm\u00e9nyt v\u00e1rtak a t\u0151zsd\u00e9t\u0151l.<br \/>\n    A sv\u00e1jci felm\u00e9r\u00e9s eredm\u00e9nyei nem okoztak meglepet\u00e9st, mivel a ZEW kedden k\u00f6zz\u00e9tett felm\u00e9r\u00e9se m\u00e1r azt mutatta, hogy a v\u00e1rtn\u00e1l j\u00f3val er\u0151sebben javult az \u00fczleti hangulat N\u00e9metorsz\u00e1gban \u00e9s az eur\u00f3\u00f6vezetben is okt\u00f3berben.<br \/>\n(MTI)<\/p>\n","protected":false},"excerpt":{"rendered":"<p>Enyh\u00e9n javult az \u00fczleti hangulat Sv\u00e1jcban okt\u00f3berben a n\u00e9met ZEW gazdas\u00e1gkutat\u00f3 int\u00e9zet \u00e9s a Cr\u00e9dit Suisse (CS) bankcsoport \u00e1ltal k\u00f6z\u00f6sen k\u00e9sz\u00edtett, szok\u00e1sos havi felm\u00e9r\u00e9s tan\u00fas\u00e1ga szerint.<\/p>\n","protected":false},"author":1,"featured_media":0,"comment_status":"open","ping_status":"closed","sticky":false,"template":"","format":"standard","meta":[],"categories":[246],"tags":[],"_links":{"self":[{"href":"https:\/\/gazdasagportal.hu\/index.php\/wp-json\/wp\/v2\/posts\/85582"}],"collection":[{"href":"https:\/\/gazdasagportal.hu\/index.php\/wp-json\/wp\/v2\/posts"}],"about":[{"href":"https:\/\/gazdasagportal.hu\/index.php\/wp-json\/wp\/v2\/types\/post"}],"author":[{"embeddable":true,"href":"https:\/\/gazdasagportal.hu\/index.php\/wp-json\/wp\/v2\/users\/1"}],"replies":[{"embeddable":true,"href":"https:\/\/gazdasagportal.hu\/index.php\/wp-json\/wp\/v2\/comments?post=85582"}],"version-history":[{"count":1,"href":"https:\/\/gazdasagportal.hu\/index.php\/wp-json\/wp\/v2\/posts\/85582\/revisions"}],"predecessor-version":[{"id":85583,"href":"https:\/\/gazdasagportal.hu\/index.php\/wp-json\/wp\/v2\/posts\/85582\/revisions\/85583"}],"wp:attachment":[{"href":"https:\/\/gazdasagportal.hu\/index.php\/wp-json\/wp\/v2\/media?parent=85582"}],"wp:term":[{"taxonomy":"category","embeddable":true,"href":"https:\/\/gazdasagportal.hu\/index.php\/wp-json\/wp\/v2\/categories?post=85582"},{"taxonomy":"post_tag","embeddable":true,"href":"https:\/\/gazdasagportal.hu\/index.php\/wp-json\/wp\/v2\/tags?post=85582"}],"curies":[{"name":"wp","href":"https:\/\/api.w.org\/{rel}","templated":true}]}}