{"id":85519,"date":"2016-10-10T14:45:29","date_gmt":"2016-10-10T12:45:29","guid":{"rendered":"http:\/\/gazdasagportal.hu\/?p=85519"},"modified":"2016-10-10T14:45:29","modified_gmt":"2016-10-10T12:45:29","slug":"penzugykutato-jovore-gyorsulhat-a-gazdasagi-novekedes","status":"publish","type":"post","link":"https:\/\/gazdasagportal.hu\/index.php\/penzugykutato-jovore-gyorsulhat-a-gazdasagi-novekedes\/","title":{"rendered":"P\u00e9nz\u00fcgykutat\u00f3: j\u00f6v\u0151re gyorsulhat a gazdas\u00e1gi n\u00f6veked\u00e9s"},"content":{"rendered":"<p><strong>A brutt\u00f3 hazai term\u00e9k (GDP) 2,2 sz\u00e1zal\u00e9kos idei \u00e9s 3,0 sz\u00e1zal\u00e9kos j\u00f6v\u0151 \u00e9vi n\u00f6veked\u00e9s\u00e9t prognosztiz\u00e1lja h\u00e9tf\u0151n bemutatott legfrissebb el\u0151rejelz\u00e9s\u00e9ben a P\u00e9nz\u00fcgykutat\u00f3 Zrt. a tavalyi 3,1 sz\u00e1zal\u00e9kos n\u00f6veked\u00e9s ut\u00e1n.<\/strong><!--more--><\/p>\n<div class=\"ads-in-post1\"><div id=\"gazdasagportal.hu_fullbanner_wideboard\"><\/div>\r\n<\/div>\n<p>    A kutat\u00f3k szerint az els\u0151 f\u00e9l \u00e9v l\u00e1tv\u00e1nyosan igazolta, hogy mihelyt elapadnak az uni\u00f3s forr\u00e1sok, megtorpan a n\u00f6veked\u00e9s. Az uni\u00f3s p\u00e9nzforr\u00e1sok megny\u00edl\u00e1s\u00e1val j\u00f6v\u0151re \u00e9l\u00e9nk\u00fclnek a beruh\u00e1z\u00e1sok \u00e9s a foglalkoztat\u00e1s is tov\u00e1bb b\u0151v\u00fcl.<br \/>\n    A progn\u00f3zis a beruh\u00e1z\u00e1sok 10 sz\u00e1zal\u00e9kos visszaes\u00e9s\u00e9vel sz\u00e1mol ebben az \u00e9vben, amelyet az alacsony b\u00e1zison ugyanilyen m\u00e9rt\u00e9k\u0171 n\u00f6veked\u00e9s k\u00f6vet majd 2017-ben. A beruh\u00e1z\u00e1sok dr\u00e1mai visszaes\u00e9s\u00e9t r\u00e9szben ellent\u00e9telezi a fogyaszt\u00e1s, miut\u00e1n a re\u00e1lkeresetek ebben az \u00e9vben 7,7 sz\u00e1zal\u00e9kkal emelkednek 0,3 sz\u00e1zal\u00e9kos \u00e9ves \u00e1tlagos infl\u00e1ci\u00f3val sz\u00e1molva, \u00e9s a 2,1 sz\u00e1zal\u00e9kosra emelked\u0151 j\u00f6v\u0151 \u00e9vi infl\u00e1ci\u00f3 mellett is 3,5 sz\u00e1zal\u00e9kkal n\u00f6vekednek j\u00f6v\u0151re.<br \/>\n    Az idei lanyh\u00e1bb n\u00f6veked\u00e9shez j\u00f3 egyens\u00falyi mutat\u00f3k t\u00e1rsulnak. Az \u00e1llamh\u00e1ztart\u00e1s hi\u00e1nya b\u0151ven a maastrichti krit\u00e9riumon bel\u00fcl 1,8 \u00e9s 2,6 sz\u00e1zal\u00e9kon alakul, m\u00edg a GDP-ar\u00e1nyos \u00e1llamad\u00f3ss\u00e1g a tavalyi 74,7-r\u0151l id\u00e9n 74,0, j\u00f6v\u0151re 73,1 sz\u00e1zal\u00e9kra cs\u00f6kken. Rekordszintre emelkedik id\u00e9n a k\u00fclkereskedelmi \u00e9s a fizet\u00e9si m\u00e9rleg t\u00f6bblete, ami 10, illetve 6,5 milli\u00e1rd eur\u00f3t is el\u00e9rhet a tavalyi 8,6 \u00e9s 3,7 milli\u00e1rd ut\u00e1n.<br \/>\n    Az apad\u00f3 uni\u00f3s transzferek ellen\u00e9re a nagyar\u00e1ny\u00fa k\u00fcls\u0151 t\u00f6bblet a mag\u00e1nberuh\u00e1z\u00e1sok elmarad\u00e1s\u00e1t is t\u00fckr\u00f6zi. A v\u00e1llalatok tov\u00e1bbra is nett\u00f3 megtakar\u00edt\u00f3k, ahelyett, hogy a tev\u00e9kenys\u00e9g\u00fck b\u0151v\u00edt\u00e9s\u00e9t szolg\u00e1l\u00f3 hitelfelv\u00e9teleikkel a gazdas\u00e1gi n\u00f6veked\u00e9st t\u00e1pl\u00e1ln\u00e1k, pedig az orsz\u00e1g befektet\u0151i kateg\u00f3ri\u00e1ba t\u00f6rt\u00e9nt felmin\u0151s\u00edt\u00e9se n\u00f6veli a p\u00e9nz\u00fcgyi befektet\u00e9sek vonzerej\u00e9t, er\u0151s\u00edti a forintot, \u00e9s kedvez\u0151bb\u00e9 teszi az \u00e1llamad\u00f3ss\u00e1g \u00e9s a mag\u00e1nc\u00e9gek finansz\u00edroz\u00e1s\u00e1t is &#8211; \u00e1llap\u00edtott\u00e1k meg a kutat\u00f3k.<br \/>\n    V\u00e1rhegyi \u00c9va, a P\u00e9nz\u00fcgykutat\u00f3 Zrt. tudom\u00e1nyos tan\u00e1csad\u00f3ja a c\u00e9g h\u00e9tf\u0151i sajt\u00f3t\u00e1j\u00e9koztat\u00f3j\u00e1n r\u00e1mutatott: az egyens\u00falyi mutat\u00f3k j\u00f3k, de em\u00f6g\u00f6tt ellentmond\u00e1sos folyamatok h\u00faz\u00f3dnak meg. Elmondta: az \u00e1llamh\u00e1ztart\u00e1si hi\u00e1ny tarthat\u00f3, s\u0151t m\u00e1r t\u00fals\u00e1gosan is j\u00f3, de ez azt is mutatja, hogy egyes ter\u00fcleteken elmaradnak bizonyos, sz\u00fcks\u00e9ges \u00e1llami beruh\u00e1z\u00e1sok, fejleszt\u00e9sek, p\u00e9ld\u00e1ul az eg\u00e9szs\u00e9g\u00fcgyben.<br \/>\n    Kifejtette: a Magyar Nemzeti Bank c\u00e9lja, hogy &#8222;kis\u00f6p\u00f6rje a bankok p\u00e9nz\u00e9t az MNB-b\u0151l&#8221;, ez\u00e1ltal v\u00e1rhat\u00f3an b\u0151v\u00fcl majd a bankszektor hitelez\u00e9se. Ezt a folyamatot seg\u00edtheti az is, hogy a p\u00e9nzint\u00e9zetek az elm\u00falt id\u0151szakban jelent\u0151s nagys\u00e1g\u00fa c\u00e9ltartal\u00e9kot k\u00e9peztek, ezek felszabad\u00edt\u00e1sa megn\u00f6velheti hitelez\u00e9si hajland\u00f3s\u00e1gukat, illetve a nyeres\u00e9gess\u00e9g\u00fcket.<br \/>\n    V\u00e1rhegyi \u00c9va elmondta: t\u00f6bb l\u00e1bon \u00e1ll \u00e9s er\u0151s a fogyaszt\u00e1s b\u0151v\u00fcl\u00e9se, ez h\u00fazza a magyar gazdas\u00e1got &#8222;A rossz h\u00edr az, hogy tart\u00f3s \u00e9s val\u00f3di gazdas\u00e1gi felemelked\u00e9st csak a beruh\u00e1z\u00e1sok n\u00f6veked\u00e9se hozhat, a fogyaszt\u00e1s b\u0151v\u00fcl\u00e9se erre nem k\u00e9pes&#8221; &#8211; mutatott r\u00e1 V\u00e1rhegyi \u00c9va.<br \/>\n    V\u00e9lem\u00e9nye szerint j\u00f6v\u0151re marad az enged\u00e9kenyebb k\u00f6lts\u00e9gvet\u00e9si politika, egyr\u00e9szt 2017 v\u00e1laszt\u00e1sok el\u0151tti \u00e9v lesz, m\u00e1sr\u00e9szt pedig van mozg\u00e1stere a korm\u00e1nyzatnak. A jegybank j\u00f6v\u0151re v\u00e1rhat\u00f3an folytatja a monet\u00e1ris laz\u00edt\u00e1st, az alapkamat tart\u00e1sa mellett m\u00e1s m\u00f3dszerekkel pr\u00f3b\u00e1l p\u00e9nzt juttatni a gazdas\u00e1gba.<br \/>\n    A P\u00e9nz\u00fcgykutat\u00f3 Zrt. munkat\u00e1rsa kiemelte: a magyar gazdas\u00e1g gyenge versenyk\u00e9pess\u00e9ge akad\u00e1lyozza a felz\u00e1rk\u00f3z\u00e1st, emellett a magyar gazdas\u00e1g munkaer\u0151gondjai is egyre er\u0151teljesebben jelentkeznek, a szakk\u00e9pzett munkaer\u0151 tov\u00e1bb dr\u00e1gul a j\u00f6v\u0151ben.<br \/>\n    Elmondta: a m\u0171k\u00f6d\u0151t\u0151ke-be\u00e1raml\u00e1s egyenlege negat\u00edv, a hazai nagy mag\u00e1nc\u00e9gek m\u00e1r t\u00f6bb t\u0151k\u00e9t visznek ki az orsz\u00e1gb\u00f3l, mint amennyi be\u00e1ramlik Magyarorsz\u00e1gra.<br \/>\n    Petschnig M\u00e1ria Zita, a P\u00e9nz\u00fcgykutat\u00f3 tudom\u00e1nyos f\u0151munkat\u00e1rsa elmondta: nagyon rossz id\u0151szak el\u00e9 n\u00e9znek a hazai kis- \u00e9s k\u00f6zepes v\u00e1llalkoz\u00e1sok (kkv). Hozz\u00e1f\u0171zte: a gyenge termel\u00e9kenys\u00e9g\u00fck mellett az \u00e9les b\u00e9rversenyben nem lesznek k\u00e9pesek helyt\u00e1llni. \u00dagy \u00edt\u00e9lte meg: legal\u00e1bb k\u00e9tsz\u00e1mjegy\u0171 j\u00e1rul\u00e9kcs\u00f6kkent\u00e9s kellene a helyzet\u00fck \u00e9rdemi jav\u00edt\u00e1sa \u00e9rdek\u00e9ben.(MTI)<\/p>\n","protected":false},"excerpt":{"rendered":"<p>A brutt\u00f3 hazai term\u00e9k (GDP) 2,2 sz\u00e1zal\u00e9kos idei \u00e9s 3,0 sz\u00e1zal\u00e9kos j\u00f6v\u0151 \u00e9vi n\u00f6veked\u00e9s\u00e9t prognosztiz\u00e1lja h\u00e9tf\u0151n bemutatott legfrissebb el\u0151rejelz\u00e9s\u00e9ben a P\u00e9nz\u00fcgykutat\u00f3 Zrt. a tavalyi 3,1 sz\u00e1zal\u00e9kos n\u00f6veked\u00e9s ut\u00e1n.<\/p>\n","protected":false},"author":1,"featured_media":0,"comment_status":"open","ping_status":"closed","sticky":false,"template":"","format":"standard","meta":[],"categories":[19],"tags":[],"_links":{"self":[{"href":"https:\/\/gazdasagportal.hu\/index.php\/wp-json\/wp\/v2\/posts\/85519"}],"collection":[{"href":"https:\/\/gazdasagportal.hu\/index.php\/wp-json\/wp\/v2\/posts"}],"about":[{"href":"https:\/\/gazdasagportal.hu\/index.php\/wp-json\/wp\/v2\/types\/post"}],"author":[{"embeddable":true,"href":"https:\/\/gazdasagportal.hu\/index.php\/wp-json\/wp\/v2\/users\/1"}],"replies":[{"embeddable":true,"href":"https:\/\/gazdasagportal.hu\/index.php\/wp-json\/wp\/v2\/comments?post=85519"}],"version-history":[{"count":1,"href":"https:\/\/gazdasagportal.hu\/index.php\/wp-json\/wp\/v2\/posts\/85519\/revisions"}],"predecessor-version":[{"id":85520,"href":"https:\/\/gazdasagportal.hu\/index.php\/wp-json\/wp\/v2\/posts\/85519\/revisions\/85520"}],"wp:attachment":[{"href":"https:\/\/gazdasagportal.hu\/index.php\/wp-json\/wp\/v2\/media?parent=85519"}],"wp:term":[{"taxonomy":"category","embeddable":true,"href":"https:\/\/gazdasagportal.hu\/index.php\/wp-json\/wp\/v2\/categories?post=85519"},{"taxonomy":"post_tag","embeddable":true,"href":"https:\/\/gazdasagportal.hu\/index.php\/wp-json\/wp\/v2\/tags?post=85519"}],"curies":[{"name":"wp","href":"https:\/\/api.w.org\/{rel}","templated":true}]}}