{"id":85430,"date":"2016-10-05T19:44:09","date_gmt":"2016-10-05T17:44:09","guid":{"rendered":"http:\/\/gazdasagportal.hu\/?p=85430"},"modified":"2016-10-07T13:51:39","modified_gmt":"2016-10-07T11:51:39","slug":"nyugat-magyarorszagon-terjeszkedik-a-trans-sped","status":"publish","type":"post","link":"https:\/\/gazdasagportal.hu\/index.php\/nyugat-magyarorszagon-terjeszkedik-a-trans-sped\/","title":{"rendered":"\u00d6sszeolvad\u00e1ssal er\u0151s\u00edt a Trans-Sped"},"content":{"rendered":"<p><strong>3,5 milli\u00e1rd \u00e9rt\u00e9k\u0171 beolvad\u00e1ssal er\u0151s\u00edti nyugat-magyarosz\u00e1gi poz\u00edci\u00f3j\u00e1t a Trans-Sped c\u00e9gcsoport. A tatab\u00e1nyai sz\u00e9khellyel m\u0171k\u00f6d\u0151 Trans-Sped Trint Kft. szeptember 30-\u00e1n beolvadt a Trans-Sped Kft-be.\u00a0 A folyamat k\u00f6zel egy \u00e9ve vette kezdet\u00e9t \u00e9s fontos l\u00e9p\u00e9se a v\u00e1llalatcsoport nyugat-magyarorsz\u00e1gi nyit\u00e1s\u00e1nak.<\/strong><!--more--><\/p>\n<div class=\"ads-in-post1\"><div id=\"gazdasagportal.hu_fullbanner_wideboard\"><\/div>\r\n<\/div>\n<p><strong>\u00a0<\/strong><\/p>\n<p>A komplex logisztikai szolg\u00e1ltat\u00e1sokat k\u00edn\u00e1l\u00f3 Trans-Sped Kft. 2015-ben v\u00e1s\u00e1rolta fel a kor\u00e1bban a finn \u00e1llami vas\u00fat tulajdon\u00e1ban \u00e1ll\u00f3 Transpoint International (HU) Kft-t, amely Trans-Sped Trint Kft. n\u00e9ven folytatta m\u0171k\u00f6d\u00e9s\u00e9t.<\/p>\n<p>&nbsp;<\/p><div id=\"gazda-3417558624\" class=\"gazda-tartalomban gazda-entity-placement\"><script async src=\"https:\/\/pagead2.googlesyndication.com\/pagead\/js\/adsbygoogle.js\"><\/script>\r\n<ins class=\"adsbygoogle\"\r\n     style=\"display:block\"\r\n     data-ad-format=\"fluid\"\r\n     data-ad-layout-key=\"-6t+ed+2i-1n-4w\"\r\n     data-ad-client=\"ca-pub-1959107119989764\"\r\n     data-ad-slot=\"4008251320\"><\/ins>\r\n<script>\r\n     (adsbygoogle = window.adsbygoogle || []).push({});\r\n<\/script><\/div>\n<p>A sz\u00e1ll\u00edtm\u00e1nyoz\u00e1si \u00e9s rakt\u00e1rlogisztikai ter\u00fcleten er\u0151s piaci poz\u00edci\u00f3j\u00fa v\u00e1llalat tev\u00e9kenys\u00e9g\u00e9vel \u00e9s f\u00f6ldrajzi elhelyezked\u00e9s\u00e9vel teljes m\u00e9rt\u00e9kben hozz\u00e1j\u00e1rult a Trans-Sped magyarorsz\u00e1gi piacb\u0151v\u00edt\u00e9si elk\u00e9pzel\u00e9seihez. A beolvad\u00e1s folyamata sor\u00e1n \u00f6sszehangolt\u00e1k a k\u00e9t v\u00e1llalat tev\u00e9kenys\u00e9g\u00e9t, \u00e9s egy\u00fcttes fell\u00e9p\u00e9ssel 2015-ben jelent\u0151s forgalomn\u00f6veked\u00e9st \u00e9rt el a c\u00e9gcsoport.<\/p>\n<p>&nbsp;<\/p>\n<p>A f\u00fazi\u00f3nak k\u00f6sz\u00f6nhet\u0151en olyan \u00faj \u00fczlet\u00e1gak ker\u00fcltek be a Trans-Sped szolg\u00e1ltat\u00e1sai k\u00f6z\u00e9, mint a tengeri \u00e9s l\u00e9gi sz\u00e1ll\u00edtm\u00e1nyoz\u00e1s.\u00a0 A Trans-Sped Trint Kft. kor\u00e1bbi \u00fcgyf\u00e9lk\u00f6r\u00e9nek ig\u00e9nyeit pedig egy magasabb min\u0151s\u00e9g\u0171, m\u00e9g komplexebb szolg\u00e1ltat\u00e1sokat ny\u00fajt\u00f3 v\u00e1llalat h\u00e1tter\u00e9vel tudj\u00e1k kiel\u00e9g\u00edteni. A t\u0151keer\u0151s, 26 \u00e9ves m\u00falttal rendelkez\u0151 magyar nagyv\u00e1llalat komplex logisztikai szolg\u00e1ltat\u00e1sai \u00faj lehet\u0151s\u00e9get teremtenek a megb\u00edz\u00f3k sz\u00e1m\u00e1ra a rakt\u00e1roz\u00e1s, \u00e9rt\u00e9kn\u00f6vel\u0151 \u00e9s termel\u00e9si logisztika ter\u00fclet\u00e9n is.<\/p>\n<p>&nbsp;<\/p>\n<p>\u201eA c\u00e9gcsoport eg\u00e9sz\u00e9re n\u00e9zve kedvez\u0151 \u00e1talakul\u00e1sr\u00f3l van sz\u00f3, a beolvad\u00e1ssal javul a gazd\u00e1lkod\u00e1s \u00e9s a f\u0151bb tev\u00e9kenys\u00e9gek hat\u00e9konys\u00e1ga. A c\u00e9gbeolvad\u00e1s a mindennapokban z\u00f6kken\u0151mentes lesz, ami mind az \u00fcgyfeleink, mind pedig a munkav\u00e1llal\u00f3k sz\u00e1m\u00e1ra pozit\u00edv, \u00e9s tov\u00e1bb n\u00f6veli a k\u00f6z\u00f6tt\u00fcnk l\u00e9v\u0151 bizalmi viszonyt.\u201d \u2013 nyilatkozta F\u00fcl\u00f6p Zsolt \u00fcgyvezet\u0151 igazgat\u00f3.<\/p>\n<p>&nbsp;<\/p>\n<p>A 2016-ra 16 milli\u00e1rd forint konszolid\u00e1lt \u00e1rbev\u00e9telt prognosztiz\u00e1l\u00f3 v\u00e1llalat m\u00e1ra t\u00f6bb mint 700 dolgoz\u00f3j\u00e1val \u00e9s 170.000 m<sup>2<\/sup>-t meghalad\u00f3 fedett rakt\u00e1rkapacit\u00e1s\u00e1val a hazai logisztikai piac meghat\u00e1roz\u00f3 szerepl\u0151je.<\/p>\n<p>&nbsp;<\/p>\n<p>A Trans-Sped Csoport tev\u00e9kenys\u00e9ge sz\u00e1mokban:<\/p>\n<ul>\n<li>26\u00a0\u00e9v tapasztalat<\/li>\n<li>13\u00a0telephely<\/li>\n<li>t\u00f6bb mint\u00a0170\u00a0000\u00a0m2\u00a0rakt\u00e1rkapacit\u00e1s<\/li>\n<li>160\u00a0saj\u00e1t \u00e9s\u00a0300\u00a0alv\u00e1llalkoz\u00f3i fuvareszk\u00f6z<\/li>\n<li>65.000 teljes\u00edtett fuvarmegb\u00edz\u00e1s<\/li>\n<li>6.000 v\u00e1mkezel\u00e9s<\/li>\n<li>66.000 m3 \u00e1ru bet\u00e1rol\u00e1sa \u00e9s 65.000 m3 kit\u00e1rol\u00e1sa<\/li>\n<li>\u00e9vente t\u00f6bb mint\u00a0600\u00a0l\u00e9gi sz\u00e1ll\u00edtm\u00e1ny<\/li>\n<li>\u00e9vente t\u00f6bb mint\u00a01000\u00a0komplett kont\u00e9ner tengeri gy\u0171jt\u0151sz\u00e1ll\u00edtm\u00e1ny,<\/li>\n<li>100%-os rendelkez\u00e9sre \u00e1ll\u00e1s<\/li>\n<\/ul>\n","protected":false},"excerpt":{"rendered":"<p>3,5 milli\u00e1rd \u00e9rt\u00e9k\u0171 beolvad\u00e1ssal er\u0151s\u00edti nyugat-magyarosz\u00e1gi poz\u00edci\u00f3j\u00e1t a Trans-Sped c\u00e9gcsoport. A tatab\u00e1nyai sz\u00e9khellyel m\u0171k\u00f6d\u0151 Trans-Sped Trint Kft. szeptember 30-\u00e1n beolvadt a Trans-Sped Kft-be.\u00a0 A folyamat k\u00f6zel egy \u00e9ve vette kezdet\u00e9t \u00e9s fontos l\u00e9p\u00e9se a v\u00e1llalatcsoport nyugat-magyarorsz\u00e1gi nyit\u00e1s\u00e1nak.<\/p>\n","protected":false},"author":1,"featured_media":0,"comment_status":"open","ping_status":"closed","sticky":false,"template":"","format":"standard","meta":[],"categories":[19],"tags":[],"_links":{"self":[{"href":"https:\/\/gazdasagportal.hu\/index.php\/wp-json\/wp\/v2\/posts\/85430"}],"collection":[{"href":"https:\/\/gazdasagportal.hu\/index.php\/wp-json\/wp\/v2\/posts"}],"about":[{"href":"https:\/\/gazdasagportal.hu\/index.php\/wp-json\/wp\/v2\/types\/post"}],"author":[{"embeddable":true,"href":"https:\/\/gazdasagportal.hu\/index.php\/wp-json\/wp\/v2\/users\/1"}],"replies":[{"embeddable":true,"href":"https:\/\/gazdasagportal.hu\/index.php\/wp-json\/wp\/v2\/comments?post=85430"}],"version-history":[{"count":2,"href":"https:\/\/gazdasagportal.hu\/index.php\/wp-json\/wp\/v2\/posts\/85430\/revisions"}],"predecessor-version":[{"id":85454,"href":"https:\/\/gazdasagportal.hu\/index.php\/wp-json\/wp\/v2\/posts\/85430\/revisions\/85454"}],"wp:attachment":[{"href":"https:\/\/gazdasagportal.hu\/index.php\/wp-json\/wp\/v2\/media?parent=85430"}],"wp:term":[{"taxonomy":"category","embeddable":true,"href":"https:\/\/gazdasagportal.hu\/index.php\/wp-json\/wp\/v2\/categories?post=85430"},{"taxonomy":"post_tag","embeddable":true,"href":"https:\/\/gazdasagportal.hu\/index.php\/wp-json\/wp\/v2\/tags?post=85430"}],"curies":[{"name":"wp","href":"https:\/\/api.w.org\/{rel}","templated":true}]}}