{"id":85370,"date":"2016-10-04T12:03:55","date_gmt":"2016-10-04T10:03:55","guid":{"rendered":"http:\/\/gazdasagportal.hu\/?p=85370"},"modified":"2016-10-04T12:03:55","modified_gmt":"2016-10-04T10:03:55","slug":"huszmillios-birsagot-szabott-ki-bennfentes-kereskedelem-miatt-az-mnb","status":"publish","type":"post","link":"https:\/\/gazdasagportal.hu\/index.php\/huszmillios-birsagot-szabott-ki-bennfentes-kereskedelem-miatt-az-mnb\/","title":{"rendered":"H\u00faszmilli\u00f3s b\u00edrs\u00e1got szabott ki bennfentes kereskedelem miatt az MNB"},"content":{"rendered":"<p><strong>A Magyar Nemzeti Bank (MNB) h\u00fasz milli\u00f3 forint b\u00edrs\u00e1got szabott ki egy term\u00e9szetes szem\u00e9llyel szemben a bennfentes kereskedelem tilalm\u00e1ra vonatkoz\u00f3 jogszab\u00e1lyi rendelkez\u00e9sek megs\u00e9rt\u00e9se miatt, az \u00fcgyben b\u00fcntet\u0151feljelent\u00e9st tett &#8211; k\u00f6z\u00f6lte a jegybank kedden az MTI-vel.<\/strong><!--more--><\/p>\n<div class=\"ads-in-post1\"><div id=\"gazdasagportal.hu_fullbanner_wideboard\"><\/div>\r\n<\/div>\n<p>    A t\u00e1j\u00e9koztat\u00e1s szerint a Magyar Nemzeti Bank (MNB) hivatalb\u00f3l ind\u00edtott piacfel\u00fcgyeleti elj\u00e1r\u00e1sban vizsg\u00e1lta, hogy egy term\u00e9szetes szem\u00e9ly t\u0151zsdei megb\u00edz\u00e1sa megval\u00f3s\u00edtotta-e a bennfentes kereskedelmet a Kartonpack Dobozipari Nyrt. t\u0151zsd\u00e9re bevezetett t\u00f6rzsr\u00e9szv\u00e9nyeit \u00e9rint\u0151en.<br \/>\n    A jegybank meg\u00e1llap\u00edtotta, hogy a szem\u00e9ly a r\u00e9szv\u00e9nyek t\u0151zsdei megv\u00e1s\u00e1rl\u00e1s\u00e1ra bennfentes inform\u00e1ci\u00f3k &#8211; t\u0151kepiaci t\u00f6rv\u00e9ny \u00e1ltal tiltott &#8211; felhaszn\u00e1l\u00e1s\u00e1val adott v\u00e9teli megb\u00edz\u00e1st.<br \/>\n    A szem\u00e9ly folyamatban l\u00e9v\u0151 v\u00e9grehajt\u00e1si elj\u00e1r\u00e1sban jutott ahhoz a bennfentes inform\u00e1ci\u00f3hoz, hogy a v\u00e9grehajt\u00f3 a v\u00e9grehajt\u00e1s alatt \u00e1ll\u00f3 c\u00e9g tulajdon\u00e1t k\u00e9pez\u0151 Kartonpack r\u00e9szv\u00e9nyeket egy adott napon \u00e9rt\u00e9kes\u00edteni fogja.<br \/>\n    A b\u00edrs\u00e1g meghat\u00e1roz\u00e1s\u00e1n\u00e1l az MNB els\u0151dlegesen azt \u00e9rt\u00e9kelte, hogy a bennfentes kereskedelem tilalm\u00e1nak megs\u00e9rt\u00e9se k\u00fcl\u00f6n\u00f6s s\u00faly\u00fa a t\u0151kepiac biztons\u00e1gos \u00e9s zavartalan m\u0171k\u00f6d\u00e9se szempontj\u00e1b\u00f3l. S\u00falyos\u00edt\u00f3 k\u00f6r\u00fclm\u00e9nyk\u00e9nt vette figyelembe, hogy a term\u00e9szetes szem\u00e9ly a t\u0151kepiac tisztas\u00e1g\u00e1nak k\u00f6vetelm\u00e9ny\u00e9t s\u00e9rt\u0151 magatart\u00e1s\u00e1t \u00e9rt\u00e9kpap\u00edrjogban j\u00e1rtas szem\u00e9lyk\u00e9nt tan\u00fas\u00edtotta, akit\u0151l k\u00fcl\u00f6n\u00f6sen elv\u00e1rhat\u00f3, hogy befektet\u00e9si d\u00f6nt\u00e9sei kiz\u00e1r\u00f3lag nyilv\u00e1nos inform\u00e1ci\u00f3kon alapuljanak. Enyh\u00edt\u0151 k\u00f6r\u00fclm\u00e9nynek sz\u00e1m\u00edtott az \u00fcgyf\u00e9l egy\u00fcttm\u0171k\u00f6d\u0151 magatart\u00e1sa, illetve az, hogy az \u00fcgylettel \u00e9rintett r\u00e9szv\u00e9nyek t\u0151zsdei kibocs\u00e1t\u00f3ja csek\u00e9ly t\u0151kepiaci s\u00fallyal rendelkezik.<br \/>\n    A jegybank a piacfel\u00fcgyeleti vizsg\u00e1lata sor\u00e1n rend\u0151rs\u00e9gi feljelent\u00e9st is tett bennfentes kereskedelem b\u0171ntett\u00e9nek gyan\u00faja miatt &#8211; k\u00f6z\u00f6lte az MNB.(MTI)<\/p>\n","protected":false},"excerpt":{"rendered":"<p>A Magyar Nemzeti Bank (MNB) h\u00fasz milli\u00f3 forint b\u00edrs\u00e1got szabott ki egy term\u00e9szetes szem\u00e9llyel szemben a bennfentes kereskedelem tilalm\u00e1ra vonatkoz\u00f3 jogszab\u00e1lyi rendelkez\u00e9sek megs\u00e9rt\u00e9se miatt, az \u00fcgyben b\u00fcntet\u0151feljelent\u00e9st tett &#8211; k\u00f6z\u00f6lte a jegybank kedden az MTI-vel.<\/p>\n","protected":false},"author":1,"featured_media":0,"comment_status":"open","ping_status":"closed","sticky":false,"template":"","format":"standard","meta":[],"categories":[19,7],"tags":[],"_links":{"self":[{"href":"https:\/\/gazdasagportal.hu\/index.php\/wp-json\/wp\/v2\/posts\/85370"}],"collection":[{"href":"https:\/\/gazdasagportal.hu\/index.php\/wp-json\/wp\/v2\/posts"}],"about":[{"href":"https:\/\/gazdasagportal.hu\/index.php\/wp-json\/wp\/v2\/types\/post"}],"author":[{"embeddable":true,"href":"https:\/\/gazdasagportal.hu\/index.php\/wp-json\/wp\/v2\/users\/1"}],"replies":[{"embeddable":true,"href":"https:\/\/gazdasagportal.hu\/index.php\/wp-json\/wp\/v2\/comments?post=85370"}],"version-history":[{"count":1,"href":"https:\/\/gazdasagportal.hu\/index.php\/wp-json\/wp\/v2\/posts\/85370\/revisions"}],"predecessor-version":[{"id":85371,"href":"https:\/\/gazdasagportal.hu\/index.php\/wp-json\/wp\/v2\/posts\/85370\/revisions\/85371"}],"wp:attachment":[{"href":"https:\/\/gazdasagportal.hu\/index.php\/wp-json\/wp\/v2\/media?parent=85370"}],"wp:term":[{"taxonomy":"category","embeddable":true,"href":"https:\/\/gazdasagportal.hu\/index.php\/wp-json\/wp\/v2\/categories?post=85370"},{"taxonomy":"post_tag","embeddable":true,"href":"https:\/\/gazdasagportal.hu\/index.php\/wp-json\/wp\/v2\/tags?post=85370"}],"curies":[{"name":"wp","href":"https:\/\/api.w.org\/{rel}","templated":true}]}}