{"id":85266,"date":"2016-09-30T17:09:24","date_gmt":"2016-09-30T15:09:24","guid":{"rendered":"http:\/\/gazdasagportal.hu\/?p=85266"},"modified":"2016-09-30T17:09:24","modified_gmt":"2016-09-30T15:09:24","slug":"kosa-a-nepszavazas-eredmenyet-nem-lehet-kicselezni-brusszelben","status":"publish","type":"post","link":"https:\/\/gazdasagportal.hu\/index.php\/kosa-a-nepszavazas-eredmenyet-nem-lehet-kicselezni-brusszelben\/","title":{"rendered":"K\u00f3sa: a n\u00e9pszavaz\u00e1s eredm\u00e9ny\u00e9t nem lehet kicselezni Br\u00fcsszelben"},"content":{"rendered":"<p><strong>A vas\u00e1rnapi kv\u00f3tan\u00e9pszavaz\u00e1s eredm\u00e9ny\u00e9t nem lehet majd &#8222;kicselezni&#8221; Br\u00fcsszelben &#8211; mondta K\u00f3sa Lajos, a Fidesz frakci\u00f3vezet\u0151je p\u00e9nteken a Fidelitas orsz\u00e1gos v\u00e1lasztm\u00e1ny\u00e1nak budapesti \u00fcl\u00e9s\u00e9n, ahol a korm\u00e1nyp\u00e1rt ifj\u00fas\u00e1gi t\u00e1rsszervezet\u00e9nek tagjai k\u00e9rdezt\u00e9k \u0151t a h\u00e9tv\u00e9gi referendumr\u00f3l.<\/strong><!--more--><\/p>\n<div class=\"ads-in-post1\"><div id=\"gazdasagportal.hu_fullbanner_wideboard\"><\/div>\r\n<\/div>\n<p>    A politikus &#8211; mint kifejtette &#8211; sikeres n\u00e9pszavaz\u00e1sra sz\u00e1m\u00edt, arra, hogy &#8222;rengetegen elmennek&#8221; voksolni. Hogy \u00e9rv\u00e9nyes lesz-e, azt megl\u00e1tjuk &#8211; tette hozz\u00e1, hangs\u00falyozva ugyanakkor: ha els\u00f6pr\u0151 lesz a nemek ar\u00e1nya, az felhatalmazza a korm\u00e1nyt arra, hogy parlamenti t\u00f6bbs\u00e9get &#8222;hozzon \u00f6ssze&#8221; egy migr\u00e1ci\u00f3s jogalkot\u00e1si folyamathoz.<br \/>\n    A n\u00e9pszavaz\u00e1s eredm\u00e9ny\u00e9t pedig nem &#8222;cselezheti ki&#8221; az Eur\u00f3pai Bizotts\u00e1g &#8211; amely egy kv\u00f3tad\u00f6nt\u00e9sn\u00e9l m\u00e1r &#8222;\u00e1tverte, kv\u00e1zi sunnyogva, az eur\u00f3pai jogalkot\u00e1si szab\u00e1lyokat&#8221; -, m\u00e9g akkor sem, ha az \u00e9rv\u00e9nyess\u00e9g vitatott lesz &#8211; mondta K\u00f3sa Lajos.<br \/>\n    A frakci\u00f3vezet\u0151 biztosnak tartja, hogy a n\u00e9pszavaz\u00e1snak lesz hat\u00e1sa a magyar jogrendre: ha gy\u0151znek a nemek, az Orsz\u00e1ggy\u0171l\u00e9snek mindenk\u00e9ppen lesz jogalkot\u00e1si feladata &#8211; ami lehet ak\u00e1r alkotm\u00e1ny- vagy t\u00f6rv\u00e9nym\u00f3dos\u00edt\u00e1s, ak\u00e1r parlamenti hat\u00e1rozat vagy a kabinetnek adott k\u00f6telez\u0151 mand\u00e1tum -, ami automatikusan hat az eur\u00f3pai jogrendre is.<br \/>\n    Arra a felvet\u00e9sre, hogy mi t\u00f6rt\u00e9nne, ha az igenek lenn\u00e9nek t\u00f6bbs\u00e9gben a referendumon, a politikus azt felelte: szerinte nem lenne m\u00e1s lehet\u0151s\u00e9g, mint a korm\u00e1ny lemond\u00e1sa \u00e9s \u00faj v\u00e1laszt\u00e1s.<br \/>\n    K\u00f3sa Lajos v\u00e9g\u00fcl felh\u00edvta hallgat\u00f3s\u00e1ga figyelm\u00e9t: &#8222;ha nyer\u00fcnk (&#8230;), ut\u00e1na beindul egy v\u00e9gel\u00e1thatatlan \u00e9rtelmez\u00e9si vita&#8221;, amely &#8222;teljesen f\u00fcggetlen az adott eredm\u00e9nyt\u0151l&#8221;.<br \/>\n    Az \u00fcl\u00e9sen Bayer Zsolt publicista is felsz\u00f3lalt, \u00e9s arr\u00f3l besz\u00e9lt, hogy az a b\u00e9kebeli Eur\u00f3pa, ahov\u00e1 az \u0151 gener\u00e1ci\u00f3ja \u00e9vtizedeken kereszt\u00fcl v\u00e1gyakozott, nincs t\u00f6bb\u00e9.<br \/>\n    &#8222;Odalett a n\u00e9met Eur\u00f3pa is&#8221;, miut\u00e1n n\u00e9met v\u00e1rosokban &#8222;vadidegen, oda nem ill\u0151 emberek hord\u00e1kba ver\u0151dve j\u00f6nnek szembe&#8221; &#8211; fogalmazott.<br \/>\n    Szerinte azonban P\u00e1rizsban a legk\u00e9zzelfoghat\u00f3bb az &#8222;elm\u00fal\u00e1s&#8221;, ahol ma p\u00e9ld\u00e1ul a Sacr\u00e9-Coeur l\u00e9pcs\u0151in a &#8222;mindent el\u00f6z\u00f6nl\u0151 feket\u00e9k \u00e1csorognak, \u00e9s hamis Louis Vuitton t\u00e1sk\u00e1kat \u00e1rulnak a m\u00e9g arra mer\u00e9szked\u0151 turist\u00e1knak&#8221;.<br \/>\n    &#8222;Ma Eur\u00f3pa ide h\u00faz\u00f3dott vissza, az egykori rettenetes fal m\u00f6g\u00e9&#8221;, Pr\u00e1g\u00e1ba, Pozsonyba, Krakk\u00f3ba, Vars\u00f3ba, Kass\u00e1ra, Budapestre, &#8222;ma mi vagyunk Eur\u00f3pa, mert mi maradtunk Eur\u00f3pa, ez a mindig lesajn\u00e1lt, mindig megal\u00e1zott, mindig kifosztott, mindig kir\u00f6h\u00f6g\u00f6tt&#8221; K\u00f6z\u00e9p-Eur\u00f3pa &#8211; mondta az \u00fajs\u00e1g\u00edr\u00f3, aki szerint vas\u00e1rnap ki kell mondani: ragaszkodunk ahhoz, hogy Eur\u00f3pa itt megmaradjon.<br \/>\n    B\u00f6r\u00f6cz L\u00e1szl\u00f3, a Fidelitas eln\u00f6ke arra biztatott, hogy vas\u00e1rnap minden magyar fiatal menjen el szavazni, mert a kv\u00f3tan\u00e9pszavaz\u00e1s a k\u00f6vetkez\u0151 negyven \u00e9vr\u0151l d\u00f6nt.<br \/>\n    A v\u00e1lasztm\u00e1nyi \u00fcl\u00e9sen a Fidelitas a hat\u00e1ron t\u00fali partnerszervezetei k\u00e9pvisel\u0151ivel k\u00f6z\u00f6s nyilatkozatot fogadott el a vas\u00e1rnapi n\u00e9pszavaz\u00e1ssal kapcsolatban. A kv\u00f3tarendszert alapjaiban hib\u00e1snak min\u0151s\u00edt\u0151 \u00e9s elutas\u00edt\u00f3 dokumentumban minden K\u00e1rp\u00e1t-medencei magyar fiatalt r\u00e9szv\u00e9telre \u00e9s nem szavazatra buzd\u00edtanak.(MTI)<\/p>\n","protected":false},"excerpt":{"rendered":"<p>A vas\u00e1rnapi kv\u00f3tan\u00e9pszavaz\u00e1s eredm\u00e9ny\u00e9t nem lehet majd &#8222;kicselezni&#8221; Br\u00fcsszelben &#8211; mondta K\u00f3sa Lajos, a Fidesz frakci\u00f3vezet\u0151je p\u00e9nteken a Fidelitas orsz\u00e1gos v\u00e1lasztm\u00e1ny\u00e1nak budapesti \u00fcl\u00e9s\u00e9n, ahol a korm\u00e1nyp\u00e1rt ifj\u00fas\u00e1gi t\u00e1rsszervezet\u00e9nek tagjai k\u00e9rdezt\u00e9k \u0151t a h\u00e9tv\u00e9gi referendumr\u00f3l.<\/p>\n","protected":false},"author":1,"featured_media":0,"comment_status":"open","ping_status":"closed","sticky":false,"template":"","format":"standard","meta":[],"categories":[4],"tags":[],"_links":{"self":[{"href":"https:\/\/gazdasagportal.hu\/index.php\/wp-json\/wp\/v2\/posts\/85266"}],"collection":[{"href":"https:\/\/gazdasagportal.hu\/index.php\/wp-json\/wp\/v2\/posts"}],"about":[{"href":"https:\/\/gazdasagportal.hu\/index.php\/wp-json\/wp\/v2\/types\/post"}],"author":[{"embeddable":true,"href":"https:\/\/gazdasagportal.hu\/index.php\/wp-json\/wp\/v2\/users\/1"}],"replies":[{"embeddable":true,"href":"https:\/\/gazdasagportal.hu\/index.php\/wp-json\/wp\/v2\/comments?post=85266"}],"version-history":[{"count":1,"href":"https:\/\/gazdasagportal.hu\/index.php\/wp-json\/wp\/v2\/posts\/85266\/revisions"}],"predecessor-version":[{"id":85267,"href":"https:\/\/gazdasagportal.hu\/index.php\/wp-json\/wp\/v2\/posts\/85266\/revisions\/85267"}],"wp:attachment":[{"href":"https:\/\/gazdasagportal.hu\/index.php\/wp-json\/wp\/v2\/media?parent=85266"}],"wp:term":[{"taxonomy":"category","embeddable":true,"href":"https:\/\/gazdasagportal.hu\/index.php\/wp-json\/wp\/v2\/categories?post=85266"},{"taxonomy":"post_tag","embeddable":true,"href":"https:\/\/gazdasagportal.hu\/index.php\/wp-json\/wp\/v2\/tags?post=85266"}],"curies":[{"name":"wp","href":"https:\/\/api.w.org\/{rel}","templated":true}]}}