{"id":85063,"date":"2016-09-26T18:08:10","date_gmt":"2016-09-26T16:08:10","guid":{"rendered":"http:\/\/gazdasagportal.hu\/?p=85063"},"modified":"2016-09-26T17:10:03","modified_gmt":"2016-09-26T15:10:03","slug":"brexit-befektetoi-felmeres-minimalis-elonnyel-de-meg-london-a-vilag-vezeto-penzugyi-kozpontja","status":"publish","type":"post","link":"https:\/\/gazdasagportal.hu\/index.php\/brexit-befektetoi-felmeres-minimalis-elonnyel-de-meg-london-a-vilag-vezeto-penzugyi-kozpontja\/","title":{"rendered":"Brexit &#8211; Befektet\u0151i felm\u00e9r\u00e9s: minim\u00e1lis el\u0151nnyel, de m\u00e9g London a vil\u00e1g vezet\u0151 p\u00e9nz\u00fcgyi k\u00f6zpontja"},"content":{"rendered":"<p><strong>Tov\u00e1bbra is London a vil\u00e1g els\u0151 sz\u00e1m\u00fa p\u00e9nz\u00fcgyi szolg\u00e1ltat\u00e1si k\u00f6zpontja, de m\u00e1r csak minim\u00e1lis el\u0151nnyel vezeti a glob\u00e1lis ranglist\u00e1t New York el\u0151tt, \u00e9s a legfrissebb felm\u00e9r\u00e9s szerint jelent\u0151sen romlott a hangulat a City p\u00e9nz\u00fcgyi szolg\u00e1ltat\u00e1si szektor\u00e1ban a brit EU-tags\u00e1gr\u00f3l tartott j\u00faniusi n\u00e9pszavaz\u00e1s \u00f3ta.<\/strong><!--more--><\/p>\n<div class=\"ads-in-post1\"><div id=\"gazdasagportal.hu_fullbanner_wideboard\"><\/div>\r\n<\/div>\n<p>    Az egyik legnagyobb londoni p\u00e9nz\u00fcgyi tan\u00e1csad\u00f3 csoport, a Z\/Yen Group bonyolult m\u00e9r\u00e9si m\u00f3dszertannal kialak\u00edtott, \u00e9vente k\u00e9tszer k\u00f6zz\u00e9tett list\u00e1ja ez\u00fattal 87 v\u00e1rost \u00e9s t\u00e9rs\u00e9get vizsg\u00e1l.<br \/>\n    A c\u00e9g h\u00e9tf\u0151n ismertetett \u00faj glob\u00e1lis rangsor\u00e1ban a k\u00f6z\u00e9p- \u00e9s kelet-eur\u00f3pai mez\u0151nyt Vars\u00f3 vezeti a 45. helyen, 633 ponttal a megszerezhet\u0151 ezerb\u0151l. A lengyel f\u0151v\u00e1ros k\u00e9t helyet el\u0151rel\u00e9pett az el\u0151z\u0151 rangsorhoz k\u00e9pest. Pr\u00e1ga viszont 15 hellyel a 72. helyre esett vissza, ut\u00e1na Budapest k\u00f6vetkezik, amely a tavaszi 74. helyr\u0151l most a 77. helyre ker\u00fclt.<br \/>\n    A teljes rangsorban a sereghajt\u00f3 a 87. helyezett Ath\u00e9n.<br \/>\n    Az els\u0151 k\u00e9t helyen \u00e1ll\u00f3 Londont \u00e9s New Yorkot Szingap\u00far, Hongkong \u00e9s Toki\u00f3 k\u00f6veti a fels\u0151 \u00f6t\u00f6s mez\u0151nyben. Az els\u0151 t\u00edzben szerepel m\u00e9g San Francisco, Boston, Chicago, Z\u00fcrich \u00e9s Washington.<br \/>\n    London rangsorol\u00e1sa azonban m\u00e1r csak egyetlen ponttal el\u0151zi meg New York\u00e9t, ami a Z\/Yen szak\u00e9rt\u0151inek megjegyz\u00e9se szerint &#8222;jelent\u00e9ktelen&#8221; el\u0151ny. London az \u00faj rangsorban 795, New York 794 pontot kapott a megszerezhet\u0151 ezer pontb\u00f3l.<br \/>\n    Az \u00e1prilisban \u00f6ssze\u00e1ll\u00edtott el\u0151z\u0151 glob\u00e1lis ranglist\u00e1n London 800, New York 792 pontot kapott, de a Z\/Yen szak\u00e9rt\u0151i m\u00e1r akkor is azt hangs\u00falyozt\u00e1k, hogy ez jelent\u00e9ktelen k\u00fcl\u00f6nbs\u00e9g.<br \/>\n    A c\u00e9g m\u00f3dszertani meghat\u00e1roz\u00e1sa szerint azok a p\u00e9nz\u00fcgyi k\u00f6zpontok, amelyeket h\u00fasz pontn\u00e1l kisebb \u00e9rt\u00e9kel\u00e9si k\u00fcl\u00f6nbs\u00e9g v\u00e1laszt el egym\u00e1st\u00f3l, gyakorlatilag azonos meg\u00edt\u00e9l\u00e9s\u0171nek tekinthet\u0151k.<br \/>\n    A h\u00e9tf\u0151n ismertetett \u0151szi rangsor elemz\u00e9s\u00e9ben a Z\/Yen szak\u00e9rt\u0151i kiemelt\u00e9k, hogy j\u00f3llehet London \u00f6t pontot vesz\u00edtett az el\u0151z\u0151 \u00e9rt\u00e9kel\u00e9shez k\u00e9pest, ebben az eredm\u00e9nyben m\u00e9g nem is j\u00e1tszott jelent\u0151sebb szerepet a brit EU-tags\u00e1gr\u00f3l j\u00fanius 23-\u00e1n tartott n\u00e9pszavaz\u00e1s, amelyen a brit v\u00e1laszt\u00f3k sz\u0171k, 51,9 sz\u00e1zal\u00e9kos t\u00f6bbs\u00e9ge a kil\u00e9p\u00e9sre voksolt.<br \/>\n    A mostani ranglista \u00f6ssze\u00e1ll\u00edt\u00e1s\u00e1hoz a Z\/Yen j\u00fanius v\u00e9g\u00e9ig gy\u0171jt\u00f6tte a befektet\u0151i \u00e9rt\u00e9kel\u00e9seket, teh\u00e1t a referendum ut\u00e1n n\u00e9h\u00e1ny nappal lez\u00e1rult a felm\u00e9r\u00e9s.<br \/>\n    A h\u00e1z azonban a h\u00e9tf\u0151i list\u00e1hoz f\u0171z\u00f6tt elemz\u00e9s\u00e9ben egyenes utal\u00e1st tett arra, hogy a k\u00f6vetkez\u0151 rangsorban m\u00e1r &#8222;komoly v\u00e1ltoz\u00e1sok lehetnek&#8221;, mivel az ennek \u00f6ssze\u00e1ll\u00edt\u00e1s\u00e1hoz m\u00e1r megkezd\u0151d\u00f6tt felm\u00e9r\u00e9s j\u00faliusban \u00e9s augusztusban be\u00e9rkezett befektet\u0151i \u00e9rt\u00e9kel\u00e9seiben jelent\u0151sen romlott London mint p\u00e9nz\u00fcgyi k\u00f6zpont meg\u00edt\u00e9l\u00e9se.<br \/>\n    Egy m\u00e1sik, szint\u00e9n h\u00e9tf\u0151n Londonban ismertetett friss felm\u00e9r\u00e9s szerint a hangulat a City p\u00e9nz\u00fcgyi szolg\u00e1ltat\u00e1si k\u00f6zpontj\u00e1n bel\u00fcl is romlik a n\u00e9pszavaz\u00e1s \u00f3ta.<br \/>\n    A Brit Iparsz\u00f6vets\u00e9g (CBI) \u00e9s a PwC p\u00e9nz\u00fcgyi tan\u00e1csad\u00f3 csoport 115 v\u00e1llalatra kiterjed\u0151 k\u00f6z\u00f6s vizsg\u00e1lata szerint a megk\u00e9rdezett p\u00e9nz\u00fcgyi t\u00e1rsas\u00e1gok 53 sz\u00e1zal\u00e9ka nyilatkozott \u00fagy, hogy az EU-referendum eredm\u00e9nye a szeptemberrel z\u00e1rult h\u00e1rom h\u00f3napban \u00f6sszess\u00e9g\u00e9ben m\u00e1ris negat\u00edv hat\u00e1st gyakorolt \u00fczletmenet\u00e9re, \u00e9s mind\u00f6ssze 12 sz\u00e1zal\u00e9k sz\u00e1molt be pozit\u00edv v\u00e1ltoz\u00e1sr\u00f3l.<br \/>\n    A p\u00e9nz\u00fcgyi szolg\u00e1ltat\u00f3i szektor v\u00e1llalatvezet\u0151inek f\u0151 aggodalomforr\u00e1sa a n\u00e9pszavaz\u00e1s \u00f3ta tapasztalt piaci \u00e1rfolyamkileng\u00e9s; a felm\u00e9r\u00e9sbe bevont c\u00e9gek 71 sz\u00e1zal\u00e9ka jelentette azt, hogy ebb\u0151l h\u00e1tr\u00e1nya sz\u00e1rmazott.<br \/>\n    A k\u00f6z\u00e9pt\u00e1v\u00fa kock\u00e1zatokra vonatkoz\u00f3 k\u00e9rd\u00e9sre a CBI \u00e1ltal h\u00e9tf\u0151n ismertetett negyed\u00e9ves felm\u00e9r\u00e9s szerint a v\u00e1llalatok 58 sz\u00e1zal\u00e9ka eml\u00edtette a n\u00e9pszavaz\u00e1s eredm\u00e9ny\u00e9b\u0151l a re\u00e1lgazdas\u00e1gra h\u00e1rul\u00f3 k\u00f6vetkezm\u00e9nyeket, 44 sz\u00e1zal\u00e9kukat pedig az is aggasztja, hogy v\u00e1ltozhat Nagy-Britannia hozz\u00e1f\u00e9r\u00e9se az EU-piacokhoz a kil\u00e9p\u00e9s ut\u00e1n.(MTI)<\/p>\n","protected":false},"excerpt":{"rendered":"<p>Tov\u00e1bbra is London a vil\u00e1g els\u0151 sz\u00e1m\u00fa p\u00e9nz\u00fcgyi szolg\u00e1ltat\u00e1si k\u00f6zpontja, de m\u00e1r csak minim\u00e1lis el\u0151nnyel vezeti a glob\u00e1lis ranglist\u00e1t New York el\u0151tt, \u00e9s a legfrissebb felm\u00e9r\u00e9s szerint jelent\u0151sen romlott a hangulat a City p\u00e9nz\u00fcgyi szolg\u00e1ltat\u00e1si szektor\u00e1ban a brit EU-tags\u00e1gr\u00f3l tartott j\u00faniusi n\u00e9pszavaz\u00e1s \u00f3ta.<\/p>\n","protected":false},"author":1,"featured_media":0,"comment_status":"open","ping_status":"closed","sticky":false,"template":"","format":"standard","meta":[],"categories":[246],"tags":[],"_links":{"self":[{"href":"https:\/\/gazdasagportal.hu\/index.php\/wp-json\/wp\/v2\/posts\/85063"}],"collection":[{"href":"https:\/\/gazdasagportal.hu\/index.php\/wp-json\/wp\/v2\/posts"}],"about":[{"href":"https:\/\/gazdasagportal.hu\/index.php\/wp-json\/wp\/v2\/types\/post"}],"author":[{"embeddable":true,"href":"https:\/\/gazdasagportal.hu\/index.php\/wp-json\/wp\/v2\/users\/1"}],"replies":[{"embeddable":true,"href":"https:\/\/gazdasagportal.hu\/index.php\/wp-json\/wp\/v2\/comments?post=85063"}],"version-history":[{"count":1,"href":"https:\/\/gazdasagportal.hu\/index.php\/wp-json\/wp\/v2\/posts\/85063\/revisions"}],"predecessor-version":[{"id":85064,"href":"https:\/\/gazdasagportal.hu\/index.php\/wp-json\/wp\/v2\/posts\/85063\/revisions\/85064"}],"wp:attachment":[{"href":"https:\/\/gazdasagportal.hu\/index.php\/wp-json\/wp\/v2\/media?parent=85063"}],"wp:term":[{"taxonomy":"category","embeddable":true,"href":"https:\/\/gazdasagportal.hu\/index.php\/wp-json\/wp\/v2\/categories?post=85063"},{"taxonomy":"post_tag","embeddable":true,"href":"https:\/\/gazdasagportal.hu\/index.php\/wp-json\/wp\/v2\/tags?post=85063"}],"curies":[{"name":"wp","href":"https:\/\/api.w.org\/{rel}","templated":true}]}}