{"id":85058,"date":"2016-09-26T16:40:41","date_gmt":"2016-09-26T14:40:41","guid":{"rendered":"http:\/\/gazdasagportal.hu\/?p=85058"},"modified":"2016-09-26T16:40:41","modified_gmt":"2016-09-26T14:40:41","slug":"terez-koruti-robbantas-kozzetettek-egy-videofelvetelt-a-feltetelezett-tettesrol","status":"publish","type":"post","link":"https:\/\/gazdasagportal.hu\/index.php\/terez-koruti-robbantas-kozzetettek-egy-videofelvetelt-a-feltetelezett-tettesrol\/","title":{"rendered":"Ter\u00e9z k\u00f6r\u00fati robbant\u00e1s &#8211; K\u00f6zz\u00e9tettek egy videofelv\u00e9telt a felt\u00e9telezett tettesr\u0151l"},"content":{"rendered":"<p><strong>K\u00f6zz\u00e9tett egy videofelv\u00e9telt \u00e9s t\u00f6bb fot\u00f3t a rend\u0151rs\u00e9g a szombat esti Ter\u00e9z k\u00f6r\u00fati robbant\u00e1s felt\u00e9telezett elk\u00f6vet\u0151j\u00e9r\u0151l a honlapj\u00e1n, a police.hu-n h\u00e9tf\u0151 d\u00e9lut\u00e1n.<\/strong><!--more--><\/p>\n<div class=\"ads-in-post1\"><div id=\"gazdasagportal.hu_fullbanner_wideboard\"><\/div>\r\n<\/div>\n<p>    A police.hu-n l\u00e1that\u00f3 egy 18 perces vide\u00f3, amelyet egy t\u00e9rfigyel\u0151 kamera r\u00f6gz\u00edtett, \u00e9s a helysz\u00ednt mutatja. A felv\u00e9telen l\u00e1that\u00f3 a felt\u00e9telezett elk\u00f6vet\u0151, a megs\u00e9r\u00fclt rend\u0151r\u00f6k \u00e9s a robban\u00e1s is. A vide\u00f3 v\u00e9g\u00e9n l\u00e1that\u00f3 egy f\u00e9rfi, aki t\u00f6bbsz\u00f6r a kez\u00e9ben tartott csomagba ny\u00fal, a robban\u00e1s el\u0151tt egy kapualjba h\u00faz\u00f3dik, majd azt k\u00f6vet\u0151en elindul a f\u00f6ld\u00f6n fekv\u0151 rend\u0151r\u00f6k fel\u00e9.<br \/>\n    Az Orsz\u00e1gos Rend\u0151r-f\u0151kapit\u00e1nys\u00e1g hat fot\u00f3t is k\u00f6zreadott a felt\u00e9tezett tettesr\u0151l. A rend\u0151rs\u00e9g k\u00f6z\u00f6lte: az ismeretlen f\u00e9rfi k\u00f6r\u00fclbel\u00fcl 170 centim\u00e9ter magas, 20-25 \u00e9v k\u00f6r\u00fcli, az elk\u00f6vet\u00e9skor vil\u00e1gos horg\u00e1szkalapot, s\u00f6t\u00e9t v\u00e1szondzsekit, k\u00e9k farmernadr\u00e1got \u00e9s feh\u00e9r sportcip\u0151t viselt.<br \/>\n    A K\u00e9szenl\u00e9ti Rend\u0151rs\u00e9g Nemzeti Nyomoz\u00f3 Iroda k\u00e9ri, hogy aki felismeri a f\u00e9nyk\u00e9peken l\u00e1that\u00f3 f\u00e9rfit, szem\u00e9ly\u00e9r\u0151l, tart\u00f3zkod\u00e1si hely\u00e9r\u0151l b\u00e1rmilyen inform\u00e1ci\u00f3ja van, t\u00e1rcs\u00e1zza a nap 24 \u00f3r\u00e1j\u00e1ban az ingyenesen h\u00edvhat\u00f3 06 80 620 107-es sz\u00e1mot, vagy a Telefontan\u00fa 06 80 555 111-es z\u00f6ld sz\u00e1m\u00e1t. Bejelent\u00e9s\u00e9t megteheti a 107, 112 k\u00f6zponti seg\u00e9lyh\u00edv\u00f3k valamelyik\u00e9n, valamint szem\u00e9lyesen b\u00e1rmelyik rend\u0151ri szervn\u00e9l. A rend\u0151rs\u00e9g bizalmasan kezeli a bejelent\u0151 szem\u00e9ly\u00e9t.<br \/>\n    Papp K\u00e1roly orsz\u00e1gos rend\u0151rf\u0151kapit\u00e1ny 10 milli\u00f3 forintos nyomravezet\u0151i d\u00edjat t\u0171z\u00f6tt ki &#8211; eml\u00e9keztettek.<br \/>\n    K\u00f6z\u00f6lt\u00e9k tov\u00e1bb\u00e1: a K\u00e9szenl\u00e9ti Rend\u0151rs\u00e9g Nemzeti Nyomoz\u00f3 Iroda t\u00f6bb ember s\u00e9relm\u00e9re elk\u00f6vetett ember\u00f6l\u00e9s k\u00eds\u00e9rlete \u00e9s m\u00e1s b\u0171ncselekm\u00e9nyek elk\u00f6vet\u00e9s\u00e9nek gyan\u00faja miatt folytat elj\u00e1r\u00e1st ismeretlen tettes ellen.<br \/>\n    A f\u0151v\u00e1rosban, a VI. ker\u00fcletben, a Ter\u00e9z k\u00f6r\u00faton, a Kir\u00e1ly utcai keresztez\u0151d\u00e9sben l\u00e9v\u0151 egyik f\u00f6ldszinti \u00fczlethelyis\u00e9gn\u00e9l szombat \u00e9jjel t\u00f6rt\u00e9nt robbant\u00e1s, amelyben k\u00e9t rend\u0151r megs\u00e9r\u00fclt.(MTI)<\/p>\n","protected":false},"excerpt":{"rendered":"<p>K\u00f6zz\u00e9tett egy videofelv\u00e9telt \u00e9s t\u00f6bb fot\u00f3t a rend\u0151rs\u00e9g a szombat esti Ter\u00e9z k\u00f6r\u00fati robbant\u00e1s felt\u00e9telezett elk\u00f6vet\u0151j\u00e9r\u0151l a honlapj\u00e1n, a police.hu-n h\u00e9tf\u0151 d\u00e9lut\u00e1n.<\/p>\n","protected":false},"author":1,"featured_media":0,"comment_status":"open","ping_status":"closed","sticky":false,"template":"","format":"standard","meta":[],"categories":[4],"tags":[],"_links":{"self":[{"href":"https:\/\/gazdasagportal.hu\/index.php\/wp-json\/wp\/v2\/posts\/85058"}],"collection":[{"href":"https:\/\/gazdasagportal.hu\/index.php\/wp-json\/wp\/v2\/posts"}],"about":[{"href":"https:\/\/gazdasagportal.hu\/index.php\/wp-json\/wp\/v2\/types\/post"}],"author":[{"embeddable":true,"href":"https:\/\/gazdasagportal.hu\/index.php\/wp-json\/wp\/v2\/users\/1"}],"replies":[{"embeddable":true,"href":"https:\/\/gazdasagportal.hu\/index.php\/wp-json\/wp\/v2\/comments?post=85058"}],"version-history":[{"count":1,"href":"https:\/\/gazdasagportal.hu\/index.php\/wp-json\/wp\/v2\/posts\/85058\/revisions"}],"predecessor-version":[{"id":85059,"href":"https:\/\/gazdasagportal.hu\/index.php\/wp-json\/wp\/v2\/posts\/85058\/revisions\/85059"}],"wp:attachment":[{"href":"https:\/\/gazdasagportal.hu\/index.php\/wp-json\/wp\/v2\/media?parent=85058"}],"wp:term":[{"taxonomy":"category","embeddable":true,"href":"https:\/\/gazdasagportal.hu\/index.php\/wp-json\/wp\/v2\/categories?post=85058"},{"taxonomy":"post_tag","embeddable":true,"href":"https:\/\/gazdasagportal.hu\/index.php\/wp-json\/wp\/v2\/tags?post=85058"}],"curies":[{"name":"wp","href":"https:\/\/api.w.org\/{rel}","templated":true}]}}