{"id":85054,"date":"2016-09-26T15:02:57","date_gmt":"2016-09-26T13:02:57","guid":{"rendered":"http:\/\/gazdasagportal.hu\/?p=85054"},"modified":"2016-09-26T15:02:57","modified_gmt":"2016-09-26T13:02:57","slug":"ket-ujabb-csatornat-indit-a-tv2-csoport","status":"publish","type":"post","link":"https:\/\/gazdasagportal.hu\/index.php\/ket-ujabb-csatornat-indit-a-tv2-csoport\/","title":{"rendered":"K\u00e9t \u00fajabb csatorn\u00e1t ind\u00edt a TV2-csoport"},"content":{"rendered":"<p><strong>Egy gyerekeknek sz\u00f3l\u00f3 csatorna, a Kiwi TV \u00e9s egy gasztroad\u00f3, a Chili TV indul\u00e1s\u00e1t jelentette be az MTI-hez h\u00e9tf\u0151n eljuttatott k\u00f6zlem\u00e9ny\u00e9ben a TV2-csoport; k\u00f6zl\u00e9s\u00fck szerint mindk\u00e9t program m\u00e9g a nap folyam\u00e1n megkezdi ad\u00e1s\u00e1t.<\/strong><!--more--><\/p>\n<div class=\"ads-in-post1\"><div id=\"gazdasagportal.hu_fullbanner_wideboard\"><\/div>\r\n<\/div>\n<p>    T\u00e1j\u00e9koztat\u00e1suk szerint este h\u00e9t \u00f3rakor indul a k\u00e9t saj\u00e1t gy\u00e1rt\u00e1s\u00fa m\u0171sorral deb\u00fct\u00e1l\u00f3 Chili TV, amelyb\u0151l a konyhai fort\u00e9lyok \u00e9s a csal\u00e1di receptek bemutat\u00e1sa mellett a nemzetk\u00f6zi konyh\u00e1t is megmerhetik a n\u00e9z\u0151k.<br \/>\n    Jelezt\u00e9k: a legkisebbek sz\u00f3rakoztat\u00e1s\u00e1r\u00f3l a Kiwi TV gondoskodik majd, ahol oktat\u00f3 \u00e9s sz\u00f3rakoztat\u00f3 tartalmak egyar\u00e1nt helyet kapnak, k\u00f6zt\u00fck egy saj\u00e1t gy\u00e1rt\u00e1s\u00fa zen\u00e9s, edukat\u00edv gyerekm\u0171sor; a tartalom els\u0151sorban a 4-10 \u00e9ves kor\u00faakra f\u00f3kusz\u00e1l, akik a zen\u00e9s kikapcsol\u00f3d\u00e1s mellett szellemi k\u00e9pess\u00e9geiket is fejleszthetik.<br \/>\n    Jelezt\u00e9k: a tavasszal bejelentet portfoli\u00f3b\u0151v\u00edt\u00e9s sor\u00e1n ind\u00edtott \u00faj csatorn\u00e1kat a UPC Digital Bronze \u00e9s Digital Gold csomagj\u00e1ban m\u00e1r megtal\u00e1lhatj\u00e1k az \u00e9rdekl\u0151d\u0151k. A tov\u00e1bbi szolg\u00e1ltat\u00f3kkal folytatott t\u00e1rgyal\u00e1sok eredm\u00e9nyek\u00e9nt a k\u00e9s\u0151bbiekben egyre sz\u00e9lesebb k\u00f6rben lesznek el\u00e9rhet\u0151ek &#8211; tett\u00e9k hozz\u00e1.(MTI)<\/p>\n","protected":false},"excerpt":{"rendered":"<p>Egy gyerekeknek sz\u00f3l\u00f3 csatorna, a Kiwi TV \u00e9s egy gasztroad\u00f3, a Chili TV indul\u00e1s\u00e1t jelentette be az MTI-hez h\u00e9tf\u0151n eljuttatott k\u00f6zlem\u00e9ny\u00e9ben a TV2-csoport; k\u00f6zl\u00e9s\u00fck szerint mindk\u00e9t program m\u00e9g a nap folyam\u00e1n megkezdi ad\u00e1s\u00e1t.<\/p>\n","protected":false},"author":1,"featured_media":0,"comment_status":"open","ping_status":"closed","sticky":false,"template":"","format":"standard","meta":[],"categories":[4,19],"tags":[],"_links":{"self":[{"href":"https:\/\/gazdasagportal.hu\/index.php\/wp-json\/wp\/v2\/posts\/85054"}],"collection":[{"href":"https:\/\/gazdasagportal.hu\/index.php\/wp-json\/wp\/v2\/posts"}],"about":[{"href":"https:\/\/gazdasagportal.hu\/index.php\/wp-json\/wp\/v2\/types\/post"}],"author":[{"embeddable":true,"href":"https:\/\/gazdasagportal.hu\/index.php\/wp-json\/wp\/v2\/users\/1"}],"replies":[{"embeddable":true,"href":"https:\/\/gazdasagportal.hu\/index.php\/wp-json\/wp\/v2\/comments?post=85054"}],"version-history":[{"count":1,"href":"https:\/\/gazdasagportal.hu\/index.php\/wp-json\/wp\/v2\/posts\/85054\/revisions"}],"predecessor-version":[{"id":85055,"href":"https:\/\/gazdasagportal.hu\/index.php\/wp-json\/wp\/v2\/posts\/85054\/revisions\/85055"}],"wp:attachment":[{"href":"https:\/\/gazdasagportal.hu\/index.php\/wp-json\/wp\/v2\/media?parent=85054"}],"wp:term":[{"taxonomy":"category","embeddable":true,"href":"https:\/\/gazdasagportal.hu\/index.php\/wp-json\/wp\/v2\/categories?post=85054"},{"taxonomy":"post_tag","embeddable":true,"href":"https:\/\/gazdasagportal.hu\/index.php\/wp-json\/wp\/v2\/tags?post=85054"}],"curies":[{"name":"wp","href":"https:\/\/api.w.org\/{rel}","templated":true}]}}