{"id":85048,"date":"2016-09-26T12:14:13","date_gmt":"2016-09-26T10:14:13","guid":{"rendered":"http:\/\/gazdasagportal.hu\/?p=85048"},"modified":"2016-09-26T12:14:13","modified_gmt":"2016-09-26T10:14:13","slug":"atradius-a-remeltnel-alacsonyabb-lesz-jovore-a-magyar-gdp-novekedese","status":"publish","type":"post","link":"https:\/\/gazdasagportal.hu\/index.php\/atradius-a-remeltnel-alacsonyabb-lesz-jovore-a-magyar-gdp-novekedese\/","title":{"rendered":"Atradius: a rem\u00e9ltn\u00e9l alacsonyabb lesz j\u00f6v\u0151re a magyar GDP n\u00f6veked\u00e9se"},"content":{"rendered":"<p><strong>Az Atradius r\u00e9gi\u00f3s elemz\u00e9se szerint Magyarorsz\u00e1g hitelbiztos\u00edt\u00e1si szempontb\u00f3l a k\u00f6zepesen kock\u00e1zatos orsz\u00e1gok k\u00f6z\u00e9 tartozik \u00e9s a magyar gazdas\u00e1g teljes\u00edtm\u00e9nye elmarad a t\u00e9rs\u00e9gbeli orsz\u00e1gok\u00e9t\u00f3l.\u00a0 A piacvezet\u0151 hitelbiztos\u00edt\u00f3 elemz\u0151i fokozott kock\u00e1zatnak tartj\u00e1k a k\u00f6z\u00e9p-eur\u00f3pai exportkitetts\u00e9get \u00e9s a j\u00e1rm\u0171ipart\u00f3l val\u00f3 f\u00fcgg\u00e9st.\u00a0 A t\u00e9rs\u00e9gben Lengyelorsz\u00e1got \u00e9rintheti a legink\u00e1bb a Brexit, vagyis Nagy-Britannia kil\u00e9p\u00e9se az Eur\u00f3pai Uni\u00f3b\u00f3l. \u00a0<\/strong><!--more--><\/p>\n<div class=\"ads-in-post1\"><div id=\"gazdasagportal.hu_fullbanner_wideboard\"><\/div>\r\n<\/div>\n<p>A magyar GDP n\u00f6veked\u00e9se id\u00e9n v\u00e1rhat\u00f3an 1,8%-ra lassul, ami f\u0151leg az Eur\u00f3pai Uni\u00f3s p\u00e9nzek cs\u00f6kken\u0151 kifizet\u00e9s\u00e9nek, illetve az \u00e1llami beruh\u00e1z\u00e1sok cs\u00f6kken\u0151 \u00fctem\u00e9nek k\u00f6vetkezm\u00e9nye. <em>\u201eA magyar gazdas\u00e1g idei er\u0151s\u00f6d\u00e9s\u00e9t a mag\u00e1nfogyaszt\u00e1s 3,7%-os b\u0151v\u00fcl\u00e9se teszi lehet\u0151v\u00e9. A h\u00e1ztart\u00e1sok fogyaszt\u00e1sa m\u00f6g\u00f6tt a b\u00e9rek n\u00f6veked\u00e9se, az ad\u00f3k cs\u00f6kken\u00e9se \u00e9s az alacsony munkan\u00e9lk\u00fclis\u00e9g \u00e1ll, ez 2016-ban v\u00e1rhat\u00f3an 6% k\u00f6r\u00fcl lesz. A foglalkoztatotts\u00e1g b\u0151v\u00fcl\u00e9s\u00e9t egyr\u00e9szt a mag\u00e1nszektor n\u00f6vekv\u0151 munkaer\u0151-ig\u00e9nyei, m\u00e1sr\u00e9szt a k\u00f6zmunkaprogramok mozgatj\u00e1k\u201d <\/em>\u2013 mondta Vanek Bal\u00e1zs orsz\u00e1gigazgat\u00f3. <em>\u00a0<\/em><\/p>\n<p>&nbsp;<\/p><div id=\"gazda-1033877048\" class=\"gazda-tartalomban gazda-entity-placement\"><script async src=\"https:\/\/pagead2.googlesyndication.com\/pagead\/js\/adsbygoogle.js\"><\/script>\r\n<ins class=\"adsbygoogle\"\r\n     style=\"display:block\"\r\n     data-ad-format=\"fluid\"\r\n     data-ad-layout-key=\"-6t+ed+2i-1n-4w\"\r\n     data-ad-client=\"ca-pub-1959107119989764\"\r\n     data-ad-slot=\"4008251320\"><\/ins>\r\n<script>\r\n     (adsbygoogle = window.adsbygoogle || []).push({});\r\n<\/script><\/div>\n<p>Az Atradius elemz\u0151i azt v\u00e1rj\u00e1k, hogy j\u00f6v\u0151re cs\u00f6kken export n\u00f6veked\u00e9s\u00e9nek \u00fcteme, de a kivitel tov\u00e1bbra is er\u0151s marad (5,2%). Az elemz\u00e9s szerint a k\u00fclkereskedelmi m\u00e9rleg 2017-ben is pozit\u00edv lesz.\u00a0 A GDP 2,6%-kal er\u0151s\u00f6dhet, mert n\u0151nek majd a mag\u00e1nfogyaszt\u00e1sok \u00e9s \u00fajra felp\u00f6r\u00f6gnek az \u00e1llami beruh\u00e1z\u00e1sok, de a n\u00f6veked\u00e9s nem \u00e9ri el a korm\u00e1ny \u00e1ltal v\u00e1rt m\u00e9rt\u00e9ket.\u00a0 A magyar kock\u00e1zatok az eur\u00f3z\u00f3na bizonytalans\u00e1gaib\u00f3l \u00e9s a vil\u00e1gkereskedelem lelassul\u00e1s\u00e1b\u00f3l fakadhatnak, amelyek nyom\u00e1n cs\u00f6kkenhet a magyar export.<\/p>\n<p>&nbsp;<\/p>\n<p>2016 els\u0151 f\u00e9l\u00e9v\u00e9ben a Magyar Nemzeti Bank k\u00e9tszer is cs\u00f6kkentette az alapkamatot, amely jelenleg 0,9%.\u00a0 A jegybank d\u00f6nt\u00e9s\u00e9ben az infl\u00e1ci\u00f3 lass\u00edt\u00e1sa \u00e9s a gazdas\u00e1gi n\u00f6veked\u00e9s seg\u00edt\u00e9se j\u00e1tszotta a legf\u0151bb szerepet.\u00a0 A piacvezet\u0151 hitelbiztos\u00edt\u00f3 a 2014-es \u00e9s 2015-\u00f6s defl\u00e1ci\u00f3 ut\u00e1n a fogyaszt\u00f3i \u00e1rak emelked\u00e9s\u00e9t v\u00e1rja.\u00a0 Az Atradius tanulm\u00e1nya szerint az id\u00e9n 0,9%, j\u00f6v\u0151re pedig 2,1% lehet a fogyaszt\u00f3i \u00e1rak er\u0151s\u00f6d\u00e9se.<\/p>\n<p>&nbsp;<\/p>\n<p>A korm\u00e1ny kitartott a fisk\u00e1lis fegyelem mellett.\u00a0 <em>\u201eA k\u00f6lts\u00e9gvet\u00e9si hi\u00e1ny 3% alatt tart\u00e1sa tov\u00e1bbra is az egyik legfontosabb c\u00e9l, \u00e9s ezt az id\u00e9n is \u00e9s j\u00f6v\u0151re is siker\u00fcl teljes\u00edteni.\u00a0 2016-ban 2,6%-os hi\u00e1nyt prognosztiz\u00e1lunk, 2017-ben pedig 2,7%-t. Ugyanakkor l\u00e1tni kell, hogy a hi\u00e1nyc\u00e9l el\u00e9r\u00e9s\u00e9ben m\u00e9g mindig szerepet j\u00e1tszanak a k\u00fcl\u00f6nad\u00f3k\u201d <\/em>\u2013 mondta Vanek Bal\u00e1zs.<\/p>\n<p>&nbsp;<\/p>\n<p>A magyar \u00e1llamh\u00e1ztart\u00e1s legnagyobb gyenges\u00e9ge a k\u00fcls\u0151 ad\u00f3ss\u00e1g m\u00e9rt\u00e9ke, amely 2015-ben magasabb volt, mint a GDP 100%-a. <em>\u201eA k\u00fcls\u0151 ad\u00f3ss\u00e1g jelent\u0151s r\u00e9sze devizaad\u00f3ss\u00e1g, ami tov\u00e1bb n\u00f6veli a probl\u00e9m\u00e1t, hiszen a gyenge forint nehez\u00edti azoknak a h\u00e1ztart\u00e1soknak \u00e9s v\u00e1llalatoknak a helyzet\u00e9t, amelyek szint\u00e9n deviz\u00e1ban ad\u00f3sodtak el.\u00a0 Ez azt jelenti, hogy a kedvez\u0151 folyamatok ellen\u00e9re Magyarorsz\u00e1g tov\u00e1bbra is sebezhet\u0151 a befektet\u0151i hangulat v\u00e1ltoz\u00e1saival \u00e9s a devizakock\u00e1zatokkal szemben\u201d<\/em> \u2013 mondta az Atradius orsz\u00e1gigazgat\u00f3ja.<\/p>\n<p>&nbsp;<\/p>\n<p>A r\u00e9gi\u00f3 orsz\u00e1gok gazdas\u00e1gai nagyobb m\u00e9rt\u00e9kben n\u00f6vekednek majd a magyarn\u00e1l.\u00a0 A lengyel GDP az eur\u00f3z\u00f3na n\u00f6veked\u00e9si \u00fctem\u00e9n\u00e9l nagyobb m\u00e9rt\u00e9kben n\u0151tt az elm\u00falt \u00e9vekben, tavaly p\u00e9ld\u00e1ul 3,6%-kal, az idei v\u00e1rt b\u0151v\u00fcl\u00e9s 3,4%, \u00e9s az Atradius elemz\u0151i 3,15%-os n\u00f6veked\u00e9st v\u00e1rnak 2017-ben.\u00a0 A cseh gazdas\u00e1g a tavalyi, igen er\u0151s, 4,6%-os n\u00f6veked\u00e9shez k\u00e9pest visszaesik.\u00a0 Az idei GDP-n\u00f6veked\u00e9s 2,5% lehet, m\u00edg 2017-ben 2,7%.\u00a0 A szlov\u00e1k gazdas\u00e1g n\u00f6veked\u00e9se megmarad 3% f\u00f6l\u00f6tt 2016-ban \u00e9s 2017-ben is.<\/p>\n<p>&nbsp;<\/p>\n<p>A t\u00e9rs\u00e9g orsz\u00e1gaira jellemz\u0151 a magas exportkitetts\u00e9g.\u00a0 Az Eur\u00f3pai Uni\u00f3 tag\u00e1llamai k\u00f6z\u00fcl Csehorsz\u00e1gban a legmagasabb az export ar\u00e1nya a GDP-n bel\u00fcl (75%), \u00edgy a cseh gazdas\u00e1g az alapvet\u0151en j\u00f3 kil\u00e1t\u00e1sok ellen\u00e9re is k\u00f6nnyen megszenvedheti az eur\u00f3z\u00f3na javul\u00e1s\u00e1nak t\u00f6r\u00e9kenys\u00e9g\u00e9t. \u00a0Szlov\u00e1kia az ipari term\u00e9kek, f\u0151leg a j\u00e1rm\u0171ipar exportj\u00e1ra alapozta a gazdas\u00e1g\u00e1t, \u00edgy sebezhet\u0151 az eur\u00f3z\u00f3na vagy a n\u00e9met gazdas\u00e1g gyeng\u00fcl\u00e9s\u00e9vel szemben, de \u00e9rz\u00e9keny a nemzetk\u00f6zi aut\u00f3ipar negat\u00edv esem\u00e9nyeire, pl. a Volkswagen-d\u00edzelbotr\u00e1nyra is. \u00a0A lengyel gazdas\u00e1g szint\u00e9n er\u0151sen f\u00fcgg az eur\u00f3z\u00f3n\u00e1t\u00f3l, r\u00e1ad\u00e1sul a Jog \u00e9s Igazs\u00e1goss\u00e1g (PiS) \u00e1ltal alap\u00edtott korm\u00e1ny egyes gazdas\u00e1gi int\u00e9zked\u00e9sei negat\u00edvan hathatnak a nemzetk\u00f6zi befektet\u00e9sekre.\u00a0 Vanek Bal\u00e1zs szerint Lengyelorsz\u00e1g lehet a Brexit legnagyobb k\u00e1rvallottja.\u00a0 A Nagy-Britanni\u00e1ban dolgoz\u00f3 lengyelek jelenleg \u00e9vente k\u00f6zel 4 milli\u00e1rd eur\u00f3t utalnak haza.\u00a0 A Brexit hossz\u00fa t\u00e1von a struktur\u00e1lis alapok \u00e1talak\u00edt\u00e1s\u00e1t \u00e9s a t\u00e1mogat\u00e1sok cs\u00f6kkent\u00e9s\u00e9t is jelentheti, holott ezekre t\u00e1maszkodott eddig a lengyel gazdas\u00e1gi fejl\u0151d\u00e9s. V\u00e9g\u00fcl, Nagy-Britannia Lengyelorsz\u00e1g m\u00e1sodik f\u0151 exportpiaca N\u00e9metorsz\u00e1g ut\u00e1n, \u00e9s a Brexit visszavetheti a lengyel exportot.<\/p>\n<p>&nbsp;<\/p>\n<p><strong><em>Az Atradiusr\u00f3l<\/em><\/strong><\/p>\n<p><strong><em>\u00a0<\/em><\/strong><\/p>\n<p><em>Az Atradius Magyarorsz\u00e1g piacvezet\u0151 hitelbiztos\u00edt\u00f3ja. A v\u00e1llalat hitelbiztos\u00edt\u00e1ssal, viszontbiztos\u00edt\u00e1ssal \u00e9s k\u00f6vetel\u00e9sbehajt\u00e1si szolg\u00e1ltat\u00e1sokkal v\u00e9di a v\u00e1llalkoz\u00e1sokat a hitelkock\u00e1zatok ellen.\u00a0 Az Atradius a vil\u00e1g 50 orsz\u00e1g\u00e1ban t\u00f6bb mint 160 irod\u00e1t \u00fczemeltet, 100 milli\u00f3 c\u00e9g adatait tartalmaz\u00f3 hitelinform\u00e1ci\u00f3s adatb\u00e1zissal rendelkezik, \u00e9s a munkat\u00e1rsai 20 ezer hitellimit meg\u00e1llap\u00edt\u00e1st v\u00e9geznek naponta. A v\u00e1llalatcsoport \u00e1rbev\u00e9tele 1,6 milli\u00e1rd eur\u00f3 volt 2015-ben. Az Atradius tulajdonosa a spanyol Grupo Catalana Occidente biztos\u00edt\u00f3. <\/em><\/p>\n<p><em>\u00a0<\/em><\/p>\n<p><a href=\"http:\/\/www.atradius.hu\" target=\"_blank\" rel=\"noopener\"><em>www.atradius.hu<\/em><\/a><\/p>\n","protected":false},"excerpt":{"rendered":"<p>Az Atradius r\u00e9gi\u00f3s elemz\u00e9se szerint Magyarorsz\u00e1g hitelbiztos\u00edt\u00e1si szempontb\u00f3l a k\u00f6zepesen kock\u00e1zatos orsz\u00e1gok k\u00f6z\u00e9 tartozik \u00e9s a magyar gazdas\u00e1g teljes\u00edtm\u00e9nye elmarad a t\u00e9rs\u00e9gbeli orsz\u00e1gok\u00e9t\u00f3l.\u00a0 A piacvezet\u0151 hitelbiztos\u00edt\u00f3 elemz\u0151i fokozott kock\u00e1zatnak tartj\u00e1k a k\u00f6z\u00e9p-eur\u00f3pai exportkitetts\u00e9get \u00e9s a j\u00e1rm\u0171ipart\u00f3l val\u00f3 f\u00fcgg\u00e9st.\u00a0 A t\u00e9rs\u00e9gben Lengyelorsz\u00e1got \u00e9rintheti a legink\u00e1bb a Brexit, vagyis Nagy-Britannia kil\u00e9p\u00e9se az Eur\u00f3pai Uni\u00f3b\u00f3l. \u00a0<\/p>\n","protected":false},"author":1,"featured_media":0,"comment_status":"open","ping_status":"closed","sticky":false,"template":"","format":"standard","meta":[],"categories":[19],"tags":[],"_links":{"self":[{"href":"https:\/\/gazdasagportal.hu\/index.php\/wp-json\/wp\/v2\/posts\/85048"}],"collection":[{"href":"https:\/\/gazdasagportal.hu\/index.php\/wp-json\/wp\/v2\/posts"}],"about":[{"href":"https:\/\/gazdasagportal.hu\/index.php\/wp-json\/wp\/v2\/types\/post"}],"author":[{"embeddable":true,"href":"https:\/\/gazdasagportal.hu\/index.php\/wp-json\/wp\/v2\/users\/1"}],"replies":[{"embeddable":true,"href":"https:\/\/gazdasagportal.hu\/index.php\/wp-json\/wp\/v2\/comments?post=85048"}],"version-history":[{"count":1,"href":"https:\/\/gazdasagportal.hu\/index.php\/wp-json\/wp\/v2\/posts\/85048\/revisions"}],"predecessor-version":[{"id":85049,"href":"https:\/\/gazdasagportal.hu\/index.php\/wp-json\/wp\/v2\/posts\/85048\/revisions\/85049"}],"wp:attachment":[{"href":"https:\/\/gazdasagportal.hu\/index.php\/wp-json\/wp\/v2\/media?parent=85048"}],"wp:term":[{"taxonomy":"category","embeddable":true,"href":"https:\/\/gazdasagportal.hu\/index.php\/wp-json\/wp\/v2\/categories?post=85048"},{"taxonomy":"post_tag","embeddable":true,"href":"https:\/\/gazdasagportal.hu\/index.php\/wp-json\/wp\/v2\/tags?post=85048"}],"curies":[{"name":"wp","href":"https:\/\/api.w.org\/{rel}","templated":true}]}}