{"id":85046,"date":"2016-09-26T11:32:04","date_gmt":"2016-09-26T09:32:04","guid":{"rendered":"http:\/\/gazdasagportal.hu\/?p=85046"},"modified":"2016-09-26T11:32:04","modified_gmt":"2016-09-26T09:32:04","slug":"megkezdodott-az-alteo-reszvenyeinek-ertekesitese","status":"publish","type":"post","link":"https:\/\/gazdasagportal.hu\/index.php\/megkezdodott-az-alteo-reszvenyeinek-ertekesitese\/","title":{"rendered":"Megkezd\u0151d\u00f6tt az Alteo r\u00e9szv\u00e9nyeinek \u00e9rt\u00e9kes\u00edt\u00e9se"},"content":{"rendered":"<p><strong>Elind\u00edtotta az Alteo Energiaszolg\u00e1ltat\u00f3 Nyrt. r\u00e9szv\u00e9nyeinek els\u0151 nyilv\u00e1nos forgalomba hozatal\u00e1t h\u00e9tf\u0151n, a t\u0151keemel\u00e9st c\u00e9lz\u00f3 tranzakci\u00f3 h\u00e1rom h\u00e9tig, legk\u00e9s\u0151bb okt\u00f3ber 17-ig tart &#8211; jelentette be ifj. Chik\u00e1n Attila, az Alteo Group vez\u00e9rigazgat\u00f3ja sajt\u00f3t\u00e1j\u00e9koztat\u00f3n h\u00e9tf\u0151n, Budapesten.<\/strong><!--more--><\/p>\n<div class=\"ads-in-post1\"><div id=\"gazdasagportal.hu_fullbanner_wideboard\"><\/div>\r\n<\/div>\n<p>    K\u00f6z\u00f6lte: a mag\u00e1nbefektet\u0151knek nyilv\u00e1nos jegyz\u00e9sen 300 ezer r\u00e9szv\u00e9nyt terveznek \u00e9rt\u00e9kes\u00edteni, int\u00e9zm\u00e9nyi befektet\u0151k z\u00e1rtk\u00f6r\u0171 jegyz\u00e9sen vehetnek r\u00e9szt. Az Alteo r\u00e9szv\u00e9nyeinek maximum \u00e1ra a nyilv\u00e1nos \u00e9rt\u00e9kes\u00edt\u00e9s sor\u00e1n 4900 forint.<br \/>\n    Hozz\u00e1tette: az Alteo 2008-t\u00f3l folyamatosan k\u00e9tsz\u00e1mjegy\u0171 n\u00f6veked\u00e9st \u00e9rt el. Ezt a n\u00f6veked\u00e9st tervezik folytatni a k\u00f6vetkez\u0151 \u00e9vekben, a meg\u00fajul\u00f3 energia elterjed\u00e9s\u00e9vel.<br \/>\n    Az \u00e9rt\u00e9kes\u00edt\u00e9s vezet\u0151 forgalmaz\u00f3ja az UniCredit Bank Hungary Zrt., a t\u00e1rsforgalmaz\u00f3 az Erste Befektet\u00e9si Zrt. A t\u00e1rsas\u00e1g t\u00f6bbs\u00e9gi tulajdonosa, a Wallis Asset Management Zrt. tervei szerint 51 sz\u00e1zal\u00e9kos t\u00f6bbs\u00e9gi tulajdon\u00e1t megtartja, csak t\u00falkereslet eset\u00e9n adhat el. Sz\u00e1m\u00edt\u00e1saik szerint \u00f6sszesen maximum 900 ezer r\u00e9szv\u00e9nyt \u00e9rt\u00e9kes\u00edtenek nyilv\u00e1nosan \u00e9s z\u00e1rt k\u00f6rben.<br \/>\n    Kov\u00e1cs Domonkos, az Alteo-csoport M&#038;A \u00e9s t\u0151kepiacok igazgat\u00f3ja k\u00f6z\u00f6lte: 3 milli\u00e1rd forint t\u0151k\u00e9t terveznek bevonni \u00faj r\u00e9szv\u00e9nykibocs\u00e1t\u00e1ssal. A t\u0151kepiaci forr\u00e1sbevon\u00e1ssal a v\u00e1llalatcsoport n\u00f6veked\u00e9si strat\u00e9gi\u00e1j\u00e1nak megval\u00f3s\u00edt\u00e1s\u00e1hoz szeretn\u00e9k a saj\u00e1t er\u0151t biztos\u00edtani. Ismertette: 38 milli\u00e1rd forint \u00e9rt\u00e9k\u0171 befektet\u00e9si lehet\u0151s\u00e9get azonos\u00edtottak be 2017-2019 k\u00f6z\u00f6tt, ennek 30 sz\u00e1zal\u00e9k\u00e1t a programb\u00f3l tervezik megval\u00f3s\u00edtani.<br \/>\n    Elmondta, a r\u00e9szv\u00e9nyek nyilv\u00e1nos forgalomba hozatal\u00e1n r\u00e9sztvev\u0151 befektet\u0151k a meg\u00e1llap\u00edtott 4600 \u00e9s 4900 forint k\u00f6z\u00f6tti \u00e1rs\u00e1v maximum\u00e1n, 4900 forintos \u00e1rfolyamon jegyezhetnek r\u00e9szv\u00e9nyt. A nyilv\u00e1nos forgalomba hozatalt k\u00f6vet\u0151en z\u00e1rul az int\u00e9zm\u00e9nyi befektet\u0151k r\u00e9sz\u00e9re a z\u00e1rtk\u00f6r\u0171 \u00e9rt\u00e9kes\u00edt\u00e9s, az \u00e1rs\u00e1von bel\u00fcli v\u00e9gleges r\u00e9szv\u00e9ny\u00e1rat a kibocs\u00e1t\u00f3 \u00e9s a vezet\u0151 forgalmaz\u00f3 a z\u00e1rtk\u00f6r\u0171 int\u00e9zm\u00e9nyi befektet\u0151i jegyz\u00e9sek alapj\u00e1n hat\u00e1rozza meg. A nyilv\u00e1nos \u00e9rt\u00e9kes\u00edt\u00e9sben r\u00e9sztvev\u0151k ugyanezen az \u00e1ron jutnak a r\u00e9szv\u00e9nyhez, \u00edgy ha a v\u00e9gleges \u00e1r kisebb lesz, mint a maximum \u00e1r, a k\u00fcl\u00f6nb\u00f6zetet visszakapj\u00e1k a nyilv\u00e1nos \u00e9rt\u00e9kes\u00edt\u00e9sben r\u00e9sztvev\u0151 befektet\u0151k &#8211; ismertette.<br \/>\n    ifj.Chik\u00e1n Attila k\u00f6z\u00f6lte: a t\u00e1rsas\u00e1g 22 l\u00e9tes\u00edtm\u00e9nyt \u00fczemeltet, fel\u00fck meg\u00fajul\u00f3 energi\u00e1t hasznos\u00edt\u00f3 egys\u00e9g, sz\u00e9l, v\u00edz, biomassza, biog\u00e1z, naper\u0151m\u0171. Ezek k\u00e9pesek egy nagy l\u00e9tes\u00edtm\u00e9nyk\u00e9nt is m\u0171k\u00f6dni, \u00fagynevezett virtu\u00e1lis er\u0151m\u0171k\u00e9nt &#8211; ismertette. A csoport a teljes \u00e9rt\u00e9kl\u00e1ncban jelen van: \u00e9p\u00edt, \u00fczemeltet er\u0151m\u0171veket, karbantart, energetikai szolg\u00e1ltat\u00e1sokat ny\u00fajt, \u00e9s az energia-kereskedelemben is r\u00e9szt vesz. Kis-, \u00e9s k\u00f6z\u00e9pv\u00e1llalati (kkv) szinten h\u00e1romezer fogyaszt\u00f3juk van.<br \/>\n    V\u00e9gh Rich\u00e1rd, a Budapesti \u00c9rt\u00e9kt\u0151zsde (B\u00c9T) vez\u00e9rigazgat\u00f3ja elmondta, hogy ez az idei \u00e9v els\u0151 nyilv\u00e1nos tranzakci\u00f3ja. A B\u00c9T \u00faj strat\u00e9gi\u00e1ja arra ir\u00e1nyul, hogy egyre t\u00f6bb v\u00e1llalat l\u00e9pjen be a t\u0151zsd\u00e9re \u00e9s a piacon kereszt\u00fcl vonjon be t\u0151k\u00e9t a fejleszt\u00e9seihez. A t\u0151zsde alapvet\u0151 funkci\u00f3ja innovat\u00edv v\u00e1llalatok t\u0151k\u00e9hez juttat\u00e1sa.<br \/>\n    Kiemelte: a h\u00e1ztart\u00e1sok vagyona 2011 \u00e9s 2015 k\u00f6z\u00f6tt 37 sz\u00e1zal\u00e9kkal, 11 ezer milli\u00e1rd forinttal n\u0151tt, a vagyon \u00e9rt\u00e9ke meghaladja a 41 ezer milli\u00e1rdot. A lakoss\u00e1g k\u00f6r\u00e9ben komoly befektet\u0151i potenci\u00e1l van, ahogy a hazai int\u00e9zm\u00e9nyi befektet\u0151k, a p\u00e9nzt\u00e1raknak, biztos\u00edt\u00f3knak \u00e9s befektet\u00e9si alapoknak is kev\u00e9s r\u00e9szv\u00e9nyt tartank a portfoli\u00f3jukban &#8211; mondta.<br \/>\n    Az Alteo-csoport 68 sz\u00e1zal\u00e9kkal, 6,783 milli\u00e1rd forintra n\u00f6velte \u00e1rbev\u00e9tel\u00e9t az id\u00e9n az els\u0151 f\u00e9l \u00e9vben az el\u0151z\u0151 \u00e9v azonos id\u0151szak\u00e1hoz k\u00e9pest, kamat-, ad\u00f3fizet\u00e9s \u00e9s amortiz\u00e1ci\u00f3 el\u0151tti eredm\u00e9nye (EBITDA) pedig 201 sz\u00e1zal\u00e9kos n\u00f6veked\u00e9ssel 1,645 milli\u00e1rd forintra emelkedett ugyanebben az id\u0151szakban.<br \/>\n(MTI)<\/p>\n","protected":false},"excerpt":{"rendered":"<p>Elind\u00edtotta az Alteo Energiaszolg\u00e1ltat\u00f3 Nyrt. r\u00e9szv\u00e9nyeinek els\u0151 nyilv\u00e1nos forgalomba hozatal\u00e1t h\u00e9tf\u0151n, a t\u0151keemel\u00e9st c\u00e9lz\u00f3 tranzakci\u00f3 h\u00e1rom h\u00e9tig, legk\u00e9s\u0151bb okt\u00f3ber 17-ig tart &#8211; jelentette be ifj. Chik\u00e1n Attila, az Alteo Group vez\u00e9rigazgat\u00f3ja sajt\u00f3t\u00e1j\u00e9koztat\u00f3n h\u00e9tf\u0151n, Budapesten.<\/p>\n","protected":false},"author":1,"featured_media":0,"comment_status":"open","ping_status":"closed","sticky":false,"template":"","format":"standard","meta":[],"categories":[7],"tags":[],"_links":{"self":[{"href":"https:\/\/gazdasagportal.hu\/index.php\/wp-json\/wp\/v2\/posts\/85046"}],"collection":[{"href":"https:\/\/gazdasagportal.hu\/index.php\/wp-json\/wp\/v2\/posts"}],"about":[{"href":"https:\/\/gazdasagportal.hu\/index.php\/wp-json\/wp\/v2\/types\/post"}],"author":[{"embeddable":true,"href":"https:\/\/gazdasagportal.hu\/index.php\/wp-json\/wp\/v2\/users\/1"}],"replies":[{"embeddable":true,"href":"https:\/\/gazdasagportal.hu\/index.php\/wp-json\/wp\/v2\/comments?post=85046"}],"version-history":[{"count":1,"href":"https:\/\/gazdasagportal.hu\/index.php\/wp-json\/wp\/v2\/posts\/85046\/revisions"}],"predecessor-version":[{"id":85047,"href":"https:\/\/gazdasagportal.hu\/index.php\/wp-json\/wp\/v2\/posts\/85046\/revisions\/85047"}],"wp:attachment":[{"href":"https:\/\/gazdasagportal.hu\/index.php\/wp-json\/wp\/v2\/media?parent=85046"}],"wp:term":[{"taxonomy":"category","embeddable":true,"href":"https:\/\/gazdasagportal.hu\/index.php\/wp-json\/wp\/v2\/categories?post=85046"},{"taxonomy":"post_tag","embeddable":true,"href":"https:\/\/gazdasagportal.hu\/index.php\/wp-json\/wp\/v2\/tags?post=85046"}],"curies":[{"name":"wp","href":"https:\/\/api.w.org\/{rel}","templated":true}]}}